{"id":127160,"date":"2025-12-27T14:58:09","date_gmt":"2025-12-27T14:58:09","guid":{"rendered":"https:\/\/www.europesays.com\/fi\/127160\/"},"modified":"2025-12-27T14:58:09","modified_gmt":"2025-12-27T14:58:09","slug":"hiihdon-mm-mitalistilta-shokki-ilmoitus-eva-urevc-lopettaa-2","status":"publish","type":"post","link":"https:\/\/www.europesays.com\/fi\/127160\/","title":{"rendered":"Hiihdon MM-mitalistilta shokki-ilmoitus: Eva Urevc lopettaa"},"content":{"rendered":"<p>Sprinttihiiht\u00e4j\u00e4n p\u00e4\u00e4t\u00f6s oli vaikea.<\/p>\n<p class=\"article-body mb-nof-24 px-nof-16\">Slovenialainen MM-mitalisti <a class=\"article-personlink\" href=\"https:\/\/www.is.fi\/haku\/?query=Eva%20Urevc\" rel=\"nofollow noopener\" target=\"_blank\">Eva Urevc<\/a>, 30, kertoo p\u00e4\u00e4tt\u00e4v\u00e4ns\u00e4 hiihtouransa. Urevc kertoi asiasta Instagramissa perjantaina.<\/p>\n<p class=\"article-body mb-nof-24 px-nof-16\">\u2013 T\u00e4m\u00e4n luvun p\u00e4\u00e4tt\u00e4minen ei ole helppoa, mutta se tuntuu rehelliselt\u00e4. Ilmoitan lopettavani urani maastohiiht\u00e4j\u00e4n\u00e4. Lause, jonka kirjoittaminen tuntuu yh\u00e4 ep\u00e4todelliselta, Urevc kirjoitti.<\/p>\n<p class=\"article-body mb-nof-24 px-nof-16\">Urevc kertoo, miten hiihto on ollut h\u00e4nen koko el\u00e4m\u00e4ns\u00e4, se on antanut tarkoitusta ja rakennetta el\u00e4m\u00e4\u00e4n, yst\u00e4vi\u00e4 ja muistoja. Se on my\u00f6s muovannut h\u00e4nest\u00e4 sen persoonaan, joka h\u00e4n on.<\/p>\n<p class=\"article-body mb-nof-24 px-nof-16\">Urevc voitti pariviestin MM-pronssia vuonna 2021 yhdess\u00e4 <a class=\"article-personlink\" href=\"https:\/\/www.is.fi\/haku\/?query=Anamarija%20Lampicin\" rel=\"nofollow noopener\" target=\"_blank\">Anamarija Lampicin<\/a> kanssa. Maailmancupissa paras henkil\u00f6kohtainen sijoitus oli viides vapaan sprintiss\u00e4.<\/p>\n<p class=\"article-body mb-nof-24 px-nof-16\">Hiiht\u00e4j\u00e4 kertoo, ett\u00e4 h\u00e4nell\u00e4 on ollut terveysongelmia, jotka ovat vet\u00e4neet h\u00e4net pois ladulta aina uudelleen ja uudelleen. Yrityksist\u00e4\u00e4n huolimatta h\u00e4n ei ole p\u00e4\u00e4ssyt en\u00e4\u00e4 haluamaansa kuntoon. H\u00e4n l\u00f6ysi itsens\u00e4 aina uudelleen tilanteesta, jotka jo luuli ohittaneensa ja se nakersi h\u00e4nt\u00e4.<\/p>\n<p class=\"article-body mb-nof-24 px-nof-16\">\u2013 Se ei ollut vain fyysist\u00e4. Olin mentaalisesti loppu taistelemaan jatkuvasti samoja taisteluita. Liekki, joka kerran paloi niin kirkkaasti, haaleni. En en\u00e4\u00e4 her\u00e4nnyt innostuneena, vaan v\u00e4syneen\u00e4.<\/p>\n<p class=\"article-body mb-nof-24 px-nof-16\">Niinp\u00e4 Urevc p\u00e4\u00e4tyi uransa vaikeimpaan p\u00e4\u00e4t\u00f6kseen, ja antoi olla.<\/p>\n<p class=\"article-body mb-nof-24 px-nof-16\">\u2013 Lopettaminen ei tarkoita, ett\u00e4 ep\u00e4onnistuin. Vaan sit\u00e4, ett\u00e4 kasvoin tarpeeksi rohkeaksi lopettaakseni taistelun, joka satutti minua.<\/p>\n<p class=\"article-body mb-nof-24 px-nof-16\">Urevc kertoo, ett\u00e4 nyt h\u00e4nen on helppo hengitt\u00e4\u00e4. Julkaisun p\u00e4\u00e4tteeksi h\u00e4n kertoo astuvansa uuteen el\u00e4m\u00e4nvaiheeseen kiitollisena, helpottuneena ja toiveikkaana.<\/p>\n<p class=\"article-body mb-nof-24 px-nof-16\">Suomessa Urevc her\u00e4tti huomiota Rukan maailmacupissa vuonna 2022 lihaksillaan. Rukan kentt\u00e4kuuluttajat tituleerasivat sprinttikarsinnassa Urevcia \u201dvahvimmaksi naishiiht\u00e4j\u00e4ksi\u201d.<\/p>\n<p class=\"article-body mb-nof-24 px-nof-16\">H\u00e4n oli mieliss\u00e4\u00e4n saamastaan tittelist\u00e4.<\/p>\n<p class=\"article-body mb-nof-24 px-nof-16\">\u2013 Olen vain hyvin lihaksikas, mutta en tied\u00e4 vahvimmasta&#8230; Ainakaan t\u00e4n\u00e4\u00e4n en ollut. Toki tuollaista on mukavaa kuulla, Urevc<a class=\"underline underline-offset-[0.12em] [text-decoration-thickness:var(--generic-link-underline-thickness)] [text-decoration-color:var(--generic-link-underline-color)] [text-decoration-skip-ink:var(--generic-link-underline-skip-ink)] break-words\" href=\"https:\/\/www.is.fi\/maastohiihto\/art-2000009226383.html\" rel=\"nofollow noopener\" target=\"_blank\"> kommentoi <\/a>tuolloin.<\/p>\n<p class=\"article-body mb-nof-24 px-nof-16\">Urevc jakaa Instagramissa runsaasti treenivideoita. Lopettamisilmoituksen allakin er\u00e4s kommentoija ehdottaa hiiht\u00e4j\u00e4lle seuraavaksi keskittymist\u00e4 hittilaji hyroxiin.<\/p>\n","protected":false},"excerpt":{"rendered":"Sprinttihiiht\u00e4j\u00e4n p\u00e4\u00e4t\u00f6s oli vaikea. Slovenialainen MM-mitalisti Eva Urevc, 30, kertoo p\u00e4\u00e4tt\u00e4v\u00e4ns\u00e4 hiihtouransa. Urevc kertoi asiasta Instagramissa perjantaina. \u2013&hellip;\n","protected":false},"author":2,"featured_media":127161,"comment_status":"","ping_status":"","sticky":false,"template":"","format":"standard","meta":{"footnotes":""},"categories":[5],"tags":[22,23,26,27,33,31,30,17,34,24,25,28,29,15,18,21,32,19,20,16],"class_list":{"0":"post-127160","1":"post","2":"type-post","3":"status-publish","4":"format-standard","5":"has-post-thumbnail","7":"category-otsikot","8":"tag-breaking-news","9":"tag-breakingnews","10":"tag-featured-news","11":"tag-featurednews","12":"tag-fi","13":"tag-finland","14":"tag-finnish","15":"tag-headlines","16":"tag-ilta-sanomat","17":"tag-latest-news","18":"tag-latestnews","19":"tag-main-news","20":"tag-mainnews","21":"tag-news","22":"tag-otsikot","23":"tag-paauutiset","24":"tag-suomi","25":"tag-top-stories","26":"tag-topstories","27":"tag-uutiset"},"share_on_mastodon":{"url":"https:\/\/pubeurope.com\/@fi\/115792124562893625","error":""},"_links":{"self":[{"href":"https:\/\/www.europesays.com\/fi\/wp-json\/wp\/v2\/posts\/127160","targetHints":{"allow":["GET"]}}],"collection":[{"href":"https:\/\/www.europesays.com\/fi\/wp-json\/wp\/v2\/posts"}],"about":[{"href":"https:\/\/www.europesays.com\/fi\/wp-json\/wp\/v2\/types\/post"}],"author":[{"embeddable":true,"href":"https:\/\/www.europesays.com\/fi\/wp-json\/wp\/v2\/users\/2"}],"replies":[{"embeddable":true,"href":"https:\/\/www.europesays.com\/fi\/wp-json\/wp\/v2\/comments?post=127160"}],"version-history":[{"count":0,"href":"https:\/\/www.europesays.com\/fi\/wp-json\/wp\/v2\/posts\/127160\/revisions"}],"wp:featuredmedia":[{"embeddable":true,"href":"https:\/\/www.europesays.com\/fi\/wp-json\/wp\/v2\/media\/127161"}],"wp:attachment":[{"href":"https:\/\/www.europesays.com\/fi\/wp-json\/wp\/v2\/media?parent=127160"}],"wp:term":[{"taxonomy":"category","embeddable":true,"href":"https:\/\/www.europesays.com\/fi\/wp-json\/wp\/v2\/categories?post=127160"},{"taxonomy":"post_tag","embeddable":true,"href":"https:\/\/www.europesays.com\/fi\/wp-json\/wp\/v2\/tags?post=127160"}],"curies":[{"name":"wp","href":"https:\/\/api.w.org\/{rel}","templated":true}]}}