{"id":127164,"date":"2025-12-27T15:13:13","date_gmt":"2025-12-27T15:13:13","guid":{"rendered":"https:\/\/www.europesays.com\/fi\/127164\/"},"modified":"2025-12-27T15:13:13","modified_gmt":"2025-12-27T15:13:13","slug":"wicked-tahti-ampui-katsojaluvut-koilliseen-huumorisarjan-jaksoa-tapitti-54-miljoonaa-silmaparia","status":"publish","type":"post","link":"https:\/\/www.europesays.com\/fi\/127164\/","title":{"rendered":"Wicked-t\u00e4hti ampui katsojaluvut koilliseen &#8211; Huumorisarjan jaksoa tapitti 5,4 miljoonaa silm\u00e4paria"},"content":{"rendered":"<p><strong>Ariana Granden<\/strong> (Wicked, Don\u2019t Look Up) juontama Saturday Night Liven joulujakso ker\u00e4si koko tuotantokauden parhaat katsojaluvut: 5,4 miljoonaa Yhdysvalloissa.<\/p>\n<p>Aiemmin ykk\u00f6sen\u00e4 ollut <strong>Bad Bunnyn <\/strong>juontama kauden avausjakso ker\u00e4si noin 4,6 miljoonaa katsojaa. Kyseess\u00e4 oli SNL:n katsotuin joulujakso viiteen vuoteen.<\/p>\n<p>Lue my\u00f6s: <a href=\"https:\/\/www.episodi.fi\/uutiset\/yksin-kotona-muuttui-final-destinationiksi-saturday-night-live-laittoi-verisen-vaihteen-paalle\/\" title=\"Yksin kotona muuttui Final Destinationiksi \u2013 Saturday Night Live laittoi verisen vaihteen p\u00e4\u00e4lle\" class=\"underline-custom !font-montserrat !font-bold !underline-offset-4 !decoration-4 !decoration-episodi-blue !text-md\" rel=\"nofollow noopener\" target=\"_blank\">Yksin kotona muuttui Final Destinationiksi \u2013 Saturday Night Live laittoi verisen vaihteen p\u00e4\u00e4lle<\/a><\/p>\n<p>Lue my\u00f6s: <a href=\"https:\/\/www.episodi.fi\/uutiset\/saturday-night-liven-kenties-kirkkain-tahti-jatettiin-syrjaan-50-vuotisjuhlista-loukkaannuin\/\" title=\"Saturday Night Liven kenties kirkkain t\u00e4hti j\u00e4tettiin syrj\u00e4\u00e4n 50-vuotisjuhlista \u2013 \u201dLoukkaannuin\u201d\" class=\"underline-custom !font-montserrat !font-bold !underline-offset-4 !decoration-4 !decoration-episodi-blue !text-md\" rel=\"nofollow noopener\" target=\"_blank\">Saturday Night Liven kenties kirkkain t\u00e4hti j\u00e4tettiin syrj\u00e4\u00e4n 50-vuotisjuhlista \u2013 \u201dLoukkaannuin\u201d<\/a><\/p>\n<p>Ertyisen viraaliksi nousi yhten\u00e4 jakson sketsin\u00e4 n\u00e4hty Yksin kotona -parodia, jossa Grande esitti Kevin McCallisteria. Alkuper\u00e4isess\u00e4 elokuvassa esitetty perheen l\u00e4mminhenkinen yhteenpaluu muuttui SNL:n k\u00e4sittelyss\u00e4 melkoisen v\u00e4kivaltaiseksi splatteriksi.<\/p>\n<p>Osa katsojista piti p\u00e4tk\u00e4\u00e4 traumatisoivana. Toisten mielest\u00e4 sketsi oli hulvaton.<\/p>\n<p>L\u00e4hde: <a href=\"https:\/\/www.thewrap.com\/creative-content\/tv-shows\/ariana-grande-snl-season-51-ratings-cher-bowen-yang\/\" rel=\"nofollow noopener\" target=\"_blank\">The Wrap<\/a><\/p>\n<p>\u200b<\/p>\n<p>Lue my\u00f6s: <a href=\"https:\/\/www.episodi.fi\/uutiskirje\/?uutiskirjemainos=tekstilinkkimainos\" title=\"Tilaa Episodin uutiskirje ja voit voittaa leffalippuja! Nappaa tv-vinkit suoraan s\u00e4hk\u00f6postiin t\u00e4st\u00e4.\" class=\"underline-custom !font-montserrat !font-bold !underline-offset-4 !decoration-4 !decoration-episodi-blue !text-md\" rel=\"nofollow noopener\" target=\"_blank\">Tilaa Episodin uutiskirje ja voit voittaa leffalippuja! Nappaa katseluvinkit suoraan s\u00e4hk\u00f6postiin t\u00e4st\u00e4.<\/a><\/p>\n<p>\t\t\t<a href=\"https:\/\/www.facebook.com\/sharer\/sharer.php?u=https:\/\/www.episodi.fi\/uutiset\/wicked-tahti-ampui-katsojaluvut-koilliseen-huumorisarjan-jaksoa-tapitti-54-miljoonaa-silmaparia\/\" target=\"_blank\" class=\"block px-4 py-2 text-sm text-gray-800 border-b hover:bg-gray-200\" rel=\"nofollow noopener\"><\/p>\n<p>\t\t\t\tFacebook<br \/>\n\t\t\t<\/a><br \/>\n\t\t\t<a href=\"https:\/\/twitter.com\/intent\/tweet?text=https:\/\/www.episodi.fi\/uutiset\/wicked-tahti-ampui-katsojaluvut-koilliseen-huumorisarjan-jaksoa-tapitti-54-miljoonaa-silmaparia\/\" target=\"_blank\" class=\"block px-4 py-2 text-sm text-gray-800 border-b hover:bg-gray-200\" rel=\"nofollow noopener\"><\/p>\n<p>\t\t\t\tTwitter<br \/>\n\t\t\t<\/a><br \/>\n\t\t\t<a href=\"mailto:?subject=Wicked-t\u00e4hti ampui katsojaluvut koilliseen \u2013 Huumorisarjan jaksoa tapitti 5,4 miljoonaa silm\u00e4paria&amp;body=https:\/\/www.episodi.fi\/uutiset\/wicked-tahti-ampui-katsojaluvut-koilliseen-huumorisarjan-jaksoa-tapitti-54-miljoonaa-silmaparia\/\" target=\"_blank\" class=\"block px-4 py-2 text-sm text-gray-800 border-b hover:bg-gray-200\"><\/p>\n<p>\t\t\t\tS\u00e4hk\u00f6posti<\/a><\/p>\n<p>\t\t\t\t<script async src=\"https:\/\/platform.twitter.com\/widgets.js\" charset=\"utf-8\"><\/script><\/p>\n","protected":false},"excerpt":{"rendered":"Ariana Granden (Wicked, Don\u2019t Look Up) juontama Saturday Night Liven joulujakso ker\u00e4si koko tuotantokauden parhaat katsojaluvut: 5,4 miljoonaa&hellip;\n","protected":false},"author":2,"featured_media":127165,"comment_status":"","ping_status":"","sticky":false,"template":"","format":"standard","meta":{"footnotes":""},"categories":[133],"tags":[11681,137,33,31,30,6976,32,206,156,109],"class_list":{"0":"post-127164","1":"post","2":"type-post","3":"status-publish","4":"format-standard","5":"has-post-thumbnail","7":"category-televisiot","8":"tag-ariana-grande","9":"tag-entertainment","10":"tag-fi","11":"tag-finland","12":"tag-finnish","13":"tag-saturday-night-live","14":"tag-suomi","15":"tag-televisiot","16":"tag-tv","17":"tag-viihde"},"share_on_mastodon":{"url":"https:\/\/pubeurope.com\/@fi\/115792183484406714","error":""},"_links":{"self":[{"href":"https:\/\/www.europesays.com\/fi\/wp-json\/wp\/v2\/posts\/127164","targetHints":{"allow":["GET"]}}],"collection":[{"href":"https:\/\/www.europesays.com\/fi\/wp-json\/wp\/v2\/posts"}],"about":[{"href":"https:\/\/www.europesays.com\/fi\/wp-json\/wp\/v2\/types\/post"}],"author":[{"embeddable":true,"href":"https:\/\/www.europesays.com\/fi\/wp-json\/wp\/v2\/users\/2"}],"replies":[{"embeddable":true,"href":"https:\/\/www.europesays.com\/fi\/wp-json\/wp\/v2\/comments?post=127164"}],"version-history":[{"count":0,"href":"https:\/\/www.europesays.com\/fi\/wp-json\/wp\/v2\/posts\/127164\/revisions"}],"wp:featuredmedia":[{"embeddable":true,"href":"https:\/\/www.europesays.com\/fi\/wp-json\/wp\/v2\/media\/127165"}],"wp:attachment":[{"href":"https:\/\/www.europesays.com\/fi\/wp-json\/wp\/v2\/media?parent=127164"}],"wp:term":[{"taxonomy":"category","embeddable":true,"href":"https:\/\/www.europesays.com\/fi\/wp-json\/wp\/v2\/categories?post=127164"},{"taxonomy":"post_tag","embeddable":true,"href":"https:\/\/www.europesays.com\/fi\/wp-json\/wp\/v2\/tags?post=127164"}],"curies":[{"name":"wp","href":"https:\/\/api.w.org\/{rel}","templated":true}]}}