{"id":127174,"date":"2025-12-27T15:23:09","date_gmt":"2025-12-27T15:23:09","guid":{"rendered":"https:\/\/www.europesays.com\/fi\/127174\/"},"modified":"2025-12-27T15:23:09","modified_gmt":"2025-12-27T15:23:09","slug":"jarvenpaan-kaupunginkirjaston-aukioloajat-saavat-pienen-muutoksen-paikalliset","status":"publish","type":"post","link":"https:\/\/www.europesays.com\/fi\/127174\/","title":{"rendered":"J\u00e4rvenp\u00e4\u00e4n kaupunginkirjaston aukioloajat saavat pienen muutoksen | Paikalliset"},"content":{"rendered":"<p>J\u00e4rvenp\u00e4\u00e4n kaupunginkirjaston perjantain aukioloajat muuttuvat 9.1.2026 alkaen. Muiden viikonp\u00e4ivien aukiolo- ja palveluajat s\u00e4ilyv\u00e4t ennallaan.<\/p>\n<p>Kirjasto on edelleen laajasti k\u00e4ytett\u00e4viss\u00e4 my\u00f6s perjantaisin omatoimi- ja itsepalvelumahdollisuuksien ansiosta. Omatoimikirjasto on ensi vuonna suljettuna perjantaisin kello 9\u201315 v\u00e4lill\u00e4, ja asiakaspalvelu sulkeutuu jo kello 15.<\/p>\n<p>Syksyll\u00e4 n\u00e4ytti viel\u00e4 silt\u00e4, ett\u00e4 radikaalimpiakin muutoksia kirjaston aukioloaikoihin voisi tulla. Kirjasto sai kuitenkin paljon palautetta, kun se palveli elokuussa supistetuin aukioloajoin.<\/p>\n<p>\t\t\t\t\t<img class=\"diks-card__image\" src=\"https:\/\/www.europesays.com\/fi\/wp-content\/uploads\/2025\/12\/10986205.jpg\"   loading=\"lazy\" decoding=\"sync\" alt=\"\"\/><\/p>\n<p><strong class=\"diks-storyline__impact\">Omatoimiaikana, kun kirjastossa<\/strong> ei ole henkil\u00f6kuntaa, p\u00e4\u00e4see kirjastoon kirjautumalla sis\u00e4\u00e4n kirjastokortilla ja tunnusluvulla. Omatoimikirjastossa voi asioida lainaus- ja palautusautomaateilla, noutaa varauksia ja k\u00e4ytt\u00e4\u00e4 lehtisalin asiakaskoneita. T\u00e4ll\u00f6in k\u00e4yt\u00f6ss\u00e4 on rajattu tila ja osa kokoelmista.<\/p>\n<p>Itsepalveluaikana voit k\u00e4ytt\u00e4\u00e4 kirjaston kaikkia kokoelmia, tiloja ja asiakaskoneita itsen\u00e4isesti sek\u00e4 noutaa varauksia. Asiakaspalveluaikana saa henkil\u00f6kunnalta tarvittaessa neuvontaa, tiedonhakua ja opastusta.<\/p>\n<p>Kirjaston ajankohtaiset aukioloajat voit aina tarkistaa asiakaspalvelupisteist\u00e4, kirjaston ulko-ovilta, <a href=\"https:\/\/kirkes.finna.fi\/\" rel=\"nofollow noopener\" target=\"_blank\">verkkokirjastosta<\/a> sek\u00e4 <a href=\"https:\/\/www.jarvenpaa.fi\/vapaa-aika-ja-harrastaminen\/kirjasto\" rel=\"nofollow noopener\" target=\"_blank\">kaupungin verkkosivuilta<\/a>.<\/p>\n<p>\t\t\t\tJ\u00e4rvenp\u00e4\u00e4n kaupunginkirjaston aukioloajat 9.1. alkaenItsepalveluaika<\/p>\n<p>ma-la klo 9\u201311<\/p>\n<p>ma-to klo 18\u201320<\/p>\n<p>Asiakaspalveluaika<\/p>\n<p>ma-to klo 11\u201318<\/p>\n<p>pe-la klo 11\u201315<\/p>\n<p>Omatoimikirjasto<\/p>\n<p>ma-to ja la-su klo 6\u201322<\/p>\n<p>pe klo 6\u20139 ja klo 15\u201322<\/p>\n","protected":false},"excerpt":{"rendered":"J\u00e4rvenp\u00e4\u00e4n kaupunginkirjaston perjantain aukioloajat muuttuvat 9.1.2026 alkaen. Muiden viikonp\u00e4ivien aukiolo- ja palveluajat s\u00e4ilyv\u00e4t ennallaan. Kirjasto on edelleen laajasti&hellip;\n","protected":false},"author":2,"featured_media":127175,"comment_status":"","ping_status":"","sticky":false,"template":"","format":"standard","meta":{"footnotes":""},"categories":[12],"tags":[22,23,2110,26,27,33,31,30,17,964,22541,24,25,3004,28,29,15,18,21,544,32,822,19,20,860,16],"class_list":{"0":"post-127174","1":"post","2":"type-post","3":"status-publish","4":"format-standard","5":"has-post-thumbnail","7":"category-suomi","8":"tag-breaking-news","9":"tag-breakingnews","10":"tag-elamantapa-ja-vapaa-aika","11":"tag-featured-news","12":"tag-featurednews","13":"tag-fi","14":"tag-finland","15":"tag-finnish","16":"tag-headlines","17":"tag-jarvenpaa","18":"tag-jarvenpaan-kaupunki","19":"tag-latest-news","20":"tag-latestnews","21":"tag-liiketoiminta","22":"tag-main-news","23":"tag-mainnews","24":"tag-news","25":"tag-otsikot","26":"tag-paauutiset","27":"tag-rahoitus-ja-kiinteistoala-sektori","28":"tag-suomi","29":"tag-teollisuustuotteet-ja-palvelut-sektori","30":"tag-top-stories","31":"tag-topstories","32":"tag-tyoelama","33":"tag-uutiset"},"share_on_mastodon":{"url":"https:\/\/pubeurope.com\/@fi\/115792223251990769","error":""},"_links":{"self":[{"href":"https:\/\/www.europesays.com\/fi\/wp-json\/wp\/v2\/posts\/127174","targetHints":{"allow":["GET"]}}],"collection":[{"href":"https:\/\/www.europesays.com\/fi\/wp-json\/wp\/v2\/posts"}],"about":[{"href":"https:\/\/www.europesays.com\/fi\/wp-json\/wp\/v2\/types\/post"}],"author":[{"embeddable":true,"href":"https:\/\/www.europesays.com\/fi\/wp-json\/wp\/v2\/users\/2"}],"replies":[{"embeddable":true,"href":"https:\/\/www.europesays.com\/fi\/wp-json\/wp\/v2\/comments?post=127174"}],"version-history":[{"count":0,"href":"https:\/\/www.europesays.com\/fi\/wp-json\/wp\/v2\/posts\/127174\/revisions"}],"wp:featuredmedia":[{"embeddable":true,"href":"https:\/\/www.europesays.com\/fi\/wp-json\/wp\/v2\/media\/127175"}],"wp:attachment":[{"href":"https:\/\/www.europesays.com\/fi\/wp-json\/wp\/v2\/media?parent=127174"}],"wp:term":[{"taxonomy":"category","embeddable":true,"href":"https:\/\/www.europesays.com\/fi\/wp-json\/wp\/v2\/categories?post=127174"},{"taxonomy":"post_tag","embeddable":true,"href":"https:\/\/www.europesays.com\/fi\/wp-json\/wp\/v2\/tags?post=127174"}],"curies":[{"name":"wp","href":"https:\/\/api.w.org\/{rel}","templated":true}]}}