{"id":127177,"date":"2025-12-27T15:36:07","date_gmt":"2025-12-27T15:36:07","guid":{"rendered":"https:\/\/www.europesays.com\/fi\/127177\/"},"modified":"2025-12-27T15:36:07","modified_gmt":"2025-12-27T15:36:07","slug":"muistatko-bb-nikon-tienannut-18-miljoonaa-euroa-parissa-vuodessa","status":"publish","type":"post","link":"https:\/\/www.europesays.com\/fi\/127177\/","title":{"rendered":"Muistatko BB-Nikon &#8211; tienannut 1,8 miljoonaa euroa parissa vuodessa"},"content":{"rendered":"<p>Big Brother vuonna 2008. Niko Saarinen poistetaan BB-talosta ja h\u00e4nest\u00e4 tulee julkkis.<\/p>\n<p>Kukaan ei kuitenkaan uskonut millainen julkkis. H\u00e4n on sit\u00e4 edelleen, 17 vuotta j\u00e4lkeenp\u00e4in.<\/p>\n<p>Lue my\u00f6s: <a href=\"https:\/\/www.como.fi\/uutiset\/tytoille-nama-2-asiaa-olet-aina-halunnut-tietaa-niko-saarisesta\/\" title=\"Tyt\u00f6ille: N\u00e4m\u00e4 2 asiaa olet aina halunnut tiet\u00e4\u00e4 Niko Saarisesta!\" class=\"underline-custom !font-montserrat !font-bold !underline-offset-4 !decoration-4 !decoration-red-600 !text-md\" rel=\"nofollow noopener\" target=\"_blank\">Tyt\u00f6ille: N\u00e4m\u00e4 2 asiaa olet aina halunnut tiet\u00e4\u00e4 Niko Saarisesta!<\/a><\/p>\n<p>Vantaassa on virrannut paljon vett\u00e4 sen j\u00e4lkeen, kun Keravan Lidlin ty\u00f6ntekij\u00e4st\u00e4 on tullut suuri suomalainen viihdevaikuttaja.<\/p>\n<p>Nevah\u00f6\u00f6d-lausahduksesta tuli my\u00f6s yrityksen nimi<\/p>\n<p>Niko on juontanut radiossa ja tv:ss\u00e4 ja voittanut pari kertaa per\u00e4tysten Vuoden radiojuontajan tittelin. Kansa tuntuu rakastavan Saarista, ja se n\u00e4kyy my\u00f6s h\u00e4nen yrityksens\u00e4 tuloksessa.<\/p>\n<p>Lue my\u00f6s: <a href=\"https:\/\/www.como.fi\/uutiset\/il-niko-saarinen-tilasi-woltista-1500-eurolla-mita-kotiin-tuotiin\/\" title=\"IL: Niko Saarinen tilasi Woltista 1500 eurolla \u2013 mit\u00e4 kotiin tuotiin?\" class=\"underline-custom !font-montserrat !font-bold !underline-offset-4 !decoration-4 !decoration-red-600 !text-md\" rel=\"nofollow noopener\" target=\"_blank\">IL: Niko Saarinen tilasi Woltista 1500 eurolla \u2013 mit\u00e4 kotiin tuotiin?<\/a><\/p>\n<p>Lue my\u00f6s: <a href=\"https:\/\/www.como.fi\/uutiset\/niko-saarinen-ja-jari-sillanpaa-siis-mita-ihmetta\/\" title=\"\u201dNiko Saarinen ja Jari Sillanp\u00e4\u00e4 \u2013 siis mit\u00e4 ihmett\u00e4!\u201d\" class=\"underline-custom !font-montserrat !font-bold !underline-offset-4 !decoration-4 !decoration-red-600 !text-md\" rel=\"nofollow noopener\" target=\"_blank\">\u201dNiko Saarinen ja Jari Sillanp\u00e4\u00e4 \u2013 siis mit\u00e4 ihmett\u00e4!\u201d<\/a><\/p>\n<p>Nevah\u00f6\u00f6d Oy on olemassa olonsa aikana, kolmen vuoden periodilla, saalistanut kasaan 1,8 miljoonaa euroa liikevaihtoa. <\/p>\n<p>Voidaan puhua Saarisen \u201dtienesteist\u00e4\u201d, sill\u00e4 yritys on yhden miehen firma ja se nojaa t\u00e4ysin omistajansa n\u00e4kyvyysstatukseen.<\/p>\n<p>Viimeisin liikevaihto oli enn\u00e4tysm\u00e4inen. 846 000 euroa tuotti viivan alle 378 000 euroa.<\/p>\n<p>Firmalla on velkaa. Omavaraisuusaste nousee vain 70 prosenttiin. Velkaa on yli 325 000 euroa taseen mukaan.<\/p>\n<p>Mutta on Niko saanut tienestej\u00e4\u00e4n s\u00e4\u00e4st\u00f6\u00f6n ja sijoituksiinkin \u2013 oma p\u00e4\u00e4oma on kasvanut vuosi vuodelta, ja nyt sit\u00e4 on 862 000 euroa. <\/p>\n","protected":false},"excerpt":{"rendered":"Big Brother vuonna 2008. Niko Saarinen poistetaan BB-talosta ja h\u00e4nest\u00e4 tulee julkkis. Kukaan ei kuitenkaan uskonut millainen julkkis.&hellip;\n","protected":false},"author":2,"featured_media":127178,"comment_status":"","ping_status":"","sticky":false,"template":"","format":"standard","meta":{"footnotes":""},"categories":[136],"tags":[407,137,33,31,30,408,2840,32,109],"class_list":{"0":"post-127177","1":"post","2":"type-post","3":"status-publish","4":"format-standard","5":"has-post-thumbnail","7":"category-julkkikset","8":"tag-celebrities","9":"tag-entertainment","10":"tag-fi","11":"tag-finland","12":"tag-finnish","13":"tag-julkkikset","14":"tag-niko-saarinen","15":"tag-suomi","16":"tag-viihde"},"share_on_mastodon":{"url":"https:\/\/pubeurope.com\/@fi\/115792273951523026","error":""},"_links":{"self":[{"href":"https:\/\/www.europesays.com\/fi\/wp-json\/wp\/v2\/posts\/127177","targetHints":{"allow":["GET"]}}],"collection":[{"href":"https:\/\/www.europesays.com\/fi\/wp-json\/wp\/v2\/posts"}],"about":[{"href":"https:\/\/www.europesays.com\/fi\/wp-json\/wp\/v2\/types\/post"}],"author":[{"embeddable":true,"href":"https:\/\/www.europesays.com\/fi\/wp-json\/wp\/v2\/users\/2"}],"replies":[{"embeddable":true,"href":"https:\/\/www.europesays.com\/fi\/wp-json\/wp\/v2\/comments?post=127177"}],"version-history":[{"count":0,"href":"https:\/\/www.europesays.com\/fi\/wp-json\/wp\/v2\/posts\/127177\/revisions"}],"wp:featuredmedia":[{"embeddable":true,"href":"https:\/\/www.europesays.com\/fi\/wp-json\/wp\/v2\/media\/127178"}],"wp:attachment":[{"href":"https:\/\/www.europesays.com\/fi\/wp-json\/wp\/v2\/media?parent=127177"}],"wp:term":[{"taxonomy":"category","embeddable":true,"href":"https:\/\/www.europesays.com\/fi\/wp-json\/wp\/v2\/categories?post=127177"},{"taxonomy":"post_tag","embeddable":true,"href":"https:\/\/www.europesays.com\/fi\/wp-json\/wp\/v2\/tags?post=127177"}],"curies":[{"name":"wp","href":"https:\/\/api.w.org\/{rel}","templated":true}]}}