{"id":127186,"date":"2025-12-27T15:49:09","date_gmt":"2025-12-27T15:49:09","guid":{"rendered":"https:\/\/www.europesays.com\/fi\/127186\/"},"modified":"2025-12-27T15:49:09","modified_gmt":"2025-12-27T15:49:09","slug":"matkustajakone-ja-pienkone-ajautuivat-lumipenkkaan-kittilassa-matkustajille-kerrottu-etta-kentta-on-suljettu-kovan-tuulen-vuoksi","status":"publish","type":"post","link":"https:\/\/www.europesays.com\/fi\/127186\/","title":{"rendered":"Matkustajakone ja pienkone ajautuivat lumipenkkaan Kittil\u00e4ss\u00e4 \u2013 matkustajille kerrottu, ett\u00e4 kentt\u00e4 on suljettu kovan tuulen vuoksi"},"content":{"rendered":"<p>    <img decoding=\"async\" class=\"responsive-image article__image-image lozad\"   src=\"https:\/\/www.europesays.com\/fi\/wp-content\/uploads\/2025\/12\/DWBQd8ndWjM-3GYPjCxr0KNu5LGQBjlw7iMuvl28w5cvI2rAzqWn7vUIxP_4OhiEZWZ6hnfIkiZXiBsgVHbl95R6eux0nDCv2kL1.jpeg\" alt=\"Matkustajille on tiedotettu, ett\u00e4 kentt\u00e4 on kiinni kovan tuulen vuoksi. Ihmiset ovat ottaneet tiedon rauhallisesti.\"\/><\/p>\n<p>\n                Matkustajille on tiedotettu, ett\u00e4 kentt\u00e4 on kiinni kovan tuulen vuoksi. Ihmiset ovat ottaneet tiedon rauhallisesti.\n              <\/p>\n<p>\n                Kuva: MIIA TIKKUNEN\n              <\/p>\n<p class=\"article__paragraph\">\n      Matkustajakone ja pienkone ajautuivat lumipenkkaan kovan tuulen vuoksi Kittil\u00e4n lentokent\u00e4ll\u00e4.\n    <\/p>\n<p class=\"article__paragraph\">\n      H\u00e4lytys suuresta lento-onnettomuudesta tuli 16 j\u00e4lkeen lauantaina.\n    <\/p>\n<p class=\"article__paragraph\">\n      Pelastuslaitoksen mukaan matkustajakone ja pienkone ajautuivat lumipenkkaan lentokent\u00e4n rullaustiell\u00e4 kovan tuulen vaikutuksesta.\n    <\/p>\n<p class=\"article__paragraph\">\n      \u2013 Tietojemme mukaan kukaan ei ole loukkaantunut tilanteessa.\n    <\/p>\n<p class=\"article__paragraph\">\n      Matkustajakoneessa on noin 150 matkustajaa ja pienkoneessa alle 10 matkustajaa.\n    <\/p>\n<p class=\"article__paragraph\">\n      \u2013\u202fKoneet eiv\u00e4t t\u00f6rm\u00e4nneet toisiinsa miss\u00e4\u00e4n vaiheessa.\n    <\/p>\n<p class=\"article__paragraph\">\n      Pelastustoimen yksik\u00f6t varmistavat tilannetta Kittil\u00e4n lentoasemalla yhdess\u00e4 Finavian henkil\u00f6kunnan kanssa.\n    <\/p>\n<p class=\"article__paragraph\">\n      Paikalle h\u00e4lytettiin yhdeks\u00e4n pelastuslaitoksen yksikk\u00f6\u00e4.\n    <\/p>\n<p class=\"article__paragraph\">\n      Kittil\u00e4ss\u00e4 on parhaillaan hyvin voimakas tuuli.\n    <\/p>\n<p class=\"article__paragraph\">\n      Tavoitimme Kittil\u00e4n lentokent\u00e4lt\u00e4 Miia Tikkusen, joka oli l\u00e4hd\u00f6ss\u00e4 Helsinkiin kello 18 j\u00e4lkeen l\u00e4htev\u00e4ll\u00e4 lennolla tytt\u00e4rens\u00e4 kanssa.\n    <\/p>\n<p class=\"article__paragraph\">\n      \u2013 T\u00e4ll\u00e4 tietoa emme ole l\u00e4hd\u00f6ss\u00e4. Juuri tuli uusi kuulutus, ett\u00e4 kentt\u00e4 pysyy edelleen suljettuna.\n    <\/p>\n<p>    <img decoding=\"async\" class=\"responsive-image article__image-image lozad\"   src=\"https:\/\/www.europesays.com\/fi\/wp-content\/uploads\/2025\/12\/a3KjIN6PRe6Q-U_xlK0VB0KWrM-YpnOFmf7v-c8rY6jM4HxH5Kzl1J1P--qFS4hC1u4dQZ08OoJxqOgsYwMVktdgq84HtO6zYMAD.jpeg\" alt=\"-\"\/><\/p>\n<p class=\"article__paragraph\">\n      Tikkunen sanoo, ettei h\u00e4nell\u00e4 ole viel\u00e4 tarkempaa tietoa omasta lennosta.\n    <\/p>\n<p class=\"article__paragraph\">\n      \u2013\u202fFlight radarin mukaan koneet kiert\u00e4v\u00e4t kent\u00e4n p\u00e4\u00e4ll\u00e4 eli antaisi osviittaa siit\u00e4, ett\u00e4 kentt\u00e4 aukeaa pian, h\u00e4n pohtii.\n    <\/p>\n<p class=\"article__paragraph\">\n      Terminaalissa ei Tikkusen mukaan n\u00e4kynyt h\u00e4lytyksen j\u00e4lkeen mit\u00e4\u00e4n ihmeellist\u00e4, eik\u00e4 ulkopuolellakaan n\u00e4kynyt h\u00e4lytysajoneuvoja.\n    <\/p>\n<p class=\"article__paragraph\">\n      \u2013\u202fKent\u00e4n sulkeminen ei n\u00e4yt\u00e4 haittaavan tai huolestuttavan ihmisi\u00e4. Kaikki vaan hengaavat rauhallisesti, h\u00e4n kertoo.\n    <\/p>\n<p class=\"article__paragraph\">\n      Kittil\u00e4st\u00e4 olisi l\u00e4hd\u00f6ss\u00e4 illan aikana viel\u00e4 toistakymment\u00e4 lentoa, saapuvia lentoja olisi pit\u00e4nyt olla yhdeks\u00e4n.\n    <\/p>\n<p>    <img decoding=\"async\" class=\"responsive-image article__image-image lozad\"   src=\"https:\/\/www.europesays.com\/fi\/wp-content\/uploads\/2025\/12\/SsFhcTdrdt15BX1XJ3Wn2OsosqP7fMd8GxZBT09n6Wy_ZDqP8pe86ejTzcqWVuUVJjG3V_SxLy_IPhRWAxXHbn9y8b1wfFcB9hQo.jpeg\" alt=\"Kittil\u00e4n lentoasemalla tiedotetaan kent\u00e4n olevan suljettu eritt\u00e4in vaikeiden s\u00e4\u00e4olosuhteiden vuoksi.\"\/><\/p>\n<p>\n                Kittil\u00e4n lentoasemalla tiedotetaan kent\u00e4n olevan suljettu eritt\u00e4in vaikeiden s\u00e4\u00e4olosuhteiden vuoksi.\n              <\/p>\n<p>\n                Kuva: Miia Tikkunen\n              <\/p>\n<p class=\"article__paragraph\">\n      Uutinen p\u00e4ivittyy.\u00a0\n    <\/p>\n","protected":false},"excerpt":{"rendered":"Matkustajille on tiedotettu, ett\u00e4 kentt\u00e4 on kiinni kovan tuulen vuoksi. Ihmiset ovat ottaneet tiedon rauhallisesti. Kuva: MIIA TIKKUNEN&hellip;\n","protected":false},"author":2,"featured_media":127187,"comment_status":"","ping_status":"","sticky":false,"template":"","format":"standard","meta":{"footnotes":""},"categories":[12],"tags":[22,23,26,27,33,31,30,17,24,25,28,29,15,18,21,32,19,20,16],"class_list":{"0":"post-127186","1":"post","2":"type-post","3":"status-publish","4":"format-standard","5":"has-post-thumbnail","7":"category-suomi","8":"tag-breaking-news","9":"tag-breakingnews","10":"tag-featured-news","11":"tag-featurednews","12":"tag-fi","13":"tag-finland","14":"tag-finnish","15":"tag-headlines","16":"tag-latest-news","17":"tag-latestnews","18":"tag-main-news","19":"tag-mainnews","20":"tag-news","21":"tag-otsikot","22":"tag-paauutiset","23":"tag-suomi","24":"tag-top-stories","25":"tag-topstories","26":"tag-uutiset"},"share_on_mastodon":{"url":"https:\/\/pubeurope.com\/@fi\/115792325468814329","error":""},"_links":{"self":[{"href":"https:\/\/www.europesays.com\/fi\/wp-json\/wp\/v2\/posts\/127186","targetHints":{"allow":["GET"]}}],"collection":[{"href":"https:\/\/www.europesays.com\/fi\/wp-json\/wp\/v2\/posts"}],"about":[{"href":"https:\/\/www.europesays.com\/fi\/wp-json\/wp\/v2\/types\/post"}],"author":[{"embeddable":true,"href":"https:\/\/www.europesays.com\/fi\/wp-json\/wp\/v2\/users\/2"}],"replies":[{"embeddable":true,"href":"https:\/\/www.europesays.com\/fi\/wp-json\/wp\/v2\/comments?post=127186"}],"version-history":[{"count":0,"href":"https:\/\/www.europesays.com\/fi\/wp-json\/wp\/v2\/posts\/127186\/revisions"}],"wp:featuredmedia":[{"embeddable":true,"href":"https:\/\/www.europesays.com\/fi\/wp-json\/wp\/v2\/media\/127187"}],"wp:attachment":[{"href":"https:\/\/www.europesays.com\/fi\/wp-json\/wp\/v2\/media?parent=127186"}],"wp:term":[{"taxonomy":"category","embeddable":true,"href":"https:\/\/www.europesays.com\/fi\/wp-json\/wp\/v2\/categories?post=127186"},{"taxonomy":"post_tag","embeddable":true,"href":"https:\/\/www.europesays.com\/fi\/wp-json\/wp\/v2\/tags?post=127186"}],"curies":[{"name":"wp","href":"https:\/\/api.w.org\/{rel}","templated":true}]}}