{"id":127188,"date":"2025-12-27T15:50:10","date_gmt":"2025-12-27T15:50:10","guid":{"rendered":"https:\/\/www.europesays.com\/fi\/127188\/"},"modified":"2025-12-27T15:50:10","modified_gmt":"2025-12-27T15:50:10","slug":"sivert-bakkenin-kuolema-laakarit-varoittavat-liian-vahaisesta-hapensaannista-2","status":"publish","type":"post","link":"https:\/\/www.europesays.com\/fi\/127188\/","title":{"rendered":"Sivert Bakkenin kuolema: L\u00e4\u00e4k\u00e4rit varoittavat liian v\u00e4h\u00e4isest\u00e4 hapensaannista"},"content":{"rendered":"<p>Ampumahiihto|Uusi tieto Bakkenin kuolemasta viittaa suureen riskinottoon.<\/p>\n<p class=\"article-body mb-nof-24 px-nof-16\">Tiistaina 23. joulukuuta <a class=\"underline underline-offset-[0.12em] [text-decoration-thickness:var(--generic-link-underline-thickness)] [text-decoration-color:var(--generic-link-underline-color)] [text-decoration-skip-ink:var(--generic-link-underline-skip-ink)] break-words\" href=\"https:\/\/www.is.fi\/ampumahiihto\/art-2000011713522.html\" rel=\"nofollow noopener\" target=\"_blank\">uutisoitiin <\/a>norjalaisen ampumahiiht\u00e4j\u00e4 <a class=\"article-personlink\" href=\"https:\/\/www.hs.fi\/haku\/?query=Sivert%20Bakkenin\" rel=\"nofollow noopener\" target=\"_blank\">Sivert Bakkenin<\/a> traagisesta kuolemasta.<\/p>\n<p class=\"article-body mb-nof-24 px-nof-16\">Hotellihuoneesta kuolleena l\u00f6ydetyll\u00e4 Bakkenilla, 27, oli kasvoillaan harjoittelumaski, joka rajoittaa hapenottokyky\u00e4. Sen avulla simuloidaan korkean paikan harjoittelua.<\/p>\n<p class=\"article-body mb-nof-24 px-nof-16\">Norjalaislehti VG julkaisi torstaina artikkelin, jossa korkeanpaikan harjoitteluun erikoistunut tutkija <a class=\"article-personlink\" href=\"https:\/\/www.hs.fi\/haku\/?query=Carsten%20Lundby\" rel=\"nofollow noopener\" target=\"_blank\">Carsten Lundby<\/a> kertoi, ett\u00e4 maskien toimivuudesta on \u201dl\u00e4hes olemattomasti tutkimusn\u00e4ytt\u00f6\u00e4\u201d.<\/p>\n<p class=\"article-body mb-nof-24 px-nof-16\">\u201dSilti niit\u00e4 k\u00e4ytt\u00e4\u00e4 suuri joukko ihmisi\u00e4\u201d, Lundby kertoi.<\/p>\n<p class=\"article-body mb-nof-24 px-nof-16\">T\u00e4ss\u00e4 vaiheessa Bakkenin k\u00e4ytt\u00e4m\u00e4st\u00e4 maskista on hyvin v\u00e4h\u00e4n tietoa, ja kuolinsyyntutkinta on yh\u00e4 kesken.<\/p>\n<p class=\"article-body mb-nof-24 px-nof-16\">Lauantaina norjalaislehti VG kertoi, ett\u00e4 maski olisi asetettu simuloimaan hurjaa 7\u202f000 metrin korkeutta.<\/p>\n<p class=\"article-body mb-nof-24 px-nof-16\">HS haastatteli kahta aihepiirin tuntevaa l\u00e4\u00e4k\u00e4ri\u00e4 yleisell\u00e4 tasolla siit\u00e4, millaisia vaikutuksia hapenottokyky\u00e4 rajoittavan maskin k\u00e4ytt\u00e4misell\u00e4 jo valmiiksi korkealla majailtaessa voi olla.<\/p>\n<p><img decoding=\"async\" src=\"https:\/\/www.europesays.com\/fi\/wp-content\/uploads\/2025\/12\/1766844370_836_468.jpg\" alt=\"Sivert Bakken (kesk.) sijoittui viime viikolla Annecyn pikakisassa viidenneksi.\" class=\"_Img_1rerz_1\" style=\"aspect-ratio:1.5\" loading=\"eager\"\/><\/p>\n<p class=\"article-picture-caption\">Sivert Bakken (kesk.) sijoittui viime viikolla Annecyn pikakisassa viidenneksi. Kuva:\u00a0Richard Merlen<\/p>\n<p class=\"article-body mb-nof-24 px-nof-16\">Painel\u00e4\u00e4ketieteeseen perehtynyt emeritusprofessori, l\u00e4\u00e4ketieteen tohtori <a class=\"article-personlink\" href=\"https:\/\/www.hs.fi\/haku\/?query=Jukka%20Ylikoski\" rel=\"nofollow noopener\" target=\"_blank\">Jukka Ylikoski<\/a> ei pid\u00e4 t\u00e4llaisen maskin k\u00e4ytt\u00e4mist\u00e4 jo valmiiksi korkeissa olosuhteissa j\u00e4rkev\u00e4n\u00e4.<\/p>\n<p class=\"article-body mb-nof-24 px-nof-16\">Ylikoski huomauttaa, ett\u00e4 maskeja ei ole tarkoitettu vuoristoharjoitteluun vaan vuoristoharjoittelun korvaajaksi.<\/p>\n<p class=\"article-body mb-nof-24 px-nof-16\">Tieto, ett\u00e4 Bakkenilla oli vuorella maski kasvoillaan, tuntuu Ylikosken mielest\u00e4 erikoiselta.<\/p>\n<p class=\"article-body mb-nof-24 px-nof-16\">\u201dJo pelkk\u00e4 oleskelu 1\u202f800\u20132\u202f400 metriss\u00e4 v\u00e4hent\u00e4\u00e4 ilmanpainetta niin, ett\u00e4 hapensaanti vastaa hengitysilman 15\u201317 prosentin happipitoisuutta\u201d, Ylikoski kertoo s\u00e4hk\u00f6postitse.<\/p>\n<p class=\"article-body mb-nof-24 px-nof-16\">Kun Ylikoski kuulee, ett\u00e4 maski oli mediatietojen mukaan asetettu simuloimaan jopa 7\u202f000 metrin korkeutta, h\u00e4n korostaa t\u00e4llaisen toiminnan olevan hengenvaarallista. Hapensaanti tippuu liian nopeasti liian alas.<\/p>\n<p class=\"article-body mb-nof-24 px-nof-16\">\u201dEnsimm\u00e4inen oire on usein sellainen, ett\u00e4 kognitio h\u00e4iriintyy eli j\u00e4rkev\u00e4 toimintakyky h\u00e4vi\u00e4\u00e4. T\u00e4ll\u00f6in ihminen ei tajua, mit\u00e4 pit\u00e4isi tehd\u00e4 eik\u00e4 ymm\u00e4rr\u00e4 ottaa maskia pois kasvoiltaan\u201d, Ylikoski kertoo yleisell\u00e4 tasolla.<\/p>\n<p class=\"article-body mb-nof-24 px-nof-16\">Ylikoski mainitsee, ett\u00e4 noin 2\u202f500 metrin korkeudella oleminen on viel\u00e4 tutkitusti melko turvallista, mutta esimerkiksi 8\u202f000 metri\u00e4 on jo niin sanotulla \u201ddeath zonella\u201d.<\/p>\n<p class=\"article-body mb-nof-24 px-nof-16\">\u201dSill\u00e4 korkeudella tottumaton kuolee nopeasti.\u201d<\/p>\n<p class=\"article-body mb-nof-24 px-nof-16\">Ylikoski my\u00f6s konkretisoi, mit\u00e4 kuvatunkaltaisessa tilanteessa saattaisi tapahtua.<\/p>\n<p class=\"article-body mb-nof-24 px-nof-16\">H\u00e4n kertoo, ett\u00e4 7\u202f000 metriin asetettua maskia k\u00e4ytt\u00e4ess\u00e4 hapensaanti on reilusti alle puolet normaalista. Kun maskin k\u00e4ytt\u00e4j\u00e4 on jo valmiiksi noin 1\u202f800 metrin korkeudella, t\u00e4m\u00e4 itse asiassa nukkuu death zonen yl\u00e4puolella suunnilleen Mount Everestin huipun korkeudessa (8\u202f847 metri\u00e4).<\/p>\n<p class=\"article-body mb-nof-24 px-nof-16\">\u201dSiell\u00e4 saadun hapen m\u00e4\u00e4r\u00e4 on vain kolmannes normaalista. Siin\u00e4 tilanteessa kukaan akklimatisoitumaton eli ilmaston merkitt\u00e4v\u00e4\u00e4n muutokseen sopeutumaton ei voi s\u00e4ily\u00e4 hengiss\u00e4.\u201d<\/p>\n<p class=\"article-body mb-nof-24 px-nof-16\">Koska riskit ovat merkitt\u00e4v\u00e4t, Ylikoski toivoisi vastaavia harjoittelumaskeja k\u00e4ytt\u00e4vien ihmisten tiedostavan, millaisen asian kanssa ovat tekemisiss\u00e4.<\/p>\n<p><img decoding=\"async\" src=\"https:\/\/www.europesays.com\/fi\/wp-content\/uploads\/2025\/12\/1766844370_769_468.jpg\" alt=\"Jukka Ylikoski on perehtynyt painel\u00e4\u00e4ketieteeseen.\" class=\"_Img_1rerz_1\" style=\"aspect-ratio:1.5\" loading=\"eager\"\/><\/p>\n<p class=\"article-picture-caption\">Jukka Ylikoski on perehtynyt painel\u00e4\u00e4ketieteeseen. Kuva:\u00a0Kaisa Rautaheimo \/ HS<\/p>\n<p class=\"article-body mb-nof-24 px-nof-16\">Soutaja, l\u00e4\u00e4k\u00e4ri ja v\u00e4it\u00f6skirjatutkija <a class=\"article-personlink\" href=\"https:\/\/www.hs.fi\/haku\/?query=Joel%20Naukkarinen\" rel=\"nofollow noopener\" target=\"_blank\">Joel Naukkarinen<\/a> pit\u00e4\u00e4 korkeanpaikanharjoittelua simuloivia menetelmi\u00e4, kuten harjoitusmaskeja, alppitelttoja ja -majoja, hy\u00f6dyllisin\u00e4 apukeinoina huippu-urheilijoille.<\/p>\n<p class=\"article-body mb-nof-24 px-nof-16\">H\u00e4n painottaa, ettei Bakkenin k\u00e4ytt\u00e4m\u00e4st\u00e4 laitteesta ole viel\u00e4 julkisuudessa tarkkaa tietoa.<\/p>\n<p class=\"article-body mb-nof-24 px-nof-16\">\u201dOn edelleen ep\u00e4selv\u00e4\u00e4, millainen laite ja mill\u00e4 asetuksilla se on ollut k\u00e4yt\u00f6ss\u00e4. L\u00e4\u00e4kinn\u00e4llisten laitteiden lis\u00e4ksi urheiluun suunnattuja laitteita on olemassa paljon erilaisia, ja niihin voi liitty\u00e4 riskej\u00e4 esimerkiksi vikatilanteissa\u201d, Naukkarinen sanoo.<\/p>\n<p class=\"article-body mb-nof-24 px-nof-16\">Uusi mediatieto, jonka mukaan laitteen asetus on vastannut 7\u202f000 metrin korkeutta, saa Naukkarisen pohtimaan entist\u00e4 tarkemmin, millainen maski Bakkenilla on ollut k\u00e4yt\u00f6ss\u00e4\u00e4n.<\/p>\n<p class=\"article-body mb-nof-24 px-nof-16\">\u201dOnkohan laite sellainen, joka ottaa huomioon todellisen korkeuden? Vai onko hapen osapaine viel\u00e4 selv\u00e4sti matalampi, kun laitetta k\u00e4ytet\u00e4\u00e4n vuoristossa?\u201d<\/p>\n<p class=\"article-body mb-nof-24 px-nof-16\">\u201d7\u202f000 metrin simuloitu korkeus vastaa hyvin matalaa happipitoisuutta. Siin\u00e4 on todellinen riski my\u00f6s tajunnanmenetykseen, jolloin ei esimerkiksi itse pysty ottamaan maskia kasvoiltaan.\u201d<\/p>\n<p class=\"article-body mb-nof-24 px-nof-16\">Naukkarisen mukaan urheilijat hy\u00f6dynt\u00e4v\u00e4t valmentautumisessaan useimmiten 1\u202f500\u20133\u202f000 metrin korkeuksia, joita pidet\u00e4\u00e4n turvallisina. Niit\u00e4 on hy\u00f6dynnetty eri kest\u00e4vyyslajeissa jo vuosikymmeni\u00e4.<\/p>\n<p class=\"article-body mb-nof-24 px-nof-16\">\u201dTied\u00e4n maailmalta urheilijoita, jotka hy\u00f6dynt\u00e4v\u00e4t valmentautumisessaan hetkellisesti my\u00f6s \u00e4\u00e4rimm\u00e4isi\u00e4 korkeuksia, jotka vastaavat 5\u202f000\u201310\u202f000 metrin korkeutta, mutta n\u00e4ist\u00e4 ei ole urheilun kontekstissa tutkimusn\u00e4ytt\u00f6\u00e4. L\u00e4\u00e4ketieteellisest\u00e4 n\u00e4k\u00f6kulmasta noin v\u00e4h\u00e4isiin happipitoisuuksiin liittyy paljon riskej\u00e4\u201d, Naukkarinen sanoo.<\/p>\n<p><img decoding=\"async\" src=\"https:\/\/www.europesays.com\/fi\/wp-content\/uploads\/2025\/12\/1766844371_769_468.jpg\" alt=\"Joel Naukkarinen k\u00e4ytt\u00e4\u00e4 \u00e4\u00e4rimm\u00e4isi\u00e4kin apukeinoja omassa harjoittelussaan.\" class=\"_Img_1rerz_1\" style=\"aspect-ratio:1.400437636761488\" loading=\"eager\"\/><\/p>\n<p class=\"article-picture-caption\">Joel Naukkarinen k\u00e4ytt\u00e4\u00e4 \u00e4\u00e4rimm\u00e4isi\u00e4kin apukeinoja omassa harjoittelussaan. Kuva:\u00a0Kari Saha<\/p>\n<p class=\"article-body mb-nof-24 px-nof-16\">Naukkarinen k\u00e4ytt\u00e4\u00e4 omassa harjoittelussaan \u00e4\u00e4rimm\u00e4isi\u00e4 keinoja ulosmitatakseen urheilijuudestaan kaiken mahdollisen. Vuonna 2024 h\u00e4n <a class=\"underline underline-offset-[0.12em] [text-decoration-thickness:var(--generic-link-underline-thickness)] [text-decoration-color:var(--generic-link-underline-color)] [text-decoration-skip-ink:var(--generic-link-underline-skip-ink)] break-words\" href=\"https:\/\/www.is.fi\/urheilu\/art-2000010109093.html\" rel=\"nofollow noopener\" target=\"_blank\">kertoi <\/a>el\u00e4v\u00e4ns\u00e4 kotonaan jatkuvasti vuoristo-oloissa.<\/p>\n<p class=\"article-body mb-nof-24 px-nof-16\">H\u00e4n ei sin\u00e4ns\u00e4 pid\u00e4 hapensaantia rajoittavan maskin k\u00e4ytt\u00f6\u00e4 erikoisena asiana, vaikka urheilija olisikin jo valmiiksi korkealla vuoristossa.<\/p>\n<p class=\"article-body mb-nof-24 px-nof-16\">\u201dOn tyypillist\u00e4, ett\u00e4 jos urheilija tekee korkeanpaikan harjoittelua vuoristossa, ja urheilijan majoitus on esimerkiksi 1\u202f700 metrin korkeudessa, urheilija voi haluta nostaa nukkumiskorkeutta vaikkapa 2\u202f500 metriin\u201d, h\u00e4n avaa.<\/p>\n<p class=\"article-body mb-nof-24 px-nof-16\">\u201dHuippu-urheilun olemukseen kuuluu se, ett\u00e4 elimist\u00f6n sietokyky\u00e4 haastetaan \u00e4\u00e4rimmilleen.\u201d<\/p>\n<p class=\"article-body mb-nof-24 px-nof-16\">Naukkarinen sanoo, ett\u00e4 korkeanpaikan harjoittelu on jo vuosikymmenten ajan osoittautunut hy\u00f6dylliseksi urheilijoiden suorituskyvylle. Simulaatiomenetelmi\u00e4, kuten maskeja tai telttoja, on tutkittu v\u00e4hemm\u00e4n, koska niit\u00e4 on vaikeampi kontrolloida tutkimusasetelmassa.<\/p>\n<p class=\"article-body mb-nof-24 px-nof-16\">\u201dTutkimuksen haasteista huolimatta simulointimenetelmist\u00e4kin on positiivista n\u00e4ytt\u00f6\u00e4 siit\u00e4, ett\u00e4 ne parantavat suorituskyky\u00e4\u201d, Naukkarinen sanoo.<\/p>\n","protected":false},"excerpt":{"rendered":"Ampumahiihto|Uusi tieto Bakkenin kuolemasta viittaa suureen riskinottoon. Tiistaina 23. joulukuuta uutisoitiin norjalaisen ampumahiiht\u00e4j\u00e4 Sivert Bakkenin traagisesta kuolemasta. Hotellihuoneesta&hellip;\n","protected":false},"author":2,"featured_media":127189,"comment_status":"","ping_status":"","sticky":false,"template":"","format":"standard","meta":{"footnotes":""},"categories":[5],"tags":[22,23,26,27,33,31,30,17,46,24,25,28,29,15,18,21,32,19,20,16],"class_list":{"0":"post-127188","1":"post","2":"type-post","3":"status-publish","4":"format-standard","5":"has-post-thumbnail","7":"category-otsikot","8":"tag-breaking-news","9":"tag-breakingnews","10":"tag-featured-news","11":"tag-featurednews","12":"tag-fi","13":"tag-finland","14":"tag-finnish","15":"tag-headlines","16":"tag-helsingin-sanomat","17":"tag-latest-news","18":"tag-latestnews","19":"tag-main-news","20":"tag-mainnews","21":"tag-news","22":"tag-otsikot","23":"tag-paauutiset","24":"tag-suomi","25":"tag-top-stories","26":"tag-topstories","27":"tag-uutiset"},"share_on_mastodon":{"url":"https:\/\/pubeurope.com\/@fi\/115792329050757693","error":""},"_links":{"self":[{"href":"https:\/\/www.europesays.com\/fi\/wp-json\/wp\/v2\/posts\/127188","targetHints":{"allow":["GET"]}}],"collection":[{"href":"https:\/\/www.europesays.com\/fi\/wp-json\/wp\/v2\/posts"}],"about":[{"href":"https:\/\/www.europesays.com\/fi\/wp-json\/wp\/v2\/types\/post"}],"author":[{"embeddable":true,"href":"https:\/\/www.europesays.com\/fi\/wp-json\/wp\/v2\/users\/2"}],"replies":[{"embeddable":true,"href":"https:\/\/www.europesays.com\/fi\/wp-json\/wp\/v2\/comments?post=127188"}],"version-history":[{"count":0,"href":"https:\/\/www.europesays.com\/fi\/wp-json\/wp\/v2\/posts\/127188\/revisions"}],"wp:featuredmedia":[{"embeddable":true,"href":"https:\/\/www.europesays.com\/fi\/wp-json\/wp\/v2\/media\/127189"}],"wp:attachment":[{"href":"https:\/\/www.europesays.com\/fi\/wp-json\/wp\/v2\/media?parent=127188"}],"wp:term":[{"taxonomy":"category","embeddable":true,"href":"https:\/\/www.europesays.com\/fi\/wp-json\/wp\/v2\/categories?post=127188"},{"taxonomy":"post_tag","embeddable":true,"href":"https:\/\/www.europesays.com\/fi\/wp-json\/wp\/v2\/tags?post=127188"}],"curies":[{"name":"wp","href":"https:\/\/api.w.org\/{rel}","templated":true}]}}