{"id":127190,"date":"2025-12-27T16:02:13","date_gmt":"2025-12-27T16:02:13","guid":{"rendered":"https:\/\/www.europesays.com\/fi\/127190\/"},"modified":"2025-12-27T16:02:13","modified_gmt":"2025-12-27T16:02:13","slug":"tv-juontaja-joutui-kritiikin-kohteeksi-ruotsissa-julkaisi-napakan-kirjoituksen","status":"publish","type":"post","link":"https:\/\/www.europesays.com\/fi\/127190\/","title":{"rendered":"Tv-juontaja joutui kritiikin kohteeksi Ruotsissa \u2013 Julkaisi napakan kirjoituksen"},"content":{"rendered":"<p>N\u00e4yttelij\u00e4-juontaja Gina Dirawi on joutunut arvostelun kohteeksi.<\/p>\n<p><img decoding=\"async\" class=\"image image-show image-preview\" src=\"https:\/\/www.europesays.com\/fi\/wp-content\/uploads\/2025\/12\/0359334336dbc341f1f48b0a7b0700d8e861715dafeb838cd6d9d6704ea605c2.jpg\" alt=\"\"\/><img decoding=\"async\" class=\"image image-show\" src=\"https:\/\/www.europesays.com\/fi\/wp-content\/uploads\/2025\/12\/1766851333_149_0359334336dbc341f1f48b0a7b0700d8e861715dafeb838cd6d9d6704ea605c2.jpg\" alt=\"\"\/><\/p>\n<p>Gina Dirawi n\u00e4hd\u00e4\u00e4n ensi kev\u00e4\u00e4n\u00e4 j\u00e4lleen Ruotsin Melodifestivalenin juontajana. AOP<\/p>\n<p class=\"paragraph\">Ruotsalaisn\u00e4yttelij\u00e4 <a href=\"https:\/\/www.iltalehti.fi\/henkilot\/Gina Dirawi\" class=\"article-link-person-page\" rel=\"nofollow noopener\" target=\"_blank\">Gina Dirawi<\/a> juontaa ensi kev\u00e4\u00e4n\u00e4 Melodifestivalenin yhdess\u00e4 <strong>Hampus Nessvoldin<\/strong> kanssa. Kyseess\u00e4 on yksi katsotuimmista musiikkiohjelmista Ruotsissa, sill\u00e4 kilpailun voittaja edustaa maata Euroviisuissa.<\/p>\n<p class=\"paragraph\">Dirawi avautuu nyt sosiaalisessa mediassa saamastaan kritiikist\u00e4 koskien Melodifestivalenia. Joidenkin arvostelijoiden mielest\u00e4 Dirawin ei kuuluisi juontaa ohjelmaa, koska Israel saa osallistua Euroviisuihin ensi kev\u00e4\u00e4n\u00e4. Dirawilla on palestiinalaiset juuret.<\/p>\n<p class=\"paragraph\">Juontaja kirjoittaa Facebook-p\u00e4ivityksess\u00e4\u00e4n, ett\u00e4 h\u00e4n on aina puolustanut ihmisoikeuksia ja aikoo tehd\u00e4 niin jatkossakin.<\/p>\n<p class=\"paragraph\">Jos p\u00e4ivitys ei n\u00e4y, voit katsoa sen <a href=\"https:\/\/www.facebook.com\/ginadirawi\/posts\/pfbid02DeVJQcbW3ns1e4uSQi9YmJSGDNwLJL5VWbcF5eNyk6hYXzhuFDVFxTjtVu7DHox5l\" target=\"_blank\" rel=\"noopener nofollow\">t\u00e4st\u00e4<\/a>.<\/p>\n<p class=\"paragraph\">\u2013 Melodifestivalen on karsinta Euroviisuihin \u2013 Euroviisuihin, jotka ovat pitk\u00e4\u00e4n kielt\u00e4neet palestiinalaiset liput ja joita boikotoidaan nyky\u00e4\u00e4n ymp\u00e4ri Eurooppaa. Jotkut uskovat, ett\u00e4 l\u00e4sn\u00e4oloni saattaa normalisoida instituution, joka sulkee pois ja ep\u00e4inhimillist\u00e4\u00e4 palestiinalaisten \u00e4\u00e4nen. Kunnioitan ja tunnen empatiaa t\u00e4t\u00e4 argumenttia kohtaan, Dirawi kirjoittaa.<\/p>\n<p>William Spetz ja Gina Dirawi juonsivat yhdess\u00e4 Melodifestivalenin finaalin vuonna 2016. AOP<\/p>\n<p class=\"paragraph\">H\u00e4nen mielest\u00e4\u00e4n on t\u00e4rke\u00e4\u00e4, ett\u00e4 Ruotsin palestiinalaiset n\u00e4kyv\u00e4t maan suurimmassa viihdeohjelmassa. Dirawi kuvailee, ett\u00e4 Melodifestivalen on kuin Ruotsin peili.<\/p>\n<p class=\"paragraph\">\u2013 Palestiinalaiset eiv\u00e4t saa puuttua siit\u00e4 peilikuvasta.<\/p>\n<p class=\"paragraph\">Dirawi on juontanut kolme kertaa aiemmin Melodifestivalenia. Viimeisin kerta oli vuonna 2016. Juontamisen ja n\u00e4yttelemisen lis\u00e4ksi h\u00e4n on tehnyt uraa my\u00f6s laulajana.<\/p>\n<p>Israelin osallistuminen kuohuttaa<\/p>\n<p class=\"paragraph\">Euroviisut j\u00e4rjestet\u00e4\u00e4n ensi vuoden toukokuussa Wieniss\u00e4 It\u00e4vallassa. Laulukilpailu viett\u00e4\u00e4 70-vuotisjuhlavuotta. Iloa varjostaa kuitenkin viiden maan p\u00e4\u00e4t\u00f6s j\u00e4tt\u00e4\u00e4 juhlavuosi v\u00e4liin. Alankomaat, Irlanti, Espanja, Islanti ja Slovenia ovat ilmoittaneet, ett\u00e4 ne boikotoivat laulukilpailua Israelin osallistumisen vuoksi.<\/p>\n<p class=\"paragraph\">Syyn\u00e4 ovat Israelin sotatoimet Gazassa ja v\u00e4itteet kansanmurhasta. <a href=\"https:\/\/www.iltalehti.fi\/musiikki\/81a4f4b7-954c-4c16-a9e2-f713fea1c6c4\" rel=\"nofollow noopener\" target=\"_blank\">Maat ovat kritisoineet<\/a> muun muassa Israelin mainoskampanjaa t\u00e4m\u00e4n vuoden kilpailussa.<\/p>\n<p class=\"paragraph\">\u2013 Israel on k\u00e4ytt\u00e4nyt kilpailua poliittisesti, yritt\u00e4nyt vaikuttaa tulokseen eik\u00e4 ole saanut rangaistusta t\u00e4st\u00e4 toiminnasta, joka on tapahtunut ainakin viimeisen kahden vuoden aikana, Espanjan yleisradioyhti\u00f6n <strong>Jos\u00e9 Pablo L\u00f3pez<\/strong> kommentoi marraskuussa.<\/p>\n<p class=\"paragraph\">Ensi kev\u00e4\u00e4n\u00e4 kilpailuun osallistuu 35 maata. Romania, Bulgaria ja Moldova tekev\u00e4t paluun kilpailuun.<\/p>\n<p class=\"paragraph\">Suomen edustaja valitaan Uuden musiikin kilpailun finaalissa helmikuussa.<\/p>\n<p class=\"paragraph\">L\u00e4hde: <a href=\"https:\/\/www.aftonbladet.se\/nojesbladet\/melodifestivalen\/a\/wrPxa4\/dirawi-forsvarar-beslut-att-leda-melodifestivalen\" target=\"_blank\" rel=\"noopener nofollow\">Aftonbladet<\/a><\/p>\n","protected":false},"excerpt":{"rendered":"N\u00e4yttelij\u00e4-juontaja Gina Dirawi on joutunut arvostelun kohteeksi. Gina Dirawi n\u00e4hd\u00e4\u00e4n ensi kev\u00e4\u00e4n\u00e4 j\u00e4lleen Ruotsin Melodifestivalenin juontajana. AOP Ruotsalaisn\u00e4yttelij\u00e4&hellip;\n","protected":false},"author":2,"featured_media":127191,"comment_status":"","ping_status":"","sticky":false,"template":"","format":"standard","meta":{"footnotes":""},"categories":[136],"tags":[35,138,153,407,137,33,31,30,408,8518,47,32,140,109],"class_list":{"0":"post-127190","1":"post","2":"type-post","3":"status-publish","4":"format-standard","5":"has-post-thumbnail","7":"category-julkkikset","8":"tag-24h","9":"tag-audio","10":"tag-audiovisuaalinen-media","11":"tag-celebrities","12":"tag-entertainment","13":"tag-fi","14":"tag-finland","15":"tag-finnish","16":"tag-julkkikset","17":"tag-kansalliset-yleisradioyhtiot","18":"tag-musiikki","19":"tag-suomi","20":"tag-tv-ja-elokuvat","21":"tag-viihde"},"share_on_mastodon":{"url":"https:\/\/pubeurope.com\/@fi\/115792376552147127","error":""},"_links":{"self":[{"href":"https:\/\/www.europesays.com\/fi\/wp-json\/wp\/v2\/posts\/127190","targetHints":{"allow":["GET"]}}],"collection":[{"href":"https:\/\/www.europesays.com\/fi\/wp-json\/wp\/v2\/posts"}],"about":[{"href":"https:\/\/www.europesays.com\/fi\/wp-json\/wp\/v2\/types\/post"}],"author":[{"embeddable":true,"href":"https:\/\/www.europesays.com\/fi\/wp-json\/wp\/v2\/users\/2"}],"replies":[{"embeddable":true,"href":"https:\/\/www.europesays.com\/fi\/wp-json\/wp\/v2\/comments?post=127190"}],"version-history":[{"count":0,"href":"https:\/\/www.europesays.com\/fi\/wp-json\/wp\/v2\/posts\/127190\/revisions"}],"wp:featuredmedia":[{"embeddable":true,"href":"https:\/\/www.europesays.com\/fi\/wp-json\/wp\/v2\/media\/127191"}],"wp:attachment":[{"href":"https:\/\/www.europesays.com\/fi\/wp-json\/wp\/v2\/media?parent=127190"}],"wp:term":[{"taxonomy":"category","embeddable":true,"href":"https:\/\/www.europesays.com\/fi\/wp-json\/wp\/v2\/categories?post=127190"},{"taxonomy":"post_tag","embeddable":true,"href":"https:\/\/www.europesays.com\/fi\/wp-json\/wp\/v2\/tags?post=127190"}],"curies":[{"name":"wp","href":"https:\/\/api.w.org\/{rel}","templated":true}]}}