{"id":127192,"date":"2025-12-27T16:09:13","date_gmt":"2025-12-27T16:09:13","guid":{"rendered":"https:\/\/www.europesays.com\/fi\/127192\/"},"modified":"2025-12-27T16:09:13","modified_gmt":"2025-12-27T16:09:13","slug":"kuolleen-ampumahiihtajan-sivert-guttorm-bakkenin-epaillaan-simuloineen-rajuja-olosuhteita-tata-mielta-on-asiantuntija-urheilu","status":"publish","type":"post","link":"https:\/\/www.europesays.com\/fi\/127192\/","title":{"rendered":"Kuolleen ampumahiiht\u00e4j\u00e4n Sivert Guttorm Bakkenin ep\u00e4ill\u00e4\u00e4n simuloineen rajuja olosuhteita \u2013 t\u00e4t\u00e4 mielt\u00e4 on asiantuntija | Urheilu"},"content":{"rendered":"<p class=\"aw-1gybjub aw-1p7kakr kEtdKx cEmitX yle__article__paragraph\">Korkeanpaikan harjoittelua simuloivat happimaskit ovat nousseet keskusteluun t\u00e4ll\u00e4 viikolla, kun norjalainen ampumahiiht\u00e4j\u00e4 <strong class=\"aw-ak79eh KyCXm yle__article__strong\">Sivert Guttorm Bakken<\/strong>, 27, l\u00f6ydettiin tiistaina <a class=\"aw-iao6s4 iHOxEa yle__article__link\" href=\"https:\/\/yle.fi\/a\/74-20201386\" role=\"link\" rel=\"nofollow noopener\" target=\"_blank\">kuolleena<\/a> italialaisesta hotellihuoneesta happimaski kasvoillaan. Viel\u00e4 ei ole vahvistettu, onko Bakkenin kuoleman ja maskin k\u00e4yt\u00f6ll\u00e4 yhteytt\u00e4.<\/p>\n<p class=\"aw-1gybjub aw-1p7kakr kEtdKx cEmitX yle__article__paragraph\">Huippu-urheilun instituutti Kihun urheilufysiologian asiantuntija <strong class=\"aw-ak79eh KyCXm yle__article__strong\">Esa Hynynen<\/strong> kertoo, ett\u00e4 maski on tyypillisesti kiinni laitteessa, joka erottelee typpe\u00e4 ja happea huoneilmasta. Yleens\u00e4 huoneilmasta 79 prosenttia on typpe\u00e4 ja vajaat 21 prosenttia happea. Laitteella voidaan muuttaa typen ja hapen osuuksia siten, ett\u00e4 typen osuus kasvaa ja vastaavasti hapen pienenee.<\/p>\n<p class=\"aw-1gybjub aw-1p7kakr kEtdKx cEmitX yle__article__paragraph\">\u2013 Silloin hapen osapaine saadaan sis\u00e4\u00e4n hengitett\u00e4v\u00e4st\u00e4 ilmasta pienemm\u00e4ksi. Sit\u00e4 kautta osa punasoluista k\u00e4yt\u00e4nn\u00f6ss\u00e4 p\u00f6rr\u00e4ilee keuhkoverenkierrosta ilman happea eteenp\u00e4in. Happisaturaatio laskee, ja sit\u00e4 kautta elimist\u00f6ss\u00e4 tehd\u00e4\u00e4n p\u00e4\u00e4telmi\u00e4, ett\u00e4 jotain asialle tarvitsisi tehd\u00e4. Jos altistusta t\u00e4llaiseen olosuhteeseen on paljon, elimist\u00f6 l\u00e4htee tuottamaan lis\u00e4\u00e4 punasoluja, Hynynen sanoo.<\/p>\n<p class=\"aw-1gybjub aw-1p7kakr kEtdKx cEmitX yle__article__paragraph\">Hapen kuljetuskapasiteetti kasvaa, kun punasolujen m\u00e4\u00e4r\u00e4 lis\u00e4\u00e4ntyy. Se puolestaan voi parantaa kest\u00e4vyyssuorituskyky\u00e4. Vaikutus on samanlainen kuin korkealla harjoiteltaessa.<\/p>\n<p>\u201dHaettu korkeampaa \u00e4rsykett\u00e4\u201d<\/p>\n<p class=\"aw-1gybjub aw-1p7kakr kEtdKx cEmitX yle__article__paragraph\">Asiantuntijan mukaan tyypillisint\u00e4 on k\u00e4ytt\u00e4\u00e4 happimaskia harjoituksen aikana eli esimerkiksi py\u00f6r\u00e4ergometrill\u00e4 tai juoksumatolla harjoitellen.<\/p>\n<p class=\"aw-1gybjub aw-1p7kakr kEtdKx cEmitX yle__article__paragraph\">\u2013 Tyypillisesti tehd\u00e4\u00e4n helpohko harjoitus eli ei l\u00e4\u00e4h\u00e4tet\u00e4 ihan hurjana, vaan tehd\u00e4\u00e4n kevyempi harjoitus. Kovin kauas sen kanssa ei voi l\u00e4hte\u00e4, koska laitteiston on oltava verkkovirrassa.<\/p>\n<p class=\"aw-1gybjub aw-1p7kakr kEtdKx cEmitX yle__article__paragraph\">Hynynen arvelee, ett\u00e4 happimaskin k\u00e4ytt\u00f6 hotellihuoneessa on harvinaista. Asiantuntija nostaa esiin, ett\u00e4 Bakken oleskeli jo ennest\u00e4\u00e4n korkealla, sill\u00e4 Pohjois-Italian Lavaze sijaitsee noin 1\u00a0800 metrin korkeudessa.<\/p>\n<p class=\"aw-1gybjub aw-1p7kakr kEtdKx cEmitX yle__article__paragraph\">\u2013 Oletus on, ett\u00e4 kun t\u00e4llainen maski on ollut, niin on haettu viel\u00e4 korkeampaa \u00e4rsykett\u00e4, Hynynen pohtii.<\/p>\n<p><img decoding=\"async\" alt=\"Sivert Guttorm Bakken \u00e5ker skidor.\" src=\"https:\/\/www.europesays.com\/fi\/wp-content\/uploads\/2025\/12\/39-1574284694aca5e49733.jpeg\" loading=\"lazy\" class=\"aw-1l9m598 hKVVvP\"\/><\/p>\n<p>Avaa kuvien katselu<\/p>\n<p>Sivert Guttorm Bakken sijoittui alkukauden kisoissa nelj\u00e4 kertaa kymmenen parhaan joukkoon. Kuva: Mauri Levandi \/ All Over Press<\/p>\n<p class=\"aw-1gybjub aw-1p7kakr kEtdKx cEmitX yle__article__paragraph\">Norjalaismedia <a class=\"aw-iao6s4 iHOxEa yle__article__link\" href=\"https:\/\/www.vg.no\/sport\/i\/ExWBp5\/opplysninger-til-vg-bakkens-hoeydemaske-stilt-inn-paa-7000-m-o-h\" role=\"link\" rel=\"nofollow noopener\" target=\"_blank\">VG<\/a> kertoo, ett\u00e4 Bakkenin kasvoilta l\u00f6ydetty maski oli s\u00e4\u00e4detty vastaamaan 7\u00a0000 metrin korkeudessa merenpinnasta olevia olosuhteita. VG:n mukaan ei kuitenkaan ole varmaa, oliko maskissa sama asetus Bakkenin kuolinhetkell\u00e4 vai ovatko asetukset muuttuneet, kun Bakken on l\u00f6ydetty.<\/p>\n<p class=\"aw-1gybjub aw-1p7kakr kEtdKx cEmitX yle__article__paragraph\">Hynynen kuvailee 7\u00a0000 metrin olosuhteita rajuksi.<\/p>\n<p class=\"aw-1gybjub aw-1p7kakr kEtdKx cEmitX yle__article__paragraph\">\u2013 Veikkaisin, ett\u00e4 jos normaalitilanteesta l\u00e4hdet\u00e4\u00e4n ja menn\u00e4\u00e4n suoraan seitsem\u00e4\u00e4 tonnia vastaavaan olosuhteeseen, sis\u00e4\u00e4n hengitett\u00e4v\u00e4ss\u00e4 ilmassa hapen osapaine on niin pieni, ett\u00e4 siin\u00e4 tulevat hyvin voimakkaat reaktiot, Hynynen sanoo.<\/p>\n<p class=\"aw-1gybjub aw-1p7kakr kEtdKx cEmitX yle__article__paragraph\">\u2013 Jos siin\u00e4 mit\u00e4\u00e4n tekisi, niin kyll\u00e4 happisaturaatio tippuu, ja varmasti tippuu my\u00f6s ihan lev\u00e4tess\u00e4 ihan reippaasti. Joutuu hengitt\u00e4m\u00e4\u00e4n v\u00e4h\u00e4n tiiviimp\u00e4\u00e4n tahtiin ja ehk\u00e4 syvemp\u00e4\u00e4n jo lepotilanteessakin.<\/p>\n<p class=\"aw-1gybjub aw-1p7kakr kEtdKx cEmitX yle__article__paragraph\">Hynysen mukaan seurauksena voi olla esimerkiksi sekavuuden tunnetta ja p\u00e4\u00e4ns\u00e4rky\u00e4.<\/p>\n<p class=\"aw-1gybjub aw-1p7kakr kEtdKx cEmitX yle__article__paragraph\">\u2013 Tietysti jos sit\u00e4 on k\u00e4ytetty systemaattisesti ja siihen on totuteltu, ei-toivottuja oireita tulee varmaan harvemmin.<\/p>\n<p>Hallitussa k\u00e4yt\u00f6ss\u00e4 ei suuria riskej\u00e4<\/p>\n<p class=\"aw-1gybjub aw-1p7kakr kEtdKx cEmitX yle__article__paragraph\">Urheilufysiologian asiantuntija ei n\u00e4e maskien hallitussa k\u00e4yt\u00f6ss\u00e4 erityisen kohonneita terveydellisi\u00e4 riskej\u00e4.<\/p>\n<p class=\"aw-1gybjub aw-1p7kakr kEtdKx cEmitX yle__article__paragraph\">\u2013 Silloin kun niit\u00e4 k\u00e4ytet\u00e4\u00e4n suht j\u00e4rkev\u00e4sti eli simuloidaan olosuhteita, joissa urheilijat normaalistikin toimivat ja vuoristoharjoittelua tekev\u00e4t, siin\u00e4 ei varsinaisesti ole muita riskej\u00e4 kuin se, ett\u00e4 ehk\u00e4 kuormittuu herkemmin. Harjoitus on sin\u00e4ll\u00e4\u00e4n kovempi kuin se olisi merenpinnan tasolla tehtyn\u00e4, Esa Hynynen sanoo.<\/p>\n<p class=\"aw-1gybjub aw-1p7kakr kEtdKx cEmitX yle__article__paragraph\">Norjan huippu-urheiluyksikk\u00f6 Olympiatoppen on <a class=\"aw-iao6s4 iHOxEa yle__article__link\" href=\"https:\/\/yle.fi\/a\/74-20201526\" role=\"link\" rel=\"nofollow noopener\" target=\"_blank\">kehottanut <\/a>urheilijoita v\u00e4ltt\u00e4m\u00e4\u00e4n toistaiseksi simuloitua korkean paikan harjoittelua. Hynynen ymm\u00e4rt\u00e4\u00e4 reaktion. H\u00e4n kuitenkin muistuttaa, ett\u00e4 maskeja on k\u00e4ytetty jo pitk\u00e4\u00e4n turvallisesti ja laajasti ymp\u00e4ri maailman.<\/p>\n<p class=\"aw-1gybjub aw-1p7kakr kEtdKx cEmitX yle__article__paragraph\">\u2013 Emmeh\u00e4n me tied\u00e4, mit\u00e4 t\u00e4ss\u00e4 kuolemantapauksessa on tapahtunut, ett\u00e4 miksi n\u00e4in on k\u00e4ynyt, Hynynen lis\u00e4\u00e4.<\/p>\n<p class=\"aw-1gybjub aw-1p7kakr kEtdKx cEmitX yle__article__paragraph\">Hynysell\u00e4 ei ole tutkimustietoa siit\u00e4, miten yleist\u00e4 happimaskien k\u00e4ytt\u00f6 on huippu-urheilijoilla. H\u00e4n uskoo, ett\u00e4 laitteistojen kuljettamisen ty\u00f6l\u00e4ys leiriolosuhteisiin rajoittaa niiden k\u00e4ytt\u00f6\u00e4.<\/p>\n<p class=\"aw-1gybjub aw-1p7kakr kEtdKx cEmitX yle__article__paragraph\">Hynynen arvioi, ett\u00e4 suomalaisurheilijoilla happilaitteistoja on k\u00e4yt\u00f6ss\u00e4 hyvin v\u00e4h\u00e4n.<\/p>\n<p class=\"aw-1gybjub aw-1p7kakr kEtdKx cEmitX yle__article__paragraph\">\u2013 Enemm\u00e4n on ehk\u00e4 alppiteltan tai alppimajan tyyppisi\u00e4 k\u00e4ytt\u00f6j\u00e4. Hypoksiaharjoitusten tekeminen noilla laitteilla on harvinaisempaa.<\/p>\n","protected":false},"excerpt":{"rendered":"Korkeanpaikan harjoittelua simuloivat happimaskit ovat nousseet keskusteluun t\u00e4ll\u00e4 viikolla, kun norjalainen ampumahiiht\u00e4j\u00e4 Sivert Guttorm Bakken, 27, l\u00f6ydettiin tiistaina&hellip;\n","protected":false},"author":2,"featured_media":127193,"comment_status":"","ping_status":"","sticky":false,"template":"","format":"standard","meta":{"footnotes":""},"categories":[158],"tags":[2094,33,31,30,22542,22543,159,32,160],"class_list":{"0":"post-127192","1":"post","2":"type-post","3":"status-publish","4":"format-standard","5":"has-post-thumbnail","7":"category-urheilu","8":"tag-ampumahiihto","9":"tag-fi","10":"tag-finland","11":"tag-finnish","12":"tag-happi","13":"tag-punasolut","14":"tag-sports","15":"tag-suomi","16":"tag-urheilu"},"share_on_mastodon":{"url":"https:\/\/pubeurope.com\/@fi\/115792404135363090","error":""},"_links":{"self":[{"href":"https:\/\/www.europesays.com\/fi\/wp-json\/wp\/v2\/posts\/127192","targetHints":{"allow":["GET"]}}],"collection":[{"href":"https:\/\/www.europesays.com\/fi\/wp-json\/wp\/v2\/posts"}],"about":[{"href":"https:\/\/www.europesays.com\/fi\/wp-json\/wp\/v2\/types\/post"}],"author":[{"embeddable":true,"href":"https:\/\/www.europesays.com\/fi\/wp-json\/wp\/v2\/users\/2"}],"replies":[{"embeddable":true,"href":"https:\/\/www.europesays.com\/fi\/wp-json\/wp\/v2\/comments?post=127192"}],"version-history":[{"count":0,"href":"https:\/\/www.europesays.com\/fi\/wp-json\/wp\/v2\/posts\/127192\/revisions"}],"wp:featuredmedia":[{"embeddable":true,"href":"https:\/\/www.europesays.com\/fi\/wp-json\/wp\/v2\/media\/127193"}],"wp:attachment":[{"href":"https:\/\/www.europesays.com\/fi\/wp-json\/wp\/v2\/media?parent=127192"}],"wp:term":[{"taxonomy":"category","embeddable":true,"href":"https:\/\/www.europesays.com\/fi\/wp-json\/wp\/v2\/categories?post=127192"},{"taxonomy":"post_tag","embeddable":true,"href":"https:\/\/www.europesays.com\/fi\/wp-json\/wp\/v2\/tags?post=127192"}],"curies":[{"name":"wp","href":"https:\/\/api.w.org\/{rel}","templated":true}]}}