{"id":127194,"date":"2025-12-27T16:10:10","date_gmt":"2025-12-27T16:10:10","guid":{"rendered":"https:\/\/www.europesays.com\/fi\/127194\/"},"modified":"2025-12-27T16:10:10","modified_gmt":"2025-12-27T16:10:10","slug":"nyt-puhuu-pate-mustajarven-laulun-tapparan-mies-rauno-korpi","status":"publish","type":"post","link":"https:\/\/www.europesays.com\/fi\/127194\/","title":{"rendered":"Nyt puhuu Pate Mustaj\u00e4rven laulun \u201dTapparan mies\u201d Rauno Korpi"},"content":{"rendered":"<p>Rauno Korpi lausuu eritt\u00e4in kauniita sanoja edesmenneest\u00e4 kaveristaan Pate Mustaj\u00e4rvest\u00e4.<\/p>\n<p>N\u00e4in Nokia-areenalla muistettiin Pate Mustaj\u00e4rve\u00e4.Video: IS<\/p>\n<p>Lue tiivistelm\u00e4<\/p>\n<p class=\"article-body mb-nof-24 px-nof-16 sndp-summary-bullet-point-font\">Mestarivalmentaja Rauno Korpi muistelee tapaninp\u00e4iv\u00e4n\u00e4 kuollutta muusikkolegenda Pate Mustaj\u00e4rve\u00e4. Mustaj\u00e4rvi kuului Korven tuttavapiiriin.<\/p>\n<p class=\"article-body mb-nof-24 px-nof-16 sndp-summary-bullet-point-font\">Popedan kappale M\u00e4\u00e4 ja Tapparan mies kertoo nimenomaan Korvesta, kuten sanoittaja Juice Leskinen oli Korvelle kertonut. My\u00f6s Mustaj\u00e4rvi itse on kertonut asiasta.<\/p>\n<p class=\"article-body mb-nof-24 px-nof-16 sndp-summary-bullet-point-font\">Korpi sanoo, ett\u00e4 Mustaj\u00e4rvi kehittyi urallaan jatkuvasti ja h\u00e4nen muistonsa ja musiikkinsa el\u00e4\u00e4 viel\u00e4 pitk\u00e4\u00e4n.<\/p>\n<p class=\"article-body mb-nof-24 px-nof-16\">Mestarivalmentaja <a class=\"article-personlink\" href=\"https:\/\/www.is.fi\/haku\/?query=Rauno%20Korpi\" rel=\"nofollow noopener\" target=\"_blank\">Rauno Korpi<\/a> kuului tapaninp\u00e4iv\u00e4n\u00e4 kuolleen muusikkolegenda <a class=\"article-personlink\" href=\"https:\/\/www.is.fi\/haku\/?query=Pate%20Mustaj%C3%A4rven\" rel=\"nofollow noopener\" target=\"_blank\">Pate Mustaj\u00e4rven<\/a> tuttavapiiriin.<\/p>\n<p class=\"article-body mb-nof-24 px-nof-16\">Tapparan ja Leijonien entinen p\u00e4\u00e4valmentaja Korpi otti tiedon kaverinsa poismenosta surullisena vastaan.<\/p>\n<p class=\"article-body mb-nof-24 px-nof-16\">\u2013 H\u00e4nest\u00e4 j\u00e4i tosi paljon hyvi\u00e4 muistoja. H\u00e4n oli alkuvoimainen kaveri. Toista Patea ei olemassa, eik\u00e4 en\u00e4\u00e4 tule, Korpi toteaa.<\/p>\n<p class=\"article-body mb-nof-24 px-nof-16\">\u2013 Voisiko sanoa niin, ett\u00e4 ihminen kuolee kahdesti. Ensimm\u00e4inen kuolema tulee silloin, kun ihminen kuolee biologisesti. Ihmisen toinen kuolema koittaa sitten, kun muut ihmiset eiv\u00e4t h\u00e4nt\u00e4 en\u00e4\u00e4 muistele. Pate ja h\u00e4nen musiikkinsa el\u00e4v\u00e4t viel\u00e4 todella kauan ihmisten muistoissa, Korpi tuumaa 69-vuotiaana kuolleesta Mustaj\u00e4rvest\u00e4.<\/p>\n<p class=\"article-body mb-nof-24 px-nof-16\">Korpi, 74, kertoo viett\u00e4neens\u00e4 tapaninp\u00e4iv\u00e4\u00e4 Tampereella Tappara\u2013Pelicans-ottelussa, johon peli\u00e4 seuraamaan oli kokoontunut Korven valmentama Tapparan vuoden 1986 mestaruusjoukkue.<\/p>\n<p class=\"article-body mb-nof-24 px-nof-16\">\u2013 Paulin sairastamisesta tiedettiin, mutta kyll\u00e4h\u00e4n t\u00e4m\u00e4 h\u00e4nen kuolemansa tuli silti yll\u00e4tyksen\u00e4. T\u00e4ss\u00e4 tapaninp\u00e4iv\u00e4n\u00e4 koolla olleessa Tapparan 1986 mestaruusjoukkueessa kaikki muistivat Paten hyvin, osa heist\u00e4 tunsi h\u00e4net ihan henkil\u00f6kohtaisesti.<\/p>\n<p class=\"article-body mb-nof-24 px-nof-16\">Tapparan ottelussa pidettiin Mustaj\u00e4rven muistoksi ja kunniaksi hiljainen hetki ennen pelin alkua.<\/p>\n<p class=\"article-body mb-nof-24 px-nof-16\">\u2013 Tuli sitten monella tapaa tunteellinen kokoontuminen meille. T\u00e4m\u00e4 Paten poismeno muistutti taas siit\u00e4, ett\u00e4 taival on rajallinen, Korpi sanoo.<\/p>\n<p><img decoding=\"async\" src=\"https:\/\/www.europesays.com\/fi\/wp-content\/uploads\/2025\/12\/1766851809_224_468.jpg\" alt=\"Rauno Korpi, 74, tunnetaan etenkin Tapparan menestysvalmentajana.\" class=\"_Img_1rerz_1\" style=\"aspect-ratio:1.5\" loading=\"eager\"\/><\/p>\n<p class=\"article-picture-caption\">Rauno Korpi, 74, tunnetaan etenkin Tapparan menestysvalmentajana. Kuva:\u00a0Jukka Ritola \/ Aamulehti<\/p>\n<p class=\"article-body mb-nof-24 px-nof-16\">Mustaj\u00e4rvi muistetaan useista tunnetuista kappaleista. Yksi niist\u00e4 on Popeda-yhtyeen M\u00e4\u00e4 ja Tapparan mies -kappale. Se l\u00f6ytyy Popedan 1990-luvun alkupuolella julkaistulta levylt\u00e4.<\/p>\n<p class=\"article-body mb-nof-24 px-nof-16\">Popedan keulahahmo, Tampereen Ikurista ponnistanut Pate Mustaj\u00e4rvi sanoi t\u00e4m\u00e4n jutun kirjoittajan aiemmassa haastattelussa vuonna 2016, ett\u00e4 kyseisen laulun Tapparan mies on nimenomaan Rauno \u201dRane\u201d Korpi.<\/p>\n<p class=\"article-body mb-nof-24 px-nof-16\">Rauno Korpi itse <a class=\"underline underline-offset-[0.12em] [text-decoration-thickness:var(--generic-link-underline-thickness)] [text-decoration-color:var(--generic-link-underline-color)] [text-decoration-skip-ink:var(--generic-link-underline-skip-ink)] break-words\" href=\"https:\/\/www.is.fi\/jaakiekko\/art-2000008043651.html\" rel=\"nofollow noopener\" target=\"_blank\">paljasti<\/a> vuonna 2021, ett\u00e4 n\u00e4in oli ajatellut my\u00f6s kappaleen sanoittaja <a class=\"article-personlink\" href=\"https:\/\/www.is.fi\/haku\/?query=Juice%20Leskinen.\" rel=\"nofollow noopener\" target=\"_blank\">Juice Leskinen.<\/a><\/p>\n<p class=\"article-body mb-nof-24 px-nof-16\">\u2013 Ei siihen minun mielest\u00e4 mit\u00e4\u00e4n kovin vankkoja perusteita ollut. Muuta kuin se, ett\u00e4 oli ollut n\u00e4it\u00e4 menestyksen vuosia joukkueen kanssa ja n\u00e4in, Korpi totesi kes\u00e4ll\u00e4 2021.<\/p>\n<p class=\"article-body mb-nof-24 px-nof-16\">Kyse on k\u00e4\u00e4nn\u00f6skappaleesta, mutta Leskinen loi biisiin omat sanat. Alkuper\u00e4inen on The Sensational Alex Harvey Bandin kappale nimelt\u00e4\u00e4n Tomahawk Kid.<\/p>\n<p><img decoding=\"async\" src=\"https:\/\/www.europesays.com\/fi\/wp-content\/uploads\/2025\/12\/1766851810_158_468.jpg\" alt=\"Juice Leskinen vuonna 2006.\" class=\"_Img_1rerz_1\" style=\"aspect-ratio:0.7807291666666667\" loading=\"eager\"\/><\/p>\n<p class=\"article-picture-caption\">Juice Leskinen vuonna 2006. Kuva:\u00a0Tuomas Sel\u00e4nne<\/p>\n<p class=\"article-body mb-nof-24 px-nof-16\">Korven mukaan Leskinen oli yll\u00e4tt\u00e4en soittanut Korvelle kertoakseen kappaleen sanoista etuk\u00e4teen ennen biisin julkaisua.<\/p>\n<p class=\"article-body mb-nof-24 px-nof-16\">Juice oli tuolloin lukenut laulun sanat \u00e4\u00e4neen Korvelle. Se etenee muun muassa n\u00e4in: \u201dMe mentiin Hervantaan ja Ikuriin, ja hirveet siirtosummat ryyp\u00e4ttiin \u2013 m\u00e4\u00e4 ja Tapparan mies\u201d.<\/p>\n<p class=\"article-body mb-nof-24 px-nof-16\">\u2013 Menin h\u00f6lm\u00f6n\u00e4 siihen sanomaan, ett\u00e4 aika rankat on sanat. Ett\u00e4 mit\u00e4 seuran johtokin ajattelee, kun siell\u00e4 ryyp\u00e4t\u00e4\u00e4n siirtosummat ja kaikki t\u00e4m\u00e4, Korpi muisteli vuonna 2021.<\/p>\n<p class=\"article-body mb-nof-24 px-nof-16\">\u2013 Juice sanoi, ettei h\u00e4nt\u00e4 kiinnosta p\u00e4tk\u00e4\u00e4k\u00e4\u00e4n seurajohdon ajatukset. H\u00e4n on tehnyt t\u00e4llaiset sanat ja h\u00e4n halusi niist\u00e4 vain minulle kertoa.<\/p>\n<p class=\"article-body mb-nof-24 px-nof-16\">Korpi oli tiedustellut Leskiselt\u00e4, ett\u00e4 aikooko t\u00e4m\u00e4 laulaa kappaleen itse.<\/p>\n<p class=\"article-body mb-nof-24 px-nof-16\">\u2013 Juice vastasi, ett\u00e4 \u201dh\u00e4n pist\u00e4\u00e4 Mustaj\u00e4rven Paten r\u00e4\u00e4kyyn sen laulun\u201d.<\/p>\n<p class=\"article-body mb-nof-24 px-nof-16\">Rakastettu ja arvostettu laulaja-lauluntekij\u00e4 Juice Leskinen kuoli vuonna 2006.<\/p>\n<p><img decoding=\"async\" src=\"https:\/\/www.europesays.com\/fi\/wp-content\/uploads\/2025\/12\/1766851810_411_468.jpg\" alt=\"Pate Mustaj\u00e4rvi vuonna 2015.\" class=\"_Img_1rerz_1\" style=\"aspect-ratio:1.5\" loading=\"eager\"\/><\/p>\n<p class=\"article-picture-caption\">Pate Mustaj\u00e4rvi vuonna 2015. Kuva:\u00a0Reijo Hietanen<\/p>\n<p class=\"article-body mb-nof-24 px-nof-16\">M\u00e4\u00e4 ja Tapparan mies -kappaletta on vuosien varrella soitettu ja esitetty paljon Tapparan tilaisuuksissa.<\/p>\n<p class=\"article-body mb-nof-24 px-nof-16\">\u2013 Paulihan oli monesti Tapparan risteilyill\u00e4kin esiintym\u00e4ss\u00e4. T\u00e4m\u00e4 kyseinen biisi on pieni \u2013 mutta monelle t\u00e4rke\u00e4 \u2013 yksityiskohta h\u00e4nen pitk\u00e4ll\u00e4 ja menestyksekk\u00e4\u00e4ll\u00e4 urallaan, Korpi sanoo nyt.<\/p>\n<p class=\"article-body mb-nof-24 px-nof-16\">\u2013 Minusta Pate kehittyi omalla alallaan vuosien saatossa jatkuvasti. H\u00e4n oli Popedan ehdoton keulakuva, mutta h\u00e4n lauloi valtavan kauniita kappaleita soolourallaan. Paulin muisto ja h\u00e4nen musiikkinsa el\u00e4v\u00e4t viel\u00e4 todella pitk\u00e4\u00e4n, Korpi korostaa.<\/p>\n","protected":false},"excerpt":{"rendered":"Rauno Korpi lausuu eritt\u00e4in kauniita sanoja edesmenneest\u00e4 kaveristaan Pate Mustaj\u00e4rvest\u00e4. N\u00e4in Nokia-areenalla muistettiin Pate Mustaj\u00e4rve\u00e4.Video: IS Lue tiivistelm\u00e4&hellip;\n","protected":false},"author":2,"featured_media":127195,"comment_status":"","ping_status":"","sticky":false,"template":"","format":"standard","meta":{"footnotes":""},"categories":[130],"tags":[137,33,31,30,34,32,109],"class_list":{"0":"post-127194","1":"post","2":"type-post","3":"status-publish","4":"format-standard","5":"has-post-thumbnail","7":"category-viihde","8":"tag-entertainment","9":"tag-fi","10":"tag-finland","11":"tag-finnish","12":"tag-ilta-sanomat","13":"tag-suomi","14":"tag-viihde"},"share_on_mastodon":{"url":"https:\/\/pubeurope.com\/@fi\/115792407909687520","error":""},"_links":{"self":[{"href":"https:\/\/www.europesays.com\/fi\/wp-json\/wp\/v2\/posts\/127194","targetHints":{"allow":["GET"]}}],"collection":[{"href":"https:\/\/www.europesays.com\/fi\/wp-json\/wp\/v2\/posts"}],"about":[{"href":"https:\/\/www.europesays.com\/fi\/wp-json\/wp\/v2\/types\/post"}],"author":[{"embeddable":true,"href":"https:\/\/www.europesays.com\/fi\/wp-json\/wp\/v2\/users\/2"}],"replies":[{"embeddable":true,"href":"https:\/\/www.europesays.com\/fi\/wp-json\/wp\/v2\/comments?post=127194"}],"version-history":[{"count":0,"href":"https:\/\/www.europesays.com\/fi\/wp-json\/wp\/v2\/posts\/127194\/revisions"}],"wp:featuredmedia":[{"embeddable":true,"href":"https:\/\/www.europesays.com\/fi\/wp-json\/wp\/v2\/media\/127195"}],"wp:attachment":[{"href":"https:\/\/www.europesays.com\/fi\/wp-json\/wp\/v2\/media?parent=127194"}],"wp:term":[{"taxonomy":"category","embeddable":true,"href":"https:\/\/www.europesays.com\/fi\/wp-json\/wp\/v2\/categories?post=127194"},{"taxonomy":"post_tag","embeddable":true,"href":"https:\/\/www.europesays.com\/fi\/wp-json\/wp\/v2\/tags?post=127194"}],"curies":[{"name":"wp","href":"https:\/\/api.w.org\/{rel}","templated":true}]}}