{"id":127198,"date":"2025-12-27T16:14:09","date_gmt":"2025-12-27T16:14:09","guid":{"rendered":"https:\/\/www.europesays.com\/fi\/127198\/"},"modified":"2025-12-27T16:14:09","modified_gmt":"2025-12-27T16:14:09","slug":"taiwanissa-voimakas-maanjaristys-uutisia-lyhyesti","status":"publish","type":"post","link":"https:\/\/www.europesays.com\/fi\/127198\/","title":{"rendered":"Taiwanissa voimakas maanj\u00e4ristys | Uutisia lyhyesti"},"content":{"rendered":"<p class=\"aw-1gybjub aw-5vja16 kEtdKx kmuxyA yle__article__paragraph\">J\u00e4ristys oli voimakkuudeltaan 6,6.<\/p>\n<p><img decoding=\"async\" alt=\"Kartalle merkittyn\u00e4 Taiwanin l\u00e4hell\u00e4 merell\u00e4 tapahtuneen maanj\u00e4ristyksen sijainti.\" src=\"https:\/\/www.europesays.com\/fi\/wp-content\/uploads\/2025\/12\/39-15747676950008135da2.jpeg\" class=\"aw-1l9m598 hKVVvP\"\/><\/p>\n<p>Avaa kuvien katselu<\/p>\n<p>J\u00e4ristys on tapahtunut merell\u00e4 31 kilometrin p\u00e4\u00e4ss\u00e4 Yilanin kaupungista. Kuva: Aurora Ferm \/ Yle, MapCreator, OpenStreetMap<\/p>\n<p>17:29\u2022P\u00e4ivitetty 17:37<\/p>\n<p class=\"aw-1gybjub aw-1p7kakr kEtdKx cEmitX yle__article__paragraph\">Taiwanissa on tapahtunut maanj\u00e4ristys, joka on voimakkuudeltaan 6,6, kertoo Yhdysvaltain geologinen tutkimuslaitos (USGS).<\/p>\n<p class=\"aw-1gybjub aw-1p7kakr kEtdKx cEmitX yle__article__paragraph\">Alueelle on annettu tsunamivaroitus.<\/p>\n<p class=\"aw-1gybjub aw-1p7kakr kEtdKx cEmitX yle__article__paragraph\">J\u00e4ristys on tapahtunut merell\u00e4 67,5 kilometrin syvyydess\u00e4 noin 31 kilometrin p\u00e4\u00e4ss\u00e4 koillisrannikolla sijaitsevasta Yilanin kaupungista.<\/p>\n<p class=\"aw-1gybjub aw-1p7kakr kEtdKx cEmitX yle__article__paragraph\">J\u00e4ristys on tuntunut my\u00f6s maan p\u00e4\u00e4kaupungissa Taipeissa, kertoo uutistoimisto Reuters.<\/p>\n<p class=\"aw-1gybjub aw-1p7kakr kEtdKx cEmitX yle__article__paragraph\">Maanj\u00e4ristykset ovat alueella yleisi\u00e4.<\/p>\n<p class=\"aw-1gybjub aw-1p7kakr kEtdKx cEmitX yle__article__paragraph\">Uutinen p\u00e4ivittyy<\/p>\n","protected":false},"excerpt":{"rendered":"J\u00e4ristys oli voimakkuudeltaan 6,6. Avaa kuvien katselu J\u00e4ristys on tapahtunut merell\u00e4 31 kilometrin p\u00e4\u00e4ss\u00e4 Yilanin kaupungista. Kuva: Aurora&hellip;\n","protected":false},"author":2,"featured_media":127199,"comment_status":"","ping_status":"","sticky":false,"template":"","format":"standard","meta":{"footnotes":""},"categories":[14],"tags":[22,23,26,27,33,31,30,17,24,25,28,29,15,18,21,32,19,20,56,16,59,60,61],"class_list":{"0":"post-127198","1":"post","2":"type-post","3":"status-publish","4":"format-standard","5":"has-post-thumbnail","7":"category-ulkomaat","8":"tag-breaking-news","9":"tag-breakingnews","10":"tag-featured-news","11":"tag-featurednews","12":"tag-fi","13":"tag-finland","14":"tag-finnish","15":"tag-headlines","16":"tag-latest-news","17":"tag-latestnews","18":"tag-main-news","19":"tag-mainnews","20":"tag-news","21":"tag-otsikot","22":"tag-paauutiset","23":"tag-suomi","24":"tag-top-stories","25":"tag-topstories","26":"tag-ulkomaat","27":"tag-uutiset","28":"tag-world","29":"tag-world-news","30":"tag-worldnews"},"share_on_mastodon":{"url":"https:\/\/pubeurope.com\/@fi\/115792423799544823","error":""},"_links":{"self":[{"href":"https:\/\/www.europesays.com\/fi\/wp-json\/wp\/v2\/posts\/127198","targetHints":{"allow":["GET"]}}],"collection":[{"href":"https:\/\/www.europesays.com\/fi\/wp-json\/wp\/v2\/posts"}],"about":[{"href":"https:\/\/www.europesays.com\/fi\/wp-json\/wp\/v2\/types\/post"}],"author":[{"embeddable":true,"href":"https:\/\/www.europesays.com\/fi\/wp-json\/wp\/v2\/users\/2"}],"replies":[{"embeddable":true,"href":"https:\/\/www.europesays.com\/fi\/wp-json\/wp\/v2\/comments?post=127198"}],"version-history":[{"count":0,"href":"https:\/\/www.europesays.com\/fi\/wp-json\/wp\/v2\/posts\/127198\/revisions"}],"wp:featuredmedia":[{"embeddable":true,"href":"https:\/\/www.europesays.com\/fi\/wp-json\/wp\/v2\/media\/127199"}],"wp:attachment":[{"href":"https:\/\/www.europesays.com\/fi\/wp-json\/wp\/v2\/media?parent=127198"}],"wp:term":[{"taxonomy":"category","embeddable":true,"href":"https:\/\/www.europesays.com\/fi\/wp-json\/wp\/v2\/categories?post=127198"},{"taxonomy":"post_tag","embeddable":true,"href":"https:\/\/www.europesays.com\/fi\/wp-json\/wp\/v2\/tags?post=127198"}],"curies":[{"name":"wp","href":"https:\/\/api.w.org\/{rel}","templated":true}]}}