{"id":127200,"date":"2025-12-27T16:15:10","date_gmt":"2025-12-27T16:15:10","guid":{"rendered":"https:\/\/www.europesays.com\/fi\/127200\/"},"modified":"2025-12-27T16:15:10","modified_gmt":"2025-12-27T16:15:10","slug":"autotalli-paloi-korjauskelvottomaksi-porissa-satakunnan-kansa","status":"publish","type":"post","link":"https:\/\/www.europesays.com\/fi\/127200\/","title":{"rendered":"Autotalli paloi korjauskelvottomaksi Porissa &#8211; Satakunnan Kansa"},"content":{"rendered":"<p>Palosta ei aiheutunut henkil\u00f6vahinkoja.<\/p>\n<p class=\"article-body mb-nof-24 px-nof-16\">Pori<\/p>\n<p class=\"article-body mb-nof-24 px-nof-16\">Omakotitalon piiriss\u00e4 oleva erillinen kolmen auton autotallirakennus syttyi tuleen Porissa Isom\u00e4nnyntiell\u00e4 lauantai-iltap\u00e4iv\u00e4n\u00e4. Pelastuslaitos sai h\u00e4lytyksen rakennuspalosta kello 16.20.<\/p>\n<p class=\"article-body mb-nof-24 px-nof-16\">Rakennus oli t\u00e4yden palon vaiheessa, kun palokunta saapui paikalle. Autotalli paloi korjauskelvottomaksi. Palosta ei aiheutunut henkil\u00f6vahinkoja.<\/p>\n<p class=\"article-body mb-nof-24 px-nof-16\">P\u00e4ivyst\u00e4v\u00e4 palomestari <a class=\"article-personlink\" href=\"https:\/\/www.satakunnankansa.fi\/haku\/?query=Jussi%20Jalonen\" rel=\"nofollow noopener\" target=\"_blank\">Jussi Jalonen<\/a> kertoi kello 17.30, ett\u00e4 palo saatiin nopeasti hallintaan. J\u00e4ljell\u00e4 oli tuohon aikaan viel\u00e4 palon j\u00e4lkivartiointi.<\/p>\n<p class=\"article-body mb-nof-24 px-nof-16\">\u201dOnnistuimme tuloksekkaasti est\u00e4m\u00e4\u00e4n palon levi\u00e4misen asuinrakennukseen\u201d, Jalonen totesi.<\/p>\n","protected":false},"excerpt":{"rendered":"Palosta ei aiheutunut henkil\u00f6vahinkoja. Pori Omakotitalon piiriss\u00e4 oleva erillinen kolmen auton autotallirakennus syttyi tuleen Porissa Isom\u00e4nnyntiell\u00e4 lauantai-iltap\u00e4iv\u00e4n\u00e4. Pelastuslaitos&hellip;\n","protected":false},"author":2,"featured_media":127201,"comment_status":"","ping_status":"","sticky":false,"template":"","format":"standard","meta":{"footnotes":""},"categories":[12],"tags":[22,23,26,27,33,31,30,17,24,25,28,29,15,18,21,80,32,19,20,16],"class_list":{"0":"post-127200","1":"post","2":"type-post","3":"status-publish","4":"format-standard","5":"has-post-thumbnail","7":"category-suomi","8":"tag-breaking-news","9":"tag-breakingnews","10":"tag-featured-news","11":"tag-featurednews","12":"tag-fi","13":"tag-finland","14":"tag-finnish","15":"tag-headlines","16":"tag-latest-news","17":"tag-latestnews","18":"tag-main-news","19":"tag-mainnews","20":"tag-news","21":"tag-otsikot","22":"tag-paauutiset","23":"tag-satakunnan-kansa","24":"tag-suomi","25":"tag-top-stories","26":"tag-topstories","27":"tag-uutiset"},"share_on_mastodon":{"url":"https:\/\/pubeurope.com\/@fi\/115792427324240002","error":""},"_links":{"self":[{"href":"https:\/\/www.europesays.com\/fi\/wp-json\/wp\/v2\/posts\/127200","targetHints":{"allow":["GET"]}}],"collection":[{"href":"https:\/\/www.europesays.com\/fi\/wp-json\/wp\/v2\/posts"}],"about":[{"href":"https:\/\/www.europesays.com\/fi\/wp-json\/wp\/v2\/types\/post"}],"author":[{"embeddable":true,"href":"https:\/\/www.europesays.com\/fi\/wp-json\/wp\/v2\/users\/2"}],"replies":[{"embeddable":true,"href":"https:\/\/www.europesays.com\/fi\/wp-json\/wp\/v2\/comments?post=127200"}],"version-history":[{"count":0,"href":"https:\/\/www.europesays.com\/fi\/wp-json\/wp\/v2\/posts\/127200\/revisions"}],"wp:featuredmedia":[{"embeddable":true,"href":"https:\/\/www.europesays.com\/fi\/wp-json\/wp\/v2\/media\/127201"}],"wp:attachment":[{"href":"https:\/\/www.europesays.com\/fi\/wp-json\/wp\/v2\/media?parent=127200"}],"wp:term":[{"taxonomy":"category","embeddable":true,"href":"https:\/\/www.europesays.com\/fi\/wp-json\/wp\/v2\/categories?post=127200"},{"taxonomy":"post_tag","embeddable":true,"href":"https:\/\/www.europesays.com\/fi\/wp-json\/wp\/v2\/tags?post=127200"}],"curies":[{"name":"wp","href":"https:\/\/api.w.org\/{rel}","templated":true}]}}