{"id":127203,"date":"2025-12-27T16:28:10","date_gmt":"2025-12-27T16:28:10","guid":{"rendered":"https:\/\/www.europesays.com\/fi\/127203\/"},"modified":"2025-12-27T16:28:10","modified_gmt":"2025-12-27T16:28:10","slug":"aimo-naki-popedan-ensimmaisen-keikan-pate-mustajarven-kuoleman-takia-han-saattaa-nyt-repia-kaikki-muiden-artistien-keikkaliput","status":"publish","type":"post","link":"https:\/\/www.europesays.com\/fi\/127203\/","title":{"rendered":"Aimo n\u00e4ki Popedan ensimm\u00e4isen keikan \u2013 Pate Mustaj\u00e4rven kuoleman takia h\u00e4n saattaa nyt repi\u00e4 kaikki muiden artistien keikkaliput"},"content":{"rendered":"<p>Pate Mustaj\u00e4rven kuolema koskettaa syv\u00e4lt\u00e4 tamperelaisl\u00e4ht\u00f6ist\u00e4 Aimo Korventaustaa, joka on seurannut Popedaa yhtyeen alkuajoista l\u00e4htien.<\/p>\n<p><img decoding=\"async\" class=\"image image-show image-preview\" src=\"https:\/\/www.europesays.com\/fi\/wp-content\/uploads\/2025\/12\/5f68494837b571e3a8cab1d4e8d2c04f15122a94c556ee0ab4ac5f10a6f80495.jpg\" alt=\"\"\/><img decoding=\"async\" class=\"image image-show\" src=\"https:\/\/www.europesays.com\/fi\/wp-content\/uploads\/2025\/12\/1766852890_311_5f68494837b571e3a8cab1d4e8d2c04f15122a94c556ee0ab4ac5f10a6f80495.jpg\" alt=\"\"\/><\/p>\n<p>Aimo Korventausta (vas.) yst\u00e4vystyi ihailemansa Pate Mustaj\u00e4rven kanssa vuosien varrella. Kuva vuodelta 2019. Aimo Korventaustan kotialbumi<\/p>\n<p class=\"paragraph\">Laulaja <strong>Pate Mustaj\u00e4rven<\/strong> kuolema koskettaa vantaalaista <strong>Aimo Korventaustaa<\/strong>, joka on seurannut Mustaj\u00e4rven perustamaa Popedaa yhtyeen alkuajoista l\u00e4htien.<\/p>\n<p class=\"paragraph\">\u2013 Kyll\u00e4h\u00e4n t\u00e4st\u00e4kin ennen pitk\u00e4\u00e4 noustaan, mutta tunteet ovat nyt kyll\u00e4 aika sellaiset mustat, Korventausta kertoo suru-uutisen her\u00e4tt\u00e4mist\u00e4 ajatuksista.<\/p>\n<p class=\"paragraph\">Tamperelaisl\u00e4ht\u00f6ist\u00e4 Korventaustaa voi kuvailla todelliseksi superfaniksi. H\u00e4n kertoo olleensa paikalla Popedan ensimm\u00e4isell\u00e4 keikalla Tampereen Gorillassa helmikuussa 1978.<\/p>\n<p class=\"paragraph\">Mustaj\u00e4rven johtaman rock-yhtyeen esitys j\u00e4tti nuoreen Korventaustaan l\u00e4htem\u00e4tt\u00f6m\u00e4n j\u00e4ljen.<\/p>\n<p class=\"paragraph\">\u2013 Jokin siin\u00e4 b\u00e4ndiss\u00e4 vain vetosi. Tuossa joskus kun laskeskelin, niin sellaiset tuhat Popedan keikkaa suurin piirtein on tullut n\u00e4hty\u00e4. Parhaana vuonna keikkoja taisi tulla 58.<\/p>\n<p>Miehet tutustuivat<\/p>\n<p class=\"paragraph\">Vuosien varrella Korventausta p\u00e4\u00e4si my\u00f6s tutustumaan ihailemaansa Mustaj\u00e4rveen.<\/p>\n<p class=\"paragraph\">\u2013 Kyll\u00e4 siin\u00e4 v\u00e4kisinkin meist\u00e4 kohtuullisen hyvi\u00e4 yst\u00e4vi\u00e4 tuli. H\u00e4n tuli aina morjestamaan keikkojen j\u00e4lkeen, Korventausta kertoo.<\/p>\n<p class=\"paragraph\">\u2013 Paulin kanssa on monet kerrat naurettu ja tietysti aina my\u00f6s muutama sana puhuttu el\u00e4m\u00e4st\u00e4 \u2013 el\u00e4m\u00e4nmenosta, vanhenemisesta ja kaikenlaisesta.<\/p>\n<p class=\"paragraph\">Viimeisen kerran Korventausta n\u00e4ki Mustaj\u00e4rven viime syksyn\u00e4 t\u00e4m\u00e4n soolokeikalla. H\u00e4nell\u00e4 oli my\u00f6s ostettuna useampia lippuja tulevan kev\u00e4\u00e4n keikoille, jotka <a href=\"https:\/\/www.iltalehti.fi\/musiikki\/f372881f-da50-430c-b231-5bed014e4b52\" rel=\"nofollow noopener\" target=\"_blank\">peruttiin<\/a> lokakuussa Mustaj\u00e4rvelt\u00e4 l\u00f6ytyneen kasvaimen vuoksi.<\/p>\n<p class=\"paragraph\">Tuolloin Korventausta uskoi viel\u00e4 p\u00e4\u00e4sev\u00e4ns\u00e4 n\u00e4kem\u00e4\u00e4n Mustaj\u00e4rven lavalla.<\/p>\n<p class=\"paragraph\">\u2013 Kyll\u00e4 min\u00e4 vakaasti niin uskoin, ett\u00e4 jonain p\u00e4iv\u00e4n\u00e4 saa viel\u00e4 jonkinlaista keikkaa ihailla, Korventausta sanoo.<\/p>\n<p class=\"paragraph\">\u2013 T\u00e4ss\u00e4 tietysti ehk\u00e4 viimeisin\u00e4 aikoina, kun olin kuullut p\u00e4ivityst\u00e4, niin olin alkanut v\u00e4h\u00e4n ep\u00e4ilem\u00e4\u00e4n, ett\u00e4 lavalla h\u00e4nt\u00e4 ei tulla ehk\u00e4 n\u00e4kem\u00e4\u00e4n. Mutta ajattelin, ett\u00e4 p\u00e4\u00e4sisi edes muutaman sanan jossain vaihtamaan, eik\u00e4 ihan n\u00e4in synk\u00e4sti k\u00e4visi.<\/p>\n<p>\u201dIsoin ihminen\u201d<\/p>\n<p class=\"paragraph\">Kaikesta p\u00e4\u00e4tellen Mustaj\u00e4rvi oli Korventaustalle erityisen t\u00e4rke\u00e4 henkil\u00f6.<\/p>\n<p class=\"paragraph\">\u2013 Pate oli minulle isoin ihminen, jota on tullut katseltua. H\u00e4nt\u00e4 ei korvaa kukaan, Korventausta sanoo \u00e4\u00e4ni murtuen.<\/p>\n<p class=\"paragraph\">Muiden yhtyeiden keikoille ostetut liput tuntuvat suru-uutisen hetkell\u00e4 melko yhdentekevilt\u00e4.<\/p>\n<p class=\"paragraph\">\u2013 Mit\u00e4 min\u00e4 niill\u00e4 teen? Voisi repi\u00e4 kaikki, kun lavalle ei en\u00e4\u00e4 tule kuitenkaan sit\u00e4 kaveria, joka on ollut ja tulee olemaan se kaikista suurin.<\/p>\n","protected":false},"excerpt":{"rendered":"Pate Mustaj\u00e4rven kuolema koskettaa syv\u00e4lt\u00e4 tamperelaisl\u00e4ht\u00f6ist\u00e4 Aimo Korventaustaa, joka on seurannut Popedaa yhtyeen alkuajoista l\u00e4htien. Aimo Korventausta (vas.)&hellip;\n","protected":false},"author":2,"featured_media":127204,"comment_status":"","ping_status":"","sticky":false,"template":"","format":"standard","meta":{"footnotes":""},"categories":[136],"tags":[35,138,407,137,33,31,30,408,763,47,141,32,397,484,109],"class_list":{"0":"post-127203","1":"post","2":"type-post","3":"status-publish","4":"format-standard","5":"has-post-thumbnail","7":"category-julkkikset","8":"tag-24h","9":"tag-audio","10":"tag-celebrities","11":"tag-entertainment","12":"tag-fi","13":"tag-finland","14":"tag-finnish","15":"tag-julkkikset","16":"tag-kulttuuri-ja-viihde","17":"tag-musiikki","18":"tag-muusikot-bandit","19":"tag-suomi","20":"tag-taide","21":"tag-taiteellinen-ilmaisu-ja-mediat","22":"tag-viihde"},"share_on_mastodon":{"url":"https:\/\/pubeurope.com\/@fi\/115792478820346284","error":""},"_links":{"self":[{"href":"https:\/\/www.europesays.com\/fi\/wp-json\/wp\/v2\/posts\/127203","targetHints":{"allow":["GET"]}}],"collection":[{"href":"https:\/\/www.europesays.com\/fi\/wp-json\/wp\/v2\/posts"}],"about":[{"href":"https:\/\/www.europesays.com\/fi\/wp-json\/wp\/v2\/types\/post"}],"author":[{"embeddable":true,"href":"https:\/\/www.europesays.com\/fi\/wp-json\/wp\/v2\/users\/2"}],"replies":[{"embeddable":true,"href":"https:\/\/www.europesays.com\/fi\/wp-json\/wp\/v2\/comments?post=127203"}],"version-history":[{"count":0,"href":"https:\/\/www.europesays.com\/fi\/wp-json\/wp\/v2\/posts\/127203\/revisions"}],"wp:featuredmedia":[{"embeddable":true,"href":"https:\/\/www.europesays.com\/fi\/wp-json\/wp\/v2\/media\/127204"}],"wp:attachment":[{"href":"https:\/\/www.europesays.com\/fi\/wp-json\/wp\/v2\/media?parent=127203"}],"wp:term":[{"taxonomy":"category","embeddable":true,"href":"https:\/\/www.europesays.com\/fi\/wp-json\/wp\/v2\/categories?post=127203"},{"taxonomy":"post_tag","embeddable":true,"href":"https:\/\/www.europesays.com\/fi\/wp-json\/wp\/v2\/tags?post=127203"}],"curies":[{"name":"wp","href":"https:\/\/api.w.org\/{rel}","templated":true}]}}