{"id":127227,"date":"2025-12-27T17:08:09","date_gmt":"2025-12-27T17:08:09","guid":{"rendered":"https:\/\/www.europesays.com\/fi\/127227\/"},"modified":"2025-12-27T17:08:09","modified_gmt":"2025-12-27T17:08:09","slug":"sampo-kaulanen-paikalla-kittilan-lentoasemalla-helkkarinmoinen-tuulenpyrakka","status":"publish","type":"post","link":"https:\/\/www.europesays.com\/fi\/127227\/","title":{"rendered":"Sampo Kaulanen paikalla Kittil\u00e4n lentoasemalla \u2013 \u201dHelkkarinmoinen tuulenpyr\u00e4kk\u00e4\u201d"},"content":{"rendered":"<p>Sampo Kaulasen mukaan Kittil\u00e4ss\u00e4 tuulee eritt\u00e4in kovaa.<\/p>\n<p class=\"article-body mb-nof-24 px-nof-16\">Yritt\u00e4j\u00e4, mediapersoona <a class=\"article-personlink article-strong\" href=\"https:\/\/www.is.fi\/haku\/?query=Sampo%20Kaulanen\" rel=\"nofollow noopener\" target=\"_blank\">Sampo Kaulanen<\/a> on paikalla Kittil\u00e4n lentoasemalla, jossa tapahtui lauantai-iltap\u00e4iv\u00e4ll\u00e4 ilmailuonnettomuus.<\/p>\n<p class=\"article-body mb-nof-24 px-nof-16\">Pelastuslaitoksen mukaan matkustajakone ja pienkone ajautuivat nelj\u00e4n j\u00e4lkeen lauantai-iltap\u00e4iv\u00e4ll\u00e4 lumipenkkaan Kittil\u00e4n lentokent\u00e4n rullaustiell\u00e4 kovan tuulen takia. Tapaukset eiv\u00e4t aiheuttaneet henkil\u00f6vahinkoja.<\/p>\n<p class=\"article-body mb-nof-24 px-nof-16\">Kaulanen oli paikalla ja kertoo ensin ihmetelleens\u00e4, kun paikalle saapui runsaasti pelastuslaitoksen yksik\u00f6it\u00e4. My\u00f6hemmin syy selvisi lehdist\u00e4.<\/p>\n<p class=\"article-body mb-nof-24 px-nof-16\">\u2013 Taisi olla koko l\u00e4hikyl\u00e4n paloautot ja ensiapu k\u00e4yt\u00f6ss\u00e4, h\u00e4n arvelee.<\/p>\n<p class=\"article-body mb-nof-24 px-nof-16\">Kaulanen oli tullut lentokent\u00e4lle hakemaan h\u00e4nen Yll\u00e4kselle juuri avautuneen J\u00e4nk\u00e4 Resort -lomakohteensa asiakkaita bussilla. Kuuden aikaan illalla h\u00e4n odottaa edelleen asiakkaitaan lentokent\u00e4ll\u00e4.<\/p>\n<p class=\"article-body mb-nof-24 px-nof-16\">\u2013 Kyll\u00e4 t\u00e4\u00e4ll\u00e4 on ihan helvetin kova tuuli. Juuri kun ajoin bussilla, oli ihme, ett\u00e4 bussi pysyi tiell\u00e4. Bussi heiluu t\u00e4ss\u00e4 parkissakin paikallaan.<\/p>\n<p class=\"article-body mb-nof-24 px-nof-16\">Kittil\u00e4n lentokent\u00e4n ty\u00f6ntekij\u00e4 pohti, ettei muista, milloin olisi n\u00e4hnyt vastaavaa tuulta, vaikka on ollut nelisenkymment\u00e4 vuotta kent\u00e4ll\u00e4 t\u00f6iss\u00e4, Kaulanen kertoo.<\/p>\n<p class=\"article-body mb-nof-24 px-nof-16\">Kaulanen kertoo kuulleensa er\u00e4\u00e4lt\u00e4 kuskilta, ett\u00e4 kova tuuli oli saanut autonkin py\u00f6r\u00e4ht\u00e4m\u00e4\u00e4n tiell\u00e4.<\/p>\n<p class=\"article-body mb-nof-24 px-nof-16\">\u2013 Oli helkkarinmoinen tuulenpyr\u00e4kk\u00e4 ja auto k\u00e4vi hetken poikittain tiell\u00e4, h\u00e4n kertoo kuulleensa.<\/p>\n<p><img decoding=\"async\" src=\"https:\/\/www.europesays.com\/fi\/wp-content\/uploads\/2025\/12\/1766855288_211_468.jpg\" alt=\"Sampo Kaulanen oli paikalla Kittil\u00e4n lentokent\u00e4ll\u00e4 ilmailuonnettomuuden aikaan.\" class=\"_Img_1rerz_1\" style=\"aspect-ratio:0.6651041666666667\" loading=\"eager\"\/><\/p>\n<p class=\"article-picture-caption\">Sampo Kaulanen oli paikalla Kittil\u00e4n lentokent\u00e4ll\u00e4 ilmailuonnettomuuden aikaan. Kuva:\u00a0Otto Ponto<\/p>\n<p class=\"article-body mb-nof-24 px-nof-16\">Paikalla on Kaulasen mukaan runsaasti busseja odottamassa matkustajia. Lentoliikenne Kittil\u00e4n lentokent\u00e4ll\u00e4 on toistaiseksi keskeytetty huonojen s\u00e4\u00e4olosuhteiden vuoksi.<\/p>\n<p class=\"article-body mb-nof-24 px-nof-16\">\u2013 Nyt ainakin kun katsoo ulos, niin en usko, ett\u00e4 l\u00e4hitunteina mik\u00e4\u00e4n laskeutuu alas, vaikken lent\u00e4j\u00e4 olekaan, Kaulanen toteaa.<\/p>\n<p class=\"article-body mb-nof-24 px-nof-16\">Finavian mukaan Hannes-myrsky aiheuttaa keskeytyksi\u00e4 lentoliikenteeseen Kittil\u00e4n lis\u00e4ksi Ivalon ja Rovaniemen lentokentill\u00e4. Lentoliikenteen turvallisuutta arvioidaan tuulen voimakkuuden mukaan, Finavian viestinn\u00e4st\u00e4 kerrotaan.<\/p>\n<p class=\"article-body mb-nof-24 px-nof-16\">Mik\u00e4li lentokoneet eiv\u00e4t s\u00e4\u00e4olosuhteiden vuoksi voi laskeutua, ne ohjataan muille lentoasemille tai ne palaavat l\u00e4ht\u00f6paikkaansa. My\u00f6s Kaulasen tietojen mukaan h\u00e4nen asiakkaidensa kone on k\u00e4\u00e4ntynyt pois kent\u00e4lt\u00e4.<\/p>\n<p class=\"article-body mb-nof-24 px-nof-16\">Kaulasen J\u00e4nk\u00e4 Resort -lomakohde Yll\u00e4ksell\u00e4 avasi ovensa ravintola-asiakkaille marraskuun lopussa ja joulusesongiksi valmistui 13 \u201dpremium-tasoiseksi\u201d kuvailtua villaa.<\/p>\n<p><img decoding=\"async\" src=\"https:\/\/www.europesays.com\/fi\/wp-content\/uploads\/2025\/12\/1766855288_880_468.jpg\" alt=\"Lentoliikenne Kittil\u00e4n lentokent\u00e4ll\u00e4 on toistaiseksi keskeytetty huonojen s\u00e4\u00e4olosuhteiden vuoksi.\" class=\"_Img_1rerz_1\" style=\"aspect-ratio:1.5011727912431587\" loading=\"eager\"\/><\/p>\n<p class=\"article-picture-caption\">Lentoliikenne Kittil\u00e4n lentokent\u00e4ll\u00e4 on toistaiseksi keskeytetty huonojen s\u00e4\u00e4olosuhteiden vuoksi. Kuva:\u00a0Roni Rekomaa \/ Lehtikuva<\/p>\n<p class=\"article-body mb-nof-24 px-nof-16\">Lumipenkkaan ajautuneessa matkustajakoneessa oli noin 150 matkustajaa ja pienkoneessa alle 10 matkustajaa.<\/p>\n<p class=\"article-body mb-nof-24 px-nof-16\">Koneet eiv\u00e4t ole t\u00f6rm\u00e4nneet toisiinsa. Pelastuslaitos varmistaa tilannetta yhdess\u00e4 lentokent\u00e4n ty\u00f6ntekij\u00f6iden kanssa.<\/p>\n<p class=\"article-body mb-nof-24 px-nof-16\">Finavian viestinn\u00e4st\u00e4 kerrotaan <a class=\"underline underline-offset-[0.12em] [text-decoration-thickness:var(--generic-link-underline-thickness)] [text-decoration-color:var(--generic-link-underline-color)] [text-decoration-skip-ink:var(--generic-link-underline-skip-ink)] break-words\" href=\"https:\/\/www.hs.fi\/suomi\/art-2000011716154.html\" rel=\"nofollow noopener\" target=\"_blank\">Helsingin Sanomille<\/a>, ett\u00e4 Sveitsin Genevest\u00e4 Kittil\u00e4\u00e4n laskeutunut lentokone on ohjautunut laskun aikana kovan tuulen takia rullaustielt\u00e4 sivuun.<\/p>\n","protected":false},"excerpt":{"rendered":"Sampo Kaulasen mukaan Kittil\u00e4ss\u00e4 tuulee eritt\u00e4in kovaa. Yritt\u00e4j\u00e4, mediapersoona Sampo Kaulanen on paikalla Kittil\u00e4n lentoasemalla, jossa tapahtui lauantai-iltap\u00e4iv\u00e4ll\u00e4&hellip;\n","protected":false},"author":2,"featured_media":127228,"comment_status":"","ping_status":"","sticky":false,"template":"","format":"standard","meta":{"footnotes":""},"categories":[12],"tags":[22,23,26,27,33,31,30,17,34,24,25,28,29,15,18,21,32,19,20,16],"class_list":{"0":"post-127227","1":"post","2":"type-post","3":"status-publish","4":"format-standard","5":"has-post-thumbnail","7":"category-suomi","8":"tag-breaking-news","9":"tag-breakingnews","10":"tag-featured-news","11":"tag-featurednews","12":"tag-fi","13":"tag-finland","14":"tag-finnish","15":"tag-headlines","16":"tag-ilta-sanomat","17":"tag-latest-news","18":"tag-latestnews","19":"tag-main-news","20":"tag-mainnews","21":"tag-news","22":"tag-otsikot","23":"tag-paauutiset","24":"tag-suomi","25":"tag-top-stories","26":"tag-topstories","27":"tag-uutiset"},"share_on_mastodon":{"url":"https:\/\/pubeurope.com\/@fi\/115792636030349205","error":""},"_links":{"self":[{"href":"https:\/\/www.europesays.com\/fi\/wp-json\/wp\/v2\/posts\/127227","targetHints":{"allow":["GET"]}}],"collection":[{"href":"https:\/\/www.europesays.com\/fi\/wp-json\/wp\/v2\/posts"}],"about":[{"href":"https:\/\/www.europesays.com\/fi\/wp-json\/wp\/v2\/types\/post"}],"author":[{"embeddable":true,"href":"https:\/\/www.europesays.com\/fi\/wp-json\/wp\/v2\/users\/2"}],"replies":[{"embeddable":true,"href":"https:\/\/www.europesays.com\/fi\/wp-json\/wp\/v2\/comments?post=127227"}],"version-history":[{"count":0,"href":"https:\/\/www.europesays.com\/fi\/wp-json\/wp\/v2\/posts\/127227\/revisions"}],"wp:featuredmedia":[{"embeddable":true,"href":"https:\/\/www.europesays.com\/fi\/wp-json\/wp\/v2\/media\/127228"}],"wp:attachment":[{"href":"https:\/\/www.europesays.com\/fi\/wp-json\/wp\/v2\/media?parent=127227"}],"wp:term":[{"taxonomy":"category","embeddable":true,"href":"https:\/\/www.europesays.com\/fi\/wp-json\/wp\/v2\/categories?post=127227"},{"taxonomy":"post_tag","embeddable":true,"href":"https:\/\/www.europesays.com\/fi\/wp-json\/wp\/v2\/tags?post=127227"}],"curies":[{"name":"wp","href":"https:\/\/api.w.org\/{rel}","templated":true}]}}