{"id":127245,"date":"2025-12-27T17:35:08","date_gmt":"2025-12-27T17:35:08","guid":{"rendered":"https:\/\/www.europesays.com\/fi\/127245\/"},"modified":"2025-12-27T17:35:08","modified_gmt":"2025-12-27T17:35:08","slug":"tyottomia-aletaan-rangaista-herkemmin-leikkaus-jopa-satoja-euroja-kuussa","status":"publish","type":"post","link":"https:\/\/www.europesays.com\/fi\/127245\/","title":{"rendered":"Ty\u00f6tt\u00f6mi\u00e4 aletaan rangaista herkemmin: Leikkaus jopa satoja euroja kuussa"},"content":{"rendered":"<p>Ty\u00f6tt\u00f6myystuet|Maaliskuusta alkaen ty\u00f6tt\u00f6myystuen voi menett\u00e4\u00e4 viikoksi jo ensimm\u00e4isest\u00e4 velvoitteiden laiminly\u00f6nnist\u00e4.<\/p>\n<p>Lue tiivistelm\u00e4<\/p>\n<p class=\"article-body mb-nof-24 px-nof-16 sndp-summary-bullet-point-font\">Ty\u00f6tt\u00f6mien rangaistukset kiristyv\u00e4t maaliskuusta alkaen, kun ty\u00f6tt\u00f6myystuen voi menett\u00e4\u00e4 viikoksi jo ensimm\u00e4isest\u00e4 velvoitteiden laiminly\u00f6nnist\u00e4.<\/p>\n<p class=\"article-body mb-nof-24 px-nof-16 sndp-summary-bullet-point-font\">Seitsem\u00e4n p\u00e4iv\u00e4n karenssi tarkoittaa ansiosidonnaisen p\u00e4iv\u00e4rahan saajalle keskim\u00e4\u00e4rin noin 355 euron ja perusp\u00e4iv\u00e4rahan saajalle noin 161 euron bruttomenetyst\u00e4.<\/p>\n<p class=\"article-body mb-nof-24 px-nof-16 sndp-summary-bullet-point-font\">Hallitus arvioi, ett\u00e4 uudistus lis\u00e4\u00e4 ty\u00f6llisten m\u00e4\u00e4r\u00e4\u00e4 700:lla ja vahvistaa julkista taloutta yhteens\u00e4 noin 32 miljoonaa euroa vuodessa.<\/p>\n<p class=\"article-body mb-nof-24 px-nof-16\">Ty\u00f6tt\u00f6mien rangaistukset kiristyv\u00e4t ensi vuonna. Maaliskuusta alkaen ty\u00f6tt\u00f6myysturva voidaan ev\u00e4t\u00e4 m\u00e4\u00e4r\u00e4ajaksi nykyist\u00e4 herkemmin, jos ty\u00f6t\u00f6n ei noudata h\u00e4nelle asetettuja velvoitteita.<\/p>\n<p class=\"article-body mb-nof-24 px-nof-16\">Kun ty\u00f6t\u00f6n nykyisin j\u00e4tt\u00e4\u00e4 esimerkiksi hakematta vaadittua m\u00e4\u00e4r\u00e4\u00e4 ty\u00f6paikkoja, h\u00e4n saa ensin huomautuksen. Vastaisuudessa huomautuksia ei anneta, vaan jo ensimm\u00e4isest\u00e4 rikkeest\u00e4 seuraa seitsem\u00e4n p\u00e4iv\u00e4n karenssi. Karenssi tarkoittaa ty\u00f6tt\u00f6myystuen menett\u00e4mist\u00e4.<\/p>\n<p class=\"article-body mb-nof-24 px-nof-16\">Hallituksen esityksen mukaan seitsem\u00e4n p\u00e4iv\u00e4n karenssi tarkoittaa ansiosidonnaisen p\u00e4iv\u00e4rahan saajalle bruttona keskim\u00e4\u00e4rin noin 355 euron, perusp\u00e4iv\u00e4rahan saajalle noin 161 euron ja ty\u00f6markkinatuen saajalle noin 177 euron menetyst\u00e4.<\/p>\n<p class=\"article-body mb-nof-24 px-nof-16\">Keskim\u00e4\u00e4r\u00e4inen ansiosidonnainen oli viime vuonna 1\u202f527 euroa ja keskim\u00e4\u00e4r\u00e4inen ty\u00f6markkinatuki 762 euroa kuukaudessa.<\/p>\n<p class=\"article-body mb-nof-24 px-nof-16\">Esityksess\u00e4 arvioidaan, ett\u00e4 seitsem\u00e4n p\u00e4iv\u00e4n karensseja tullaan langettamaan vuodessa runsaat 35\u202f000 kappaletta. Ty\u00f6t\u00f6n voi aina v\u00e4ltt\u00e4\u00e4 karenssin noudattamalla h\u00e4nelle asetettuja velvoitteita eli hakemalla t\u00f6it\u00e4 ja osallistumalla ty\u00f6llisyyspalveluiden tapaamisiin sek\u00e4 koulutuksiin.<\/p>\n<p class=\"article-body mb-nof-24 px-nof-16\">Maaliskuusta alkaen ty\u00f6tt\u00f6mille l\u00e4hetet\u00e4\u00e4n tekstiviestitse etuk\u00e4teen muistutus l\u00e4hestyv\u00e4st\u00e4 tapaamisesta ty\u00f6voimaviranomaisen kanssa ja velvoitteiden m\u00e4\u00e4r\u00e4aikojen p\u00e4\u00e4ttymisest\u00e4.<\/p>\n<p class=\"article-body mb-nof-24 px-nof-16\">Jo toisesta rikkeest\u00e4 seuraa vastaisuudessa kuuden viikon niin sanottu ty\u00f6ss\u00e4olovelvoite. Se tarkoittaa, ett\u00e4 oikeuden ty\u00f6tt\u00f6myysturvaan saa takaisin vain esimerkiksi tekem\u00e4ll\u00e4 t\u00f6it\u00e4 tai osallistumalla m\u00e4\u00e4r\u00e4ttyihin ty\u00f6llistymist\u00e4 edist\u00e4viin palveluihin kuuden viikon ajan.<\/p>\n<p class=\"article-body mb-nof-24 px-nof-16\">Hallituksen esityksess\u00e4 arvioidaan, ett\u00e4 ty\u00f6ss\u00e4olovelvoitteita tullaan langettamaan vuoden aikana l\u00e4hes 15\u202f000.<\/p>\n<p class=\"article-body mb-nof-24 px-nof-16\">Nykyisin ty\u00f6ss\u00e4olovelvoite seuraa vasta nelj\u00e4nnest\u00e4 rikkeest\u00e4. Ensimm\u00e4isest\u00e4 rikkeest\u00e4 tulee huomautus, toisesta viikon karenssi ja kolmannesta kahden viikon karenssi.<\/p>\n<p class=\"article-body mb-nof-24 px-nof-16\">Hallitus sopi ty\u00f6tt\u00f6mien sanktioiden kirist\u00e4misest\u00e4 kev\u00e4\u00e4ll\u00e4. Uudistus ei sis\u00e4ltynyt hallitusohjelmaan.<\/p>\n<p class=\"article-body mb-nof-24 px-nof-16\">Hallituksen tavoitteena on selkeytt\u00e4\u00e4 j\u00e4rjestelm\u00e4\u00e4 ja rangaistuksia kirist\u00e4m\u00e4ll\u00e4 saada ty\u00f6tt\u00f6mi\u00e4 hakeutumaan nopeammin t\u00f6ihin.<\/p>\n<p class=\"article-body mb-nof-24 px-nof-16\">Sanktioiden kirist\u00e4minen lis\u00e4\u00e4 ty\u00f6llisten m\u00e4\u00e4r\u00e4\u00e4 700:lla, hallituksen esityksess\u00e4 arvioidaan. Julkiset menot pienenev\u00e4t vuositasolla 15 miljoonaa euroa, mink\u00e4 lis\u00e4ksi oletetut ty\u00f6llisyysvaikutukset vahvistavat julkista taloutta noin 17 miljoonaa euroa.<\/p>\n<p class=\"article-body mb-nof-24 px-nof-16\">Suomessa oli k\u00e4yt\u00f6ss\u00e4 vuoteen 2022 saakka j\u00e4rjestelm\u00e4, jossa jo ensimm\u00e4isest\u00e4 rikkeest\u00e4 saattoi seurata nykyist\u00e4 pidempi karenssi ja toistuvasta menettelyst\u00e4 ty\u00f6ss\u00e4olovelvoite. <a class=\"article-personlink\" href=\"https:\/\/www.hs.fi\/haku\/?query=Sanna%20Marinin\" rel=\"nofollow noopener\" target=\"_blank\">Sanna Marinin<\/a> (sd) hallitus kevensi karensseja samassa yhteydess\u00e4, kun se lis\u00e4si ty\u00f6tt\u00f6mien velvoitteita hakea t\u00f6it\u00e4 ja osallistua tapaamisiin.<\/p>\n<p class=\"article-body mb-nof-24 px-nof-16\">Nyt seuraamusj\u00e4rjestelm\u00e4\u00e4 vied\u00e4\u00e4n takaisin kohti vanhaa mallia, muttei kuitenkaan yht\u00e4 tiukaksi.<\/p>\n","protected":false},"excerpt":{"rendered":"Ty\u00f6tt\u00f6myystuet|Maaliskuusta alkaen ty\u00f6tt\u00f6myystuen voi menett\u00e4\u00e4 viikoksi jo ensimm\u00e4isest\u00e4 velvoitteiden laiminly\u00f6nnist\u00e4. Lue tiivistelm\u00e4 Ty\u00f6tt\u00f6mien rangaistukset kiristyv\u00e4t maaliskuusta alkaen, kun&hellip;\n","protected":false},"author":2,"featured_media":96697,"comment_status":"","ping_status":"","sticky":false,"template":"","format":"standard","meta":{"footnotes":""},"categories":[5],"tags":[22,23,26,27,33,31,30,17,46,24,25,28,29,15,18,21,32,19,20,16],"class_list":{"0":"post-127245","1":"post","2":"type-post","3":"status-publish","4":"format-standard","5":"has-post-thumbnail","7":"category-otsikot","8":"tag-breaking-news","9":"tag-breakingnews","10":"tag-featured-news","11":"tag-featurednews","12":"tag-fi","13":"tag-finland","14":"tag-finnish","15":"tag-headlines","16":"tag-helsingin-sanomat","17":"tag-latest-news","18":"tag-latestnews","19":"tag-main-news","20":"tag-mainnews","21":"tag-news","22":"tag-otsikot","23":"tag-paauutiset","24":"tag-suomi","25":"tag-top-stories","26":"tag-topstories","27":"tag-uutiset"},"share_on_mastodon":{"url":"https:\/\/pubeurope.com\/@fi\/115792741875007263","error":""},"_links":{"self":[{"href":"https:\/\/www.europesays.com\/fi\/wp-json\/wp\/v2\/posts\/127245","targetHints":{"allow":["GET"]}}],"collection":[{"href":"https:\/\/www.europesays.com\/fi\/wp-json\/wp\/v2\/posts"}],"about":[{"href":"https:\/\/www.europesays.com\/fi\/wp-json\/wp\/v2\/types\/post"}],"author":[{"embeddable":true,"href":"https:\/\/www.europesays.com\/fi\/wp-json\/wp\/v2\/users\/2"}],"replies":[{"embeddable":true,"href":"https:\/\/www.europesays.com\/fi\/wp-json\/wp\/v2\/comments?post=127245"}],"version-history":[{"count":0,"href":"https:\/\/www.europesays.com\/fi\/wp-json\/wp\/v2\/posts\/127245\/revisions"}],"wp:featuredmedia":[{"embeddable":true,"href":"https:\/\/www.europesays.com\/fi\/wp-json\/wp\/v2\/media\/96697"}],"wp:attachment":[{"href":"https:\/\/www.europesays.com\/fi\/wp-json\/wp\/v2\/media?parent=127245"}],"wp:term":[{"taxonomy":"category","embeddable":true,"href":"https:\/\/www.europesays.com\/fi\/wp-json\/wp\/v2\/categories?post=127245"},{"taxonomy":"post_tag","embeddable":true,"href":"https:\/\/www.europesays.com\/fi\/wp-json\/wp\/v2\/tags?post=127245"}],"curies":[{"name":"wp","href":"https:\/\/api.w.org\/{rel}","templated":true}]}}