{"id":127256,"date":"2025-12-27T17:59:09","date_gmt":"2025-12-27T17:59:09","guid":{"rendered":"https:\/\/www.europesays.com\/fi\/127256\/"},"modified":"2025-12-27T17:59:09","modified_gmt":"2025-12-27T17:59:09","slug":"korruptiotutkijoita-ei-paastetty-parlamenttiin-ukrainassa","status":"publish","type":"post","link":"https:\/\/www.europesays.com\/fi\/127256\/","title":{"rendered":"Korruptiotutkijoita ei p\u00e4\u00e4stetty parlamenttiin Ukrainassa"},"content":{"rendered":"<p><strong class=\"typography-bold\">Ukrainan korruptiotutkijoita on estetty p\u00e4\u00e4sem\u00e4st\u00e4 parlamenttiin kesken lahjusep\u00e4ilyjen selvitt\u00e4misen.<\/strong><\/p>\n<p>Ukrainan korruptionvastaisen viraston Nabun mukaan sen ty\u00f6skentely\u00e4 yritettiin t\u00e4n\u00e4\u00e4n lauantaina est\u00e4\u00e4, kun turvallisuusviranomaiset estiv\u00e4t korruptiotutkijoiden p\u00e4\u00e4sy\u00e4 maan parlamentin rakennukseen.\u00a0<\/p>\n<p>Tutkijat p\u00e4\u00e4stettiin my\u00f6hemmin sis\u00e4\u00e4n.<\/p>\n<p><strong class=\"typography-bold\">Lue my\u00f6s: <\/strong><a class=\"cursor-pointer underline\" data-testid=\"internal-link\" role=\"link\" data-sentry-element=\"Link\" data-sentry-component=\"InternalLink\" data-sentry-source-file=\"InternalLink.tsx\" href=\"https:\/\/www.mtvuutiset.fi\/artikkeli\/tutkija-hanesta-tulisi-ukrainan-presidentti-jos-vaalit-jarjestettaisiin-nyt\/9268794\" rel=\"nofollow noopener\" target=\"_blank\"><strong class=\"typography-bold\">Tutkija: H\u00e4nest\u00e4 tulisi Ukrainan presidentti, jos vaalit j\u00e4rjestett\u00e4isiin nyt<\/strong><\/a><\/p>\n<p>Nabu oli tutkimassa joidenkin parlamentin j\u00e4senten mahdollisia uusia lahjustapauksia. Virasto ei kertonut, mit\u00e4 tai ket\u00e4 tutkinta tarkalleen koski.<\/p>\n<p>Ven\u00e4j\u00e4n hy\u00f6kk\u00e4yssodalta puolustautuvaa Ukrainaa on koetellut kuluneena syksyn\u00e4 laaja korruptioskandaali maan energiasektorilla. Tutkintoja on kohdistunut my\u00f6s presidentti <strong class=\"typography-bold\">Volodymyr Zelenskyin<\/strong><strong class=\"typography-bold\"> <\/strong>liittolaisiin.<\/p>\n<p>Tapaukset ovat her\u00e4tt\u00e4neet kansalaisissa raivoa. Ven\u00e4j\u00e4n iskut kohdistuvat usein juuri energiaj\u00e4rjestelm\u00e4\u00e4n, mik\u00e4 aiheuttaa s\u00e4hk\u00f6katkoja ja l\u00e4mmityskatkoja talvioloissa.<\/p>\n<p>Zelenskyi on luvannut kitke\u00e4 energiasektorin korruptiota. Presidenttin\u00e4 h\u00e4n on kuitenkin aiemmin pyrkinyt my\u00f6s rajoittamaan korruptionvastaisten viranomaisten toimintaa.<\/p>\n","protected":false},"excerpt":{"rendered":"Ukrainan korruptiotutkijoita on estetty p\u00e4\u00e4sem\u00e4st\u00e4 parlamenttiin kesken lahjusep\u00e4ilyjen selvitt\u00e4misen. Ukrainan korruptionvastaisen viraston Nabun mukaan sen ty\u00f6skentely\u00e4 yritettiin t\u00e4n\u00e4\u00e4n&hellip;\n","protected":false},"author":2,"featured_media":127257,"comment_status":"","ping_status":"","sticky":false,"template":"","format":"standard","meta":{"footnotes":""},"categories":[14],"tags":[22,23,26,27,33,31,30,17,24,25,28,29,15,18,21,32,19,20,56,16,59,60,61],"class_list":{"0":"post-127256","1":"post","2":"type-post","3":"status-publish","4":"format-standard","5":"has-post-thumbnail","7":"category-ulkomaat","8":"tag-breaking-news","9":"tag-breakingnews","10":"tag-featured-news","11":"tag-featurednews","12":"tag-fi","13":"tag-finland","14":"tag-finnish","15":"tag-headlines","16":"tag-latest-news","17":"tag-latestnews","18":"tag-main-news","19":"tag-mainnews","20":"tag-news","21":"tag-otsikot","22":"tag-paauutiset","23":"tag-suomi","24":"tag-top-stories","25":"tag-topstories","26":"tag-ulkomaat","27":"tag-uutiset","28":"tag-world","29":"tag-world-news","30":"tag-worldnews"},"share_on_mastodon":{"url":"https:\/\/pubeurope.com\/@fi\/115792836362183024","error":""},"_links":{"self":[{"href":"https:\/\/www.europesays.com\/fi\/wp-json\/wp\/v2\/posts\/127256","targetHints":{"allow":["GET"]}}],"collection":[{"href":"https:\/\/www.europesays.com\/fi\/wp-json\/wp\/v2\/posts"}],"about":[{"href":"https:\/\/www.europesays.com\/fi\/wp-json\/wp\/v2\/types\/post"}],"author":[{"embeddable":true,"href":"https:\/\/www.europesays.com\/fi\/wp-json\/wp\/v2\/users\/2"}],"replies":[{"embeddable":true,"href":"https:\/\/www.europesays.com\/fi\/wp-json\/wp\/v2\/comments?post=127256"}],"version-history":[{"count":0,"href":"https:\/\/www.europesays.com\/fi\/wp-json\/wp\/v2\/posts\/127256\/revisions"}],"wp:featuredmedia":[{"embeddable":true,"href":"https:\/\/www.europesays.com\/fi\/wp-json\/wp\/v2\/media\/127257"}],"wp:attachment":[{"href":"https:\/\/www.europesays.com\/fi\/wp-json\/wp\/v2\/media?parent=127256"}],"wp:term":[{"taxonomy":"category","embeddable":true,"href":"https:\/\/www.europesays.com\/fi\/wp-json\/wp\/v2\/categories?post=127256"},{"taxonomy":"post_tag","embeddable":true,"href":"https:\/\/www.europesays.com\/fi\/wp-json\/wp\/v2\/tags?post=127256"}],"curies":[{"name":"wp","href":"https:\/\/api.w.org\/{rel}","templated":true}]}}