{"id":127267,"date":"2025-12-27T18:20:11","date_gmt":"2025-12-27T18:20:11","guid":{"rendered":"https:\/\/www.europesays.com\/fi\/127267\/"},"modified":"2025-12-27T18:20:11","modified_gmt":"2025-12-27T18:20:11","slug":"stina-avasi-konvehtirasian-ja-yllattyi-taysin-sokki-ei-ole-laantunut","status":"publish","type":"post","link":"https:\/\/www.europesays.com\/fi\/127267\/","title":{"rendered":"Stina avasi konvehtirasian ja yll\u00e4ttyi t\u00e4ysin \u2013 \u201d\u0160okki ei ole laantunut\u201d"},"content":{"rendered":"<p>Ruotsin t\u00e4hti purki pettymyst\u00e4\u00e4n somessa. <\/p>\n<p><img decoding=\"async\" class=\"image image-show image-preview\" src=\"https:\/\/www.europesays.com\/fi\/wp-content\/uploads\/2025\/12\/d28821a2171eae7318097a1bb7b719438abb8fee21deb8016d93823ce7be4198.jpeg\" alt=\"\"\/><img decoding=\"async\" class=\"image image-show\" src=\"https:\/\/www.europesays.com\/fi\/wp-content\/uploads\/2025\/12\/1766859610_820_d28821a2171eae7318097a1bb7b719438abb8fee21deb8016d93823ce7be4198.jpeg\" alt=\"\"\/><\/p>\n<p>Stina Nilsson pettyi joulun klassikotuotteeseen. Pasi Liesimaa<\/p>\n<p class=\"paragraph\">Ruotsalaishiiht\u00e4j\u00e4 <strong>Stina Nilsson<\/strong>, 32, ei ollut uskoa silmi\u00e4\u00e4n avattuaan konvehtirasian joulun alla.<\/p>\n<p class=\"paragraph\">Nilsson julkaisi Instagramin Tarinat-osiossa kuvan rasiasta, jossa kulmapaikat olivat tyhji\u00e4.<\/p>\n<p class=\"paragraph\">\u2013 \u0160okki, kun tajuat, ett\u00e4 Paradis-rasiassa on nelj\u00e4 konvehtia v\u00e4hemm\u00e4n, hiiht\u00e4j\u00e4 <a href=\"https:\/\/www.expressen.se\/sport\/langdskidor\/stina-nilssons-julchock-nar-hon-ser-innehallet\/\" target=\"_blank\" rel=\"noopener nofollow\">parahti<\/a> Expressenin mukaan.<\/p>\n<p class=\"paragraph\">Makeisvalmistaja Maraboun suklaarasioiden muutoksista uutisoitiin syksyll\u00e4. Sek\u00e4 Paradis- ett\u00e4 Aladdin-rasiat painoivat ennen 500 grammaa, mutta nyky\u00e4\u00e4n niit\u00e4 myyd\u00e4\u00e4n 410 gramman pakkauksissa.<\/p>\n<p class=\"paragraph\">T\u00e4st\u00e4 huolimatta niist\u00e4 on tullut kilohinnassa verrattuna entist\u00e4 kalliimpia.<\/p>\n<p class=\"paragraph\">Syyksi on kerrottu kulujen nousu.<\/p>\n<p class=\"paragraph\">\u2013 Olemme n\u00e4hneet, ett\u00e4 kaakaon hinnat ailahtelevat. Ne nousevat ja toisinaan putoavat, mutta ovat silti historiallisen korkealla tasolla, Maraboun omistavan Mondelez Internationalin toimitusjohtaja <strong>Julia Lindberg<\/strong> selvitt\u00e4\u00e4 Expressenille.<\/p>\n<p class=\"paragraph\">Kuluttajallle pahinta lienee kuitenkin n\u00e4ky muovikennossa, joka on kuin suklaarosvon j\u00e4ljilt\u00e4.<\/p>\n<p class=\"paragraph\">\u2013 \u0160okki ei ole laantunut, Nilsson kirjoittaa.<\/p>\n<p>Mielenkiintoinen ura<\/p>\n<p class=\"paragraph\">Maastohiihdossa olympia- ja MM-mitaleita kahminut Nilsson teki lajinvaihdon vuonna 2020, kun h\u00e4n siirtyi ampumahiihtoon. Nelj\u00e4n maailmancup-kauden j\u00e4lkeen Nilsson j\u00e4tti ampumahiihdon ja siirtyi viime vuonna pitk\u00e4n matkan hiihtokilpailusarja Ski Classicsiin.<\/p>\n<p class=\"paragraph\">Team Radge Chargea edustava Nilsson t\u00e4m\u00e4n vuoden Ski Classicsin pistetilastossa toisena.<\/p>\n<p>Paradis-rasia on kokenut muutoksen.  KARI PEKONEN<\/p>\n<p><a href=\"https:\/\/www.iltalehti.fi\/telkku\/?utm_source=iltalehti.fi&amp;utm_medium=almainternal&amp;utm_campaign=urheilu_artikkelibanneri&amp;utm_content=banner_612_a\" rel=\"nofollow noopener\" target=\"_blank\"><img decoding=\"async\" src=\"https:\/\/www.europesays.com\/fi\/wp-content\/uploads\/2025\/08\/7ef604e47d46ca174b7df4149bd3557dbde56a86d520f8e1b2125548b0a2e03a.png\" alt=\"TV-ohjelmat t\u00e4n\u00e4\u00e4n, TV-opas\"\/><\/a><\/p>\n","protected":false},"excerpt":{"rendered":"Ruotsin t\u00e4hti purki pettymyst\u00e4\u00e4n somessa. Stina Nilsson pettyi joulun klassikotuotteeseen. Pasi Liesimaa Ruotsalaishiiht\u00e4j\u00e4 Stina Nilsson, 32, ei ollut&hellip;\n","protected":false},"author":2,"featured_media":127268,"comment_status":"","ping_status":"","sticky":false,"template":"","format":"standard","meta":{"footnotes":""},"categories":[158],"tags":[35,33,31,30,2096,41,3318,2668,159,32,1145,160],"class_list":{"0":"post-127267","1":"post","2":"type-post","3":"status-publish","4":"format-standard","5":"has-post-thumbnail","7":"category-urheilu","8":"tag-24h","9":"tag-fi","10":"tag-finland","11":"tag-finnish","12":"tag-hiihtolajit","13":"tag-liikunta-ja-urheilu","14":"tag-maastohiihto","15":"tag-pohjoismaiset-hiihtolajit","16":"tag-sports","17":"tag-suomi","18":"tag-talviurheilu","19":"tag-urheilu"},"share_on_mastodon":{"url":"https:\/\/pubeurope.com\/@fi\/115792919197087944","error":""},"_links":{"self":[{"href":"https:\/\/www.europesays.com\/fi\/wp-json\/wp\/v2\/posts\/127267","targetHints":{"allow":["GET"]}}],"collection":[{"href":"https:\/\/www.europesays.com\/fi\/wp-json\/wp\/v2\/posts"}],"about":[{"href":"https:\/\/www.europesays.com\/fi\/wp-json\/wp\/v2\/types\/post"}],"author":[{"embeddable":true,"href":"https:\/\/www.europesays.com\/fi\/wp-json\/wp\/v2\/users\/2"}],"replies":[{"embeddable":true,"href":"https:\/\/www.europesays.com\/fi\/wp-json\/wp\/v2\/comments?post=127267"}],"version-history":[{"count":0,"href":"https:\/\/www.europesays.com\/fi\/wp-json\/wp\/v2\/posts\/127267\/revisions"}],"wp:featuredmedia":[{"embeddable":true,"href":"https:\/\/www.europesays.com\/fi\/wp-json\/wp\/v2\/media\/127268"}],"wp:attachment":[{"href":"https:\/\/www.europesays.com\/fi\/wp-json\/wp\/v2\/media?parent=127267"}],"wp:term":[{"taxonomy":"category","embeddable":true,"href":"https:\/\/www.europesays.com\/fi\/wp-json\/wp\/v2\/categories?post=127267"},{"taxonomy":"post_tag","embeddable":true,"href":"https:\/\/www.europesays.com\/fi\/wp-json\/wp\/v2\/tags?post=127267"}],"curies":[{"name":"wp","href":"https:\/\/api.w.org\/{rel}","templated":true}]}}