{"id":127272,"date":"2025-12-27T18:25:10","date_gmt":"2025-12-27T18:25:10","guid":{"rendered":"https:\/\/www.europesays.com\/fi\/127272\/"},"modified":"2025-12-27T18:25:10","modified_gmt":"2025-12-27T18:25:10","slug":"kirjakauppiaan-tutkimukset-on-mita-suloisin-rikossarja","status":"publish","type":"post","link":"https:\/\/www.europesays.com\/fi\/127272\/","title":{"rendered":"Kirjakauppiaan tutkimukset on mit\u00e4 suloisin rikossarja"},"content":{"rendered":"<p>Televisioarvio|Syd\u00e4mellinen Kirjakauppiaan tutkimuksia -sarja sijoittuu vuoden 1946 Lontooseen.<\/p>\n<p class=\"article-body mb-nof-24 px-nof-16\">Kirjakauppiaan tutkimuksia (Bookish). Yle Areena. \u2605\u2605\u2605\u2605<\/p>\n<p class=\"article-body mb-nof-24 px-nof-16\">Amat\u00f6\u00f6rietsiv\u00e4n hommissa televisiossa olemme jo n\u00e4hneet esimerkiksi dekkaristin, antiikkikauppiaan, nunnan, katolisen papin, anglikaanipapin ja puutarhurikaksikon.<\/p>\n<p class=\"article-body mb-nof-24 px-nof-16\">Kirjakauppias sopii joukkoon hienosti. Kirjakauppiaat ovat yleens\u00e4 lukeneet paljon ja tottuneet kohtaamaan monenlaisia ihmisi\u00e4. Erinomaisessa brittisarjassa Kirjakauppiaan tutkimukset (2025\u2013) rikoksia ratkovalla viisaalla ja sympaattisella kirjakauppiaalla on viel\u00e4p\u00e4 niinkin sattuva nimi kuin Gabriel Book.<\/p>\n","protected":false},"excerpt":{"rendered":"Televisioarvio|Syd\u00e4mellinen Kirjakauppiaan tutkimuksia -sarja sijoittuu vuoden 1946 Lontooseen. Kirjakauppiaan tutkimuksia (Bookish). Yle Areena. \u2605\u2605\u2605\u2605 Amat\u00f6\u00f6rietsiv\u00e4n hommissa televisiossa olemme&hellip;\n","protected":false},"author":2,"featured_media":127273,"comment_status":"","ping_status":"","sticky":false,"template":"","format":"standard","meta":{"footnotes":""},"categories":[14],"tags":[22,23,26,27,33,31,30,17,46,24,25,28,29,15,18,21,32,19,20,56,16,59,60,61],"class_list":{"0":"post-127272","1":"post","2":"type-post","3":"status-publish","4":"format-standard","5":"has-post-thumbnail","7":"category-ulkomaat","8":"tag-breaking-news","9":"tag-breakingnews","10":"tag-featured-news","11":"tag-featurednews","12":"tag-fi","13":"tag-finland","14":"tag-finnish","15":"tag-headlines","16":"tag-helsingin-sanomat","17":"tag-latest-news","18":"tag-latestnews","19":"tag-main-news","20":"tag-mainnews","21":"tag-news","22":"tag-otsikot","23":"tag-paauutiset","24":"tag-suomi","25":"tag-top-stories","26":"tag-topstories","27":"tag-ulkomaat","28":"tag-uutiset","29":"tag-world","30":"tag-world-news","31":"tag-worldnews"},"share_on_mastodon":{"url":"https:\/\/pubeurope.com\/@fi\/115792938624493200","error":""},"_links":{"self":[{"href":"https:\/\/www.europesays.com\/fi\/wp-json\/wp\/v2\/posts\/127272","targetHints":{"allow":["GET"]}}],"collection":[{"href":"https:\/\/www.europesays.com\/fi\/wp-json\/wp\/v2\/posts"}],"about":[{"href":"https:\/\/www.europesays.com\/fi\/wp-json\/wp\/v2\/types\/post"}],"author":[{"embeddable":true,"href":"https:\/\/www.europesays.com\/fi\/wp-json\/wp\/v2\/users\/2"}],"replies":[{"embeddable":true,"href":"https:\/\/www.europesays.com\/fi\/wp-json\/wp\/v2\/comments?post=127272"}],"version-history":[{"count":0,"href":"https:\/\/www.europesays.com\/fi\/wp-json\/wp\/v2\/posts\/127272\/revisions"}],"wp:featuredmedia":[{"embeddable":true,"href":"https:\/\/www.europesays.com\/fi\/wp-json\/wp\/v2\/media\/127273"}],"wp:attachment":[{"href":"https:\/\/www.europesays.com\/fi\/wp-json\/wp\/v2\/media?parent=127272"}],"wp:term":[{"taxonomy":"category","embeddable":true,"href":"https:\/\/www.europesays.com\/fi\/wp-json\/wp\/v2\/categories?post=127272"},{"taxonomy":"post_tag","embeddable":true,"href":"https:\/\/www.europesays.com\/fi\/wp-json\/wp\/v2\/tags?post=127272"}],"curies":[{"name":"wp","href":"https:\/\/api.w.org\/{rel}","templated":true}]}}