{"id":127282,"date":"2025-12-27T18:47:10","date_gmt":"2025-12-27T18:47:10","guid":{"rendered":"https:\/\/www.europesays.com\/fi\/127282\/"},"modified":"2025-12-27T18:47:10","modified_gmt":"2025-12-27T18:47:10","slug":"sarah-dzafce-puhuu-suunsa-puhtaaksi-missikohusta","status":"publish","type":"post","link":"https:\/\/www.europesays.com\/fi\/127282\/","title":{"rendered":"Sarah Dzafce puhuu suunsa puhtaaksi missikohusta!"},"content":{"rendered":"<p>            Miikka Kaskinen\n        <\/p>\n<p class=\"subtitle \">&#8221;Kulta ei muutu hopeaksi, eik\u00e4 hopea kullaksi&#8221;, toteaa kruununsa menett\u00e4nyt Sarah Dzafce.<\/p>\n<p class=\"article-content article-content-width !bg-background\"> kruunattiin Miss Suomeksi syyskuun alussa. Joulukuun puoliv\u00e4liss\u00e4 missiorganisaatio vei Sarahilta kuitenkin kruunun ja sit\u00e4 kautta tittelin.<\/p>\n<p class=\"article-content article-content-width !bg-background\">Taustalla oli kohukuva, jossa Sarah venytt\u00e4\u00e4 silmi\u00e4\u00e4n.<\/p>\n<p class=\"article-content article-content-width !bg-background\">Kuvan yhteyteen oli kirjoitettu: \u201dKiinalaisenkaa sy\u00f6m\u00e4s\u201d.<\/p>\n<p>        <a itemprop=\"url\" href=\"https:\/\/www.seiska.fi\/kotimaa\/kruununsa-menettanyt-missi-sarah-dzafce-jattiyllatys\/2031286\" rel=\"nofollow noopener\" target=\"_blank\"><\/p>\n<p>\nSarah Dzafce\n<\/p>\n<p class=\"section-date\">\n        <strong class=\"article-section\" data-section=\"kotimaa\"><br \/>\n            kotimaa<br \/>\n        <\/strong><br \/>\n        26.12. 17:30\n    <\/p>\n<p>Kruununsa menett\u00e4nyt missi Sarah Dzafce: J\u00e4ttiyll\u00e4tys!\n    <\/p>\n<p itemprop=\"description\" class=\"subtitle \">\n    Ex-missi rikkoi hiljaisuuden.\n<\/p>\n<p>        <\/a><\/p>\n<p class=\"article-content article-content-width !bg-background\">Kohukuvan oli ottanut Sarahin yst\u00e4v\u00e4, eik\u00e4 tarkoituksena ollut jakaa kuvaa eteenp\u00e4in.<\/p>\n<p class=\"article-content article-content-width !bg-background\">N\u00e4in kuitenkin k\u00e4vi, ja sitten l\u00e4htikin iso py\u00f6r\u00e4 py\u00f6rim\u00e4\u00e4n.<\/p>\n<p>                <img decoding=\"async\" src=\"https:\/\/www.europesays.com\/fi\/wp-content\/uploads\/2025\/12\/2022824.webp\" width=\"576\" height=\"322\" alt=\"Sarah Dzafce ehti olla Miss Suomi 2025 kolmisen kuukautta.\" loading=\"lazy\" \/>            <\/p>\n<p>\n            Sarah Dzafce ehti olla Miss Suomi 2025 kolmisen kuukautta.<br \/>\n            Ninni Varsila\n        <\/p>\n<p>Sarahin kohtalo jakanut kansaa<\/p>\n<p class=\"article-content article-content-width !bg-background\">Alun perin 1. perint\u00f6prinsessaksi tullut  sai Miss Suomen tittelin Sarahilta.<\/p>\n<p class=\"article-content article-content-width !bg-background\">Somen perusteella Sarahin kohtalo on jakanut suomalaisia kuin rusinat maksalaatikossa.<\/p>\n<p>        <a itemprop=\"url\" href=\"https:\/\/www.seiska.fi\/vain-seiskassa\/miss-suomi-kohu-saavutti-lakipisteensa-nyt-sanaisen-arkkunsa-avaa-johanna-tukiainen\/2024329\" rel=\"nofollow noopener\" target=\"_blank\"><\/p>\n<p>\nMiss Suomi -kohu\n<\/p>\n<p class=\"section-date\">\n        <strong class=\"article-section\" data-section=\"vain seiskassa\"><br \/>\n            vain seiskassa<br \/>\n        <\/strong><br \/>\n        17.12. 15:03\n    <\/p>\n<p>Miss Suomi -kohu saavutti lakipisteens\u00e4 \u2013 nyt sanaisen arkkunsa avaa Johanna Tukiainen\n    <\/p>\n<p itemprop=\"description\" class=\"subtitle \">\n    Johanna Tukiainen puolustaa Sarah Dzafcea ja ihmettelee missiorganisaation toimintaa tapauksessa. Osansa Johannan puheissa saavat my\u00f6s muutamat perussuomalaiset.\n<\/p>\n<p>        <\/a><\/p>\n<p class=\"article-content article-content-width !bg-background\">Kierrokset eiv\u00e4t ota laantuakseen, sill\u00e4 Sarah pestasi juristi  hoitamaan asiaansa.<\/p>\n<p class=\"article-content article-content-width !bg-background\">Ep\u00e4selv\u00e4\u00e4 kuitenkin on, mit\u00e4 kaksikko yritt\u00e4\u00e4 tarkalleen saavuttaa, sill\u00e4 esimerkiksi mahdollinen kruunun ottamisen laittomuus kuulostaa melko lennokkaalta.<\/p>\n<p>                <img decoding=\"async\" src=\"https:\/\/www.europesays.com\/fi\/wp-content\/uploads\/2025\/12\/2024100.webp\" width=\"576\" height=\"322\" alt=\"Tara Lehtonen on nykyinen Miss Suomi.\" loading=\"lazy\" \/>            <\/p>\n<p>\n            Tara Lehtonen on nykyinen Miss Suomi.<br \/>\n            Ninni Varsila\n        <\/p>\n<p>&#8221;Niin kiitollinen t\u00e4st\u00e4&#8221;<\/p>\n<p class=\"article-content article-content-width !bg-background\">Yht\u00e4 kaikki, tapaninp\u00e4iv\u00e4n\u00e4 moni hieraisi silmi\u00e4\u00e4n n\u00e4hdess\u00e4\u00e4n Sarahin Ice Cage -kamppailutapahtuman yhten\u00e4 haastattelijana.<\/p>\n<p class=\"article-content article-content-width !bg-background\">Seiskalle hyv\u00e4ntuulinen Sarah avasi ajatuksiaan ottelutapahtuman j\u00e4lkeen.<\/p>\n<p>\n            Siit\u00e4 voi jokainen tehd\u00e4 omat p\u00e4\u00e4telm\u00e4ns\u00e4.\n            <\/p>\n<p class=\"article-content article-content-width !bg-background\">\u2013 Ihan mahtava ilta on ollut, olen niin kiitollinen t\u00e4st\u00e4 mahdollisuudesta, Sarah viittaa pestiins\u00e4.<\/p>\n<p class=\"article-content article-content-width !bg-background\">Sarah kertoo, ett\u00e4 h\u00e4neen otettiin yhteytt\u00e4 somen kautta \u2013 ja \u201dvarmaankin somen takia\u201d, kuten h\u00e4n itse asian n\u00e4kee.<\/p>\n<p>                <img decoding=\"async\" src=\"https:\/\/www.europesays.com\/fi\/wp-content\/uploads\/2025\/12\/2031462.webp\" width=\"576\" height=\"639\" alt=\"Sarah vaikutti vallan hyv\u00e4ntuuliselta onnistuneen Ice Cage -tapahtuman j\u00e4lkeen.\" loading=\"lazy\" \/>            <\/p>\n<p>\n            Sarah vaikutti vallan hyv\u00e4ntuuliselta onnistuneen Ice Cage -tapahtuman j\u00e4lkeen.<br \/>\n            Miikka Kaskinen\n        <\/p>\n<p> \u201dMe ei sulta kruunua vied\u00e4\u201d <\/p>\n<p class=\"article-content article-content-width !bg-background\">Sarah py\u00f6r\u00e4hti taannoin Iltalehden  <a href=\"https:\/\/www.iltalehti.fi\/viihdeuutiset\/a\/724d84ab-ac1c-4b07-802b-1c59e6d3db53\" target=\"_blank\" rel=\"nofollow noopener\">nimikko-ohjelmassa, jossa h\u00e4n kertomansa mukaan sai<\/a> missipomo  vakuutteluja siit\u00e4, ettei t\u00e4m\u00e4 menett\u00e4isi kruunuaan, kun kohu oli k\u00e4ynnistynyt.<\/p>\n<p class=\"article-content article-content-width !bg-background\">\u2013 \u201dMe ei sulta kruunua vied\u00e4\u201d, sanottiin minulle kolme p\u00e4iv\u00e4\u00e4 ennen kuin se vietiin, Sarah kertoo.<\/p>\n<p>\n            Kulta ei muutu hopeaksi, eik\u00e4 hopea kullaksi.\n            <\/p>\n<p class=\"article-content article-content-width !bg-background\">\u2013 Kari auttaa minua t\u00e4ss\u00e4 asiassa, ja kuten h\u00e4n itsekin sanoi, h\u00e4n ei anna laulutunteja.\u00a0Siit\u00e4 voi jokainen tehd\u00e4 omat p\u00e4\u00e4telm\u00e4ns\u00e4.<\/p>\n<p class=\"article-content article-content-width !bg-background\">Ehk\u00e4 juuri kruunun menett\u00e4misen takia Sarah on kuitenkin saanut valtavasti tukea sosiaalisessa mediassa.<\/p>\n<p>                <img decoding=\"async\" src=\"https:\/\/www.europesays.com\/fi\/wp-content\/uploads\/2025\/12\/2020999.webp\" width=\"576\" height=\"720\" alt=\"Monien mielest\u00e4 Sarah on todellisuudessa edelleen Miss Suomi. Arviolta yht\u00e4 suuren osan mielest\u00e4 kruunun vieminen oli oikea p\u00e4\u00e4t\u00f6s.\" loading=\"lazy\" \/>            <\/p>\n<p>\n            Monien mielest\u00e4 Sarah on todellisuudessa edelleen Miss Suomi. Arviolta yht\u00e4 suuren osan mielest\u00e4 kruunun vieminen oli oikea p\u00e4\u00e4t\u00f6s.<br \/>\n            Timo Korhonen\n        <\/p>\n<p>Itseluottamus tullut takaisin<\/p>\n<p class=\"article-content article-content-width !bg-background\">My\u00f6s osa suomalaisista julkkiksista aina \u00a0ja  alkaen on kokenut tapahtuneen olleen liioiteltu p\u00e4\u00e4t\u00f6s.<\/p>\n<p class=\"article-content article-content-width !bg-background\">\u2013 Ihan \u00e4lytt\u00f6m\u00e4n paljon on tullut tsemppiviestej\u00e4 ihmisilt\u00e4, jotka tukevat minua ja haluavat hyv\u00e4\u00e4.<\/p>\n<p>        <a itemprop=\"url\" href=\"https:\/\/www.seiska.fi\/kotimaa\/is-sarah-dzafcelta-mystinen-kommentti-kohukuvan-julkaisseesta-ystavasta\/2021855\" rel=\"nofollow noopener\" target=\"_blank\"><\/p>\n<p>\nIS: Sarah Dzacfe rikkoi hiljaisuuden\n<\/p>\n<p class=\"section-date\">\n        <strong class=\"article-section\" data-section=\"kotimaa\"><br \/>\n            kotimaa<br \/>\n        <\/strong><br \/>\n        15.12. 10:55\n    <\/p>\n<p>IS: Sarah Dzafcelta mystinen kommentti kohukuvan julkaisseesta yst\u00e4v\u00e4st\u00e4\n    <\/p>\n<p itemprop=\"description\" class=\"subtitle \">\n    Suomalaiset ovat jakaantuneet jyrk\u00e4sti sen suhteen, olisiko Sarah Dzafcen pit\u00e4nyt saa jatkaa missin\u00e4 vai oliko kruunun pois ottaminen oikea p\u00e4\u00e4t\u00f6s.\n<\/p>\n<p>        <\/a><\/p>\n<p class=\"article-content article-content-width !bg-background\">\u2013 Mutta valehtelisin, jos v\u00e4itt\u00e4isin, ettei vihaviestej\u00e4kin tule edelleen paljon.<\/p>\n<p class=\"article-content article-content-width !bg-background\">Sarah kertoo olevansa edelleen hyviss\u00e4 v\u00e4leiss\u00e4 missiksi nousseen Taran kanssa.<\/p>\n<p class=\"article-content article-content-width !bg-background\">Silti h\u00e4n haluaa sanoa jotain.<\/p>\n<p class=\"article-content article-content-width !bg-background\">\u2013 Kulta ei muutu hopeaksi, eik\u00e4 hopea kullaksi.<\/p>\n<p class=\"article-content article-content-width !bg-background\">\u2013 Sit\u00e4 ei yksik\u00e4\u00e4n tittelin tai kruunun vieminen pois muuta.<\/p>\n<p>        <a itemprop=\"url\" href=\"https:\/\/www.seiska.fi\/kotimaa\/kaisa-liskilla-meni-hermot-miss-suomi-kohuun-ihan-eri-levelilla\/2021021\" rel=\"nofollow noopener\" target=\"_blank\"><\/p>\n<p>\nMiss Suomi -kohu\n<\/p>\n<p class=\"section-date\">\n        <strong class=\"article-section\" data-section=\"kotimaa\"><br \/>\n            kotimaa<br \/>\n        <\/strong><br \/>\n        13.12. 18:30\n    <\/p>\n<p>Kaisa Liskill\u00e4 meni hermot Miss Suomi -kohuun: &#8221;Ihan eri levelill\u00e4&#8221;\n    <\/p>\n<p itemprop=\"description\" class=\"subtitle \">\n    Kaisa Liski ei purematta niele missin vaihtumista. Kiinteist\u00f6kuningattarena tunnettu nainen sanoo muun muassa &#8221;koko helvetin maan olevan yht\u00e4 saatanan mielens\u00e4pahoittajaa&#8221;.\n<\/p>\n<p>        <\/a><\/p>\n","protected":false},"excerpt":{"rendered":"Miikka Kaskinen &#8221;Kulta ei muutu hopeaksi, eik\u00e4 hopea kullaksi&#8221;, toteaa kruununsa menett\u00e4nyt Sarah Dzafce. kruunattiin Miss Suomeksi syyskuun&hellip;\n","protected":false},"author":2,"featured_media":127283,"comment_status":"","ping_status":"","sticky":false,"template":"","format":"standard","meta":{"footnotes":""},"categories":[130],"tags":[137,33,31,30,21948,2682,3458,22550,17847,32,21232,109],"class_list":{"0":"post-127282","1":"post","2":"type-post","3":"status-publish","4":"format-standard","5":"has-post-thumbnail","7":"category-viihde","8":"tag-entertainment","9":"tag-fi","10":"tag-finland","11":"tag-finnish","12":"tag-kari-uoti","13":"tag-kauneus","14":"tag-miss-suomi","15":"tag-sarah-dzacfe","16":"tag-sunneva-sjogren","17":"tag-suomi","18":"tag-tara-lehtonen","19":"tag-viihde"},"share_on_mastodon":{"url":"https:\/\/pubeurope.com\/@fi\/115793025288674461","error":""},"_links":{"self":[{"href":"https:\/\/www.europesays.com\/fi\/wp-json\/wp\/v2\/posts\/127282","targetHints":{"allow":["GET"]}}],"collection":[{"href":"https:\/\/www.europesays.com\/fi\/wp-json\/wp\/v2\/posts"}],"about":[{"href":"https:\/\/www.europesays.com\/fi\/wp-json\/wp\/v2\/types\/post"}],"author":[{"embeddable":true,"href":"https:\/\/www.europesays.com\/fi\/wp-json\/wp\/v2\/users\/2"}],"replies":[{"embeddable":true,"href":"https:\/\/www.europesays.com\/fi\/wp-json\/wp\/v2\/comments?post=127282"}],"version-history":[{"count":0,"href":"https:\/\/www.europesays.com\/fi\/wp-json\/wp\/v2\/posts\/127282\/revisions"}],"wp:featuredmedia":[{"embeddable":true,"href":"https:\/\/www.europesays.com\/fi\/wp-json\/wp\/v2\/media\/127283"}],"wp:attachment":[{"href":"https:\/\/www.europesays.com\/fi\/wp-json\/wp\/v2\/media?parent=127282"}],"wp:term":[{"taxonomy":"category","embeddable":true,"href":"https:\/\/www.europesays.com\/fi\/wp-json\/wp\/v2\/categories?post=127282"},{"taxonomy":"post_tag","embeddable":true,"href":"https:\/\/www.europesays.com\/fi\/wp-json\/wp\/v2\/tags?post=127282"}],"curies":[{"name":"wp","href":"https:\/\/api.w.org\/{rel}","templated":true}]}}