{"id":127284,"date":"2025-12-27T18:50:14","date_gmt":"2025-12-27T18:50:14","guid":{"rendered":"https:\/\/www.europesays.com\/fi\/127284\/"},"modified":"2025-12-27T18:50:14","modified_gmt":"2025-12-27T18:50:14","slug":"toimitus-suosittelee-lue-ainakin-nama-jutut-lauantailta-savo","status":"publish","type":"post","link":"https:\/\/www.europesays.com\/fi\/127284\/","title":{"rendered":"Toimitus suosittelee | Lue ainakin n\u00e4m\u00e4 jutut lauantailta | Savo"},"content":{"rendered":"<p>Savon Sanomat koostaa joka ilta paketin p\u00e4iv\u00e4n kiinnostavimmista artikkeleista.<\/p>\n<p>Lue ainakin n\u00e4m\u00e4 jutut lauantailta.<\/p>\n<p>\t\t\t\tT\u00e4llaisia ravintoloita Kuopioon kaivataan \u2013 yksi ketju nousi kyselyss\u00e4 selke\u00e4sti ylitse muiden<\/p>\n<p>Verkkokysely nosti esiin selke\u00e4sti erottuvat toiveet ruoka- ja iltaravintoloille. Sattumoisin my\u00f6s vanhoista lukiokavereista koostunut nelikko yhtyi yleisimpiin n\u00e4kemyksiin.<\/p>\n<p>\t\t\t\t\t<img class=\"diks-card__image\" src=\"https:\/\/www.europesays.com\/fi\/wp-content\/uploads\/2025\/12\/11218093.jpg\"   loading=\"lazy\" decoding=\"sync\" alt=\"\"\/><\/p>\n<p>\t\t\t\tSalaper\u00e4inen auttaja | Savolaisrouvan kohtalo kosketti rikasta hyv\u00e4ntekij\u00e4\u00e4, joka soitti toimitukseen ja kertoi haluavansa auttaa<\/p>\n<p>Salaper\u00e4isell\u00e4 liikemiehell\u00e4 on viinan v\u00e4ritt\u00e4m\u00e4 menneisyys ja yksi pelko: h\u00e4n ei halua kuulostaa kerskailijalta, sill\u00e4 siit\u00e4 Jumala ei pit\u00e4isi.<\/p>\n<p>\t\t\t\t\t<img class=\"diks-card__image\" src=\"https:\/\/www.europesays.com\/fi\/wp-content\/uploads\/2025\/12\/11202830.jpg\"   loading=\"lazy\" decoding=\"sync\" alt=\"\"\/><\/p>\n<p>\t\t\t\tPistep\u00f6rssien k\u00e4rkinainen kotiutui nopeasti Kuopioon<\/p>\n<p>Puijo Wolleyn ja Savo Volleyn urakat lentopallon Mestaruusliigassa jatkuvat nopeasti lyhyen joulutauon j\u00e4lkeen. <\/p>\n<p>22-vuotias maajoukkuepelaaja\u00a0<strong>Ada Aronen<\/strong>\u00a0oli k\u00e4rkipaikalla per\u00e4ti nelj\u00e4ss\u00e4 eri tilastossa lentopallon Mestaruusliigojen l\u00e4htiess\u00e4 lyhyelle joulutauolle.<\/p>\n<p>\t\t\t\t\t<img class=\"diks-card__image\" src=\"https:\/\/www.europesays.com\/fi\/wp-content\/uploads\/2025\/12\/11067024.jpg\"   loading=\"lazy\" decoding=\"sync\" alt=\"\"\/><\/p>\n<p>\t\t\t\tSairaus vei Valma Linnanm\u00e4elt\u00e4, 24, unelman \u2013 nyt h\u00e4n ja Paulus, 26, ty\u00f6llist\u00e4v\u00e4t parikymment\u00e4 ihmist\u00e4<\/p>\n<p>Kaikki eiv\u00e4t uskoneet, ett\u00e4 <strong>Valma Linnanm\u00e4est\u00e4<\/strong> olisi yritt\u00e4j\u00e4ksi. Siilinj\u00e4rvel\u00e4ispariskunta perusti yrityksens\u00e4 puoliso <strong>Pauluksen<\/strong> opintolainan avulla.<\/p>\n<p>\t\t\t\t\t<img class=\"diks-card__image\" src=\"https:\/\/www.europesays.com\/fi\/wp-content\/uploads\/2025\/12\/11196461.jpg\"   loading=\"lazy\" decoding=\"sync\" alt=\"\"\/><\/p>\n","protected":false},"excerpt":{"rendered":"Savon Sanomat koostaa joka ilta paketin p\u00e4iv\u00e4n kiinnostavimmista artikkeleista. Lue ainakin n\u00e4m\u00e4 jutut lauantailta. T\u00e4llaisia ravintoloita Kuopioon kaivataan&hellip;\n","protected":false},"author":2,"featured_media":127285,"comment_status":"","ping_status":"","sticky":false,"template":"","format":"standard","meta":{"footnotes":""},"categories":[76],"tags":[79,77,33,31,30,1143,2935,1132,41,5196,4686,32,78,1145],"class_list":{"0":"post-127284","1":"post","2":"type-post","3":"status-publish","4":"format-standard","5":"has-post-thumbnail","7":"category-talous","8":"tag-business","9":"tag-economy","10":"tag-fi","11":"tag-finland","12":"tag-finnish","13":"tag-jaakiekko","14":"tag-kalpa","15":"tag-kuopio","16":"tag-liikunta-ja-urheilu","17":"tag-pielavesi","18":"tag-suomen-jaakiekko","19":"tag-suomi","20":"tag-talous","21":"tag-talviurheilu"},"share_on_mastodon":{"url":"https:\/\/pubeurope.com\/@fi\/115793037462719696","error":""},"_links":{"self":[{"href":"https:\/\/www.europesays.com\/fi\/wp-json\/wp\/v2\/posts\/127284","targetHints":{"allow":["GET"]}}],"collection":[{"href":"https:\/\/www.europesays.com\/fi\/wp-json\/wp\/v2\/posts"}],"about":[{"href":"https:\/\/www.europesays.com\/fi\/wp-json\/wp\/v2\/types\/post"}],"author":[{"embeddable":true,"href":"https:\/\/www.europesays.com\/fi\/wp-json\/wp\/v2\/users\/2"}],"replies":[{"embeddable":true,"href":"https:\/\/www.europesays.com\/fi\/wp-json\/wp\/v2\/comments?post=127284"}],"version-history":[{"count":0,"href":"https:\/\/www.europesays.com\/fi\/wp-json\/wp\/v2\/posts\/127284\/revisions"}],"wp:featuredmedia":[{"embeddable":true,"href":"https:\/\/www.europesays.com\/fi\/wp-json\/wp\/v2\/media\/127285"}],"wp:attachment":[{"href":"https:\/\/www.europesays.com\/fi\/wp-json\/wp\/v2\/media?parent=127284"}],"wp:term":[{"taxonomy":"category","embeddable":true,"href":"https:\/\/www.europesays.com\/fi\/wp-json\/wp\/v2\/categories?post=127284"},{"taxonomy":"post_tag","embeddable":true,"href":"https:\/\/www.europesays.com\/fi\/wp-json\/wp\/v2\/tags?post=127284"}],"curies":[{"name":"wp","href":"https:\/\/api.w.org\/{rel}","templated":true}]}}