{"id":127287,"date":"2025-12-27T18:52:13","date_gmt":"2025-12-27T18:52:13","guid":{"rendered":"https:\/\/www.europesays.com\/fi\/127287\/"},"modified":"2025-12-27T18:52:13","modified_gmt":"2025-12-27T18:52:13","slug":"riikka-purralla-on-puolisonsa-kanssa-asuntolainaa-satojatuhansia-nain-paljon-rahaa-riikalla-kului-viikossa","status":"publish","type":"post","link":"https:\/\/www.europesays.com\/fi\/127287\/","title":{"rendered":"Riikka Purralla on puolisonsa kanssa asuntolainaa satojatuhansia \u2013 n\u00e4in paljon rahaa Riikalla kului viikossa"},"content":{"rendered":"<p>Rikkin\u00e4inen lapsuus ja velaksi el\u00e4minen tekiv\u00e4t Riikka Purrasta pahaan p\u00e4iv\u00e4\u00e4n varautujan. H\u00e4n ei pid\u00e4 turvatonta menneisyytt\u00e4\u00e4n pelk\u00e4st\u00e4\u00e4n ik\u00e4v\u00e4n\u00e4 asiana. \u2013 Kaikki n\u00e4m\u00e4 kokemukset ovat tehneet minusta minut, hyv\u00e4ss\u00e4 ja pahassa.<\/p>\n<p class=\"article-body mb-nof-24 px-nof-16\">Me Naiset julkaisee uudelleen vuoden 2025 luetuimpia henkil\u00f6juttuja. T\u00e4m\u00e4 on Vuoden helmet -juttusarjan nelj\u00e4s osa. <\/p>\n<p class=\"article-body mb-nof-24 px-nof-16\">Kun valtiovarainministeri <a class=\"article-personlink\" href=\"https:\/\/www.is.fi\/haku\/?query=Riikka%20Purra\" rel=\"nofollow noopener\" target=\"_blank\">Riikka Purra<\/a> oli lapsi, rahasta oli kotona aina silloin t\u00e4ll\u00f6in pulaa. Vanhemmat olivat eronneet, kun Riikka oli muutaman vuoden ik\u00e4inen, ja eron j\u00e4lkeen tyt\u00e4r oli j\u00e4\u00e4nyt asumaan \u00e4itins\u00e4 kanssa Tampereen Armonkallioon.<\/p>\n<p class=\"article-body mb-nof-24 px-nof-16\">\u2013\u2009\u00c4itini ei osannut k\u00e4ytt\u00e4\u00e4 rahaa. H\u00e4n oli kokop\u00e4iv\u00e4ty\u00f6ss\u00e4 ja sai ihan hyv\u00e4\u00e4 palkkaa, mutta h\u00e4nen holtittoman taloudenpitonsa takia raha loppui toisinaan kesken liian pian, Riikka, 48, kertoo.<\/p>\n<p class=\"article-body mb-nof-24 px-nof-16\">\u2013\u2009Kun rahaa oli, ajettiin taksilla, nosteltiin maljoja, sy\u00f6tiin ulkona ja reissattiin. Kun sit\u00e4 ei ollut, silm\u00e4lasien tai koulukuvien kaltaisten perusasioiden hoitaminenkin oli k\u00e4sitt\u00e4m\u00e4tt\u00f6m\u00e4n vaikeaa. Meill\u00e4 ei ollut lainkaan esimerkiksi pesukonetta, pakastinta, videonauhuria tai autoa, h\u00e4n muistelee.<\/p>\n<p class=\"article-body mb-nof-24 px-nof-16\">Riikka sanoo, ettei ole menneist\u00e4 katkera \u00e4idilleen.<\/p>\n<p class=\"article-body mb-nof-24 px-nof-16\">\u2013\u2009Tied\u00e4n, ettei \u00e4iti ollut saanut oppia rahank\u00e4yt\u00f6st\u00e4 omasta lapsuudenkodistaan. Tied\u00e4n my\u00f6s, ett\u00e4 h\u00e4n rakasti minua pyyteett\u00f6m\u00e4sti.<\/p>\n<p class=\"article-body mb-nof-24 px-nof-16\">Riikan mukaan \u00e4iti rahoitti tuhlailevaa el\u00e4m\u00e4ntapaa osin lainarahalla.<\/p>\n<p class=\"article-body mb-nof-24 px-nof-16\">\u2013\u20091980-luvulla lainaa sai, kun k\u00e4veli pankkiin, etenkin jos oli pari takaajaa. \u00c4itini hy\u00f6dynsi t\u00e4t\u00e4 mahdollisuutta.<\/p>\n<blockquote class=\"p-[var(--citation-padding)] m-[var(--citation-margin)] border-y-[length:var(--citation-border-width)] border-y-[color:var(--citation-border-color)]\">\n<p>\u00c4idin kuoleman j\u00e4lkeen muistan stressanneeni, joudunko min\u00e4 nyt hoitamaan h\u00e4nen velkansa.<\/p>\n<\/blockquote>\n<p class=\"article-body mb-nof-24 px-nof-16\">Kun Riikka oli 12-vuotias, \u00e4iti kuoli ja is\u00e4st\u00e4 tuli Riikan huoltaja.<\/p>\n<p class=\"article-body mb-nof-24 px-nof-16\">\u2013\u2009\u00c4idin kuoleman j\u00e4lkeen muistan stressanneeni, joudunko min\u00e4 nyt hoitamaan h\u00e4nen velkansa. Is\u00e4 rauhoitteli \u2013 olet alaik\u00e4inen, et joudu! Tuolloin tiedostin, ett\u00e4 lainan ottaminen huvin vuoksi oli tyhm\u00e4\u00e4.<\/p>\n<p class=\"article-body mb-nof-24 px-nof-16\">Jo varhain Riikka alkoi mietti\u00e4, voisiko rahaa k\u00e4ytt\u00e4\u00e4 v\u00e4hemm\u00e4n kaoottisella tavalla. H\u00e4n halusi olla erilainen kuin \u00e4iti.<\/p>\n<p class=\"article-body mb-nof-24 px-nof-16\">\u2013\u2009Aloin saada is\u00e4lt\u00e4 kuukausirahaa, jolla hoidin enimm\u00e4t asiani siit\u00e4 eteenp\u00e4in. Esimerkiksi rippijuhlani ja my\u00f6hemmin lakkiaiseni j\u00e4rjestin pitk\u00e4lti itse. Itsen\u00e4istyin tosi aikaisin, Riikka muistaa.<\/p>\n<p class=\"article-body mb-nof-24 px-nof-16\">\u2013\u2009Koulussa onneksi viihdyin hyvin, ja kavereita riitti.<\/p>\n<p><img decoding=\"async\" src=\"https:\/\/www.europesays.com\/fi\/wp-content\/uploads\/2025\/12\/1766861531_91_468.jpg\" alt=\"Riikan puoliso hoitaa p\u00e4ivitt\u00e4iset ruokaostokset ministerin ty\u00f6kiireiden takia. Riikka itse on ollut kasvissy\u00f6j\u00e4 jo kauan.\" class=\"_Img_1rerz_1\" style=\"aspect-ratio:1\" loading=\"eager\"\/><\/p>\n<p class=\"article-picture-caption\">Riikan puoliso hoitaa p\u00e4ivitt\u00e4iset ruokaostokset ministerin ty\u00f6kiireiden takia. Riikka itse on ollut kasvissy\u00f6j\u00e4 jo kauan. Kuva:\u00a0Ninna Lindstrom<\/p>\n<p>Maanantai<\/p>\n<ul class=\"mb-nof-16 px-nof-16 article-unordered-list unordered-list\">\n<li class=\"unordered-list-item\">\n<p class=\"article-body\">kuntosalin kuukausimaksu lapselle 38 \u20ac<\/p>\n<\/li>\n<\/ul>\n<p class=\"article-body mb-nof-24 px-nof-16\">\u201dYl\u00e4astevuoteni osuivat 1990-luvun lamavuosiin. Koulussa j\u00e4lkiruokakiisselit katosivat ruokalistalta ja kirjat ja kyn\u00e4t k\u00e4ytettiin aivan loppuun.<\/p>\n<blockquote class=\"p-[var(--citation-padding)] m-[var(--citation-margin)] border-y-[length:var(--citation-border-width)] border-y-[color:var(--citation-border-color)]\">\n<p>Hirvitt\u00e4\u00e4 ajatella, ett\u00e4 jo 12-vuotiaana saatoin olla yksin vastuussa kolmesta pienest\u00e4 lapsesta.<\/p>\n<\/blockquote>\n<p class=\"article-body mb-nof-24 px-nof-16\">Minulla ei ollut hienoja harrastuksia, kodissani sellaiseen ei ollut mahdollisuutta. Omille lapsilleni olen halunnut mahdollistaa heid\u00e4n toiveidensa mukaisia harrastuksia.<\/p>\n<p class=\"article-body mb-nof-24 px-nof-16\">Aloin tienata omaa rahaa jo \u00e4idin kanssa asuessani. Tein keikkaa lapsenvahtina. Nyt hirvitt\u00e4\u00e4 ajatella, ett\u00e4 jo 12-vuotiaana saatoin olla yksin vastuussa kolmesta pienest\u00e4 lapsesta. 14\u201315-vuotiaana jaoin mainoksia. Olin my\u00f6s Suonenjoella mansikoita poimimassa.<\/p>\n<p class=\"article-body mb-nof-24 px-nof-16\">Jo aika nuorena ymm\u00e4rsin, ett\u00e4 monilla kavereillani oli erilainen koti kuin minulla. Lukiossa luokkaerot l\u00f6iv\u00e4t ensi kertaa silmille. Oivalsin, miten paljon kodin tuki ja vanhempien suhteet voivat vaikuttaa nuoren el\u00e4m\u00e4\u00e4n. Minun piti hoitaa kaikki itse, en saanut juuri apua tai neuvoja kotoa. Lukiossa j\u00e4tin vanhojentanssit ja penkkarit v\u00e4liin, koska en pit\u00e4nyt niit\u00e4 omana juttunani. J\u00e4lkeenp\u00e4in se on hieman kaduttanut.<\/p>\n<p class=\"article-body mb-nof-24 px-nof-16\">Ensimm\u00e4isen pidemm\u00e4n kes\u00e4ty\u00f6n sain heti kirjoitusten j\u00e4lkeen. Olin huhtikuusta syyskuun loppuun laitekuskina S\u00e4rk\u00e4nniemess\u00e4 pienten vempeleiss\u00e4. Sen p\u00e4\u00e4tytty\u00e4 siirryin McDonald\u2019siin, jossa ylenin aika pian ensin kouluttajaksi ja my\u00f6hemmin vuorop\u00e4\u00e4llik\u00f6ksi. K\u00e4ytin tienestej\u00e4ni nuoren kaupunkilaisen el\u00e4m\u00e4\u00e4n: baareihin, kahviloihin ja vaatteisiin. Silloisten poikayst\u00e4vieni kanssa tein my\u00f6s ulkomaanreissuja. <\/p>\n<p class=\"article-body mb-nof-24 px-nof-16\">Ty\u00f6n ohessa pyrin ja p\u00e4\u00e4sin Turun yliopistoon lukemaan valtiotieteit\u00e4. Korkeakouluun meno oli minulle itsest\u00e4\u00e4nselvyys, tykk\u00e4sin opiskelusta niin paljon. En muista opiskeluvuosia taloudellisesti erityisen niukkoina, koska tein niiden l\u00e4pi t\u00f6it\u00e4 \u2013 ravintola-alalla, vaatekaupassa ja my\u00f6hemmin yliopistolla. Opintolainaakin otin hiukan, mutta sen taisin k\u00e4ytt\u00e4\u00e4 l\u00e4hinn\u00e4 matkusteluun. Valmistuin tavoiteaikataulussa.\u201d<\/p>\n<p>Tiistai<\/p>\n<ul class=\"mb-nof-16 px-nof-16 article-unordered-list unordered-list\">\n<li class=\"unordered-list-item\">\n<p class=\"article-body\">smoothie ja kahvi eduskunnassa 5,50 \u20ac<\/p>\n<\/li>\n<\/ul>\n<p><img decoding=\"async\" src=\"https:\/\/www.europesays.com\/fi\/wp-content\/uploads\/2025\/12\/1766861532_0_468.jpg\" alt=\"\u201dJos saisin nimet\u00e4 yhden asian, mihin suomalaisessa yhteiskunnassa pit\u00e4isi satsata nykyist\u00e4 enemm\u00e4n, se on peruskoulu. Koulun pit\u00e4isi tasata lasten taustoista johtuvaa eriarvoisuutta ja oppimista pit\u00e4isi vaatia ihan jokaiselta. Minullekin koulutus mahdollisti luokkasiirtym\u00e4n\u201d, Riikka Purra sanoo.\" class=\"_Img_1rerz_1\" style=\"aspect-ratio:1\" loading=\"eager\"\/><\/p>\n<p class=\"article-picture-caption\">\u201dJos saisin nimet\u00e4 yhden asian, mihin suomalaisessa yhteiskunnassa pit\u00e4isi satsata nykyist\u00e4 enemm\u00e4n, se on peruskoulu. Koulun pit\u00e4isi tasata lasten taustoista johtuvaa eriarvoisuutta ja oppimista pit\u00e4isi vaatia ihan jokaiselta. Minullekin koulutus mahdollisti luokkasiirtym\u00e4n\u201d, Riikka Purra sanoo. Kuva:\u00a0Ninna Lindstrom<\/p>\n<p class=\"article-body mb-nof-24 px-nof-16\">\u201dEn ollut huoleton kuluttaja edes nuorena. Takaraivossa oli aina se ajatus, ett\u00e4 pahaan p\u00e4iv\u00e4\u00e4n t\u00e4ytyy varautua. Jos rahaa tulee, pit\u00e4\u00e4 s\u00e4\u00e4st\u00e4\u00e4. Nyt ajattelen, ett\u00e4 asenne syntyi lapsuuteni turvattomuudesta ja rikkin\u00e4isyydest\u00e4.<\/p>\n<blockquote class=\"p-[var(--citation-padding)] m-[var(--citation-margin)] border-y-[length:var(--citation-border-width)] border-y-[color:var(--citation-border-color)]\">\n<p>Aikuisi\u00e4ll\u00e4 en ole varsinaista k\u00f6yhyytt\u00e4 n\u00e4hnyt.<\/p>\n<\/blockquote>\n<p class=\"article-body mb-nof-24 px-nof-16\">Muutaman kerran el\u00e4m\u00e4ss\u00e4ni olen joutunut miettim\u00e4\u00e4n, mill\u00e4 laskut saa maksettua. Lapsuudessani koin ihan konkreettista puutettakin. Aikuisi\u00e4ll\u00e4 en ole varsinaista k\u00f6yhyytt\u00e4 n\u00e4hnyt.<\/p>\n<p class=\"article-body mb-nof-24 px-nof-16\">Aloin odottaa esikoistani heti valmistuttuani, 27-vuotiaana. H\u00e4nen is\u00e4st\u00e4\u00e4n erosin ennen kuin t\u00e4ytin 30.<\/p>\n<p class=\"article-body mb-nof-24 px-nof-16\">Olen asunut useissa vuokra-asunnoissa eri puolilla Etel\u00e4-Suomea ja joskus stressannut yll\u00e4tt\u00e4vi\u00e4 menoja kuten \u00e4killist\u00e4 kodinkoneen hajoamista. Hoidin lapsiani pitk\u00e4\u00e4n kotona, ja el\u00e4m\u00e4 piti sopeuttaa v\u00e4hien tulojen mukaan. Lapsilis\u00e4t meniv\u00e4t suoraan k\u00e4ytt\u00f6\u00f6n. K\u00e4ytin rahaa lastenvaatteisiin ja kestovaippoihin.<\/p>\n<blockquote class=\"p-[var(--citation-padding)] m-[var(--citation-margin)] border-y-[length:var(--citation-border-width)] border-y-[color:var(--citation-border-color)]\">\n<p>P\u00e4\u00e4sin terapiaan sen j\u00e4lkeen, kun minulta oli kuollut vauva kohtuun kolmannen kerran.<\/p>\n<\/blockquote>\n<p class=\"article-body mb-nof-24 px-nof-16\">En n\u00e4e taustaani pelk\u00e4st\u00e4\u00e4n ik\u00e4v\u00e4n\u00e4 asiana. Varautuminen on my\u00f6s viisautta. Olen aina kirjannut kaikki menoni yl\u00f6s. Esimerkiksi viime vuosien hillit\u00f6n inflaatio ja asuntolainan korkojen nousu n\u00e4kyv\u00e4t kirjanpidostani selv\u00e4sti.<\/p>\n<p class=\"article-body mb-nof-24 px-nof-16\">Kaikki n\u00e4m\u00e4 kokemukset ovat tehneet minusta minut, hyv\u00e4ss\u00e4 ja pahassa. Nyt keski-i\u00e4ss\u00e4 osaan jo katsoa mennytt\u00e4 armollisin silmin. Siin\u00e4 on auttanut my\u00f6s Kelan tukema t\u00e4yspitk\u00e4 kolmevuotinen terapia. Siihen p\u00e4\u00e4sin sen j\u00e4lkeen, kun minulta oli kuollut vauva kohtuun kolmannen kerran. Onnekseni l\u00f6ysin heti osaavan terapeutin.<\/p>\n<p class=\"article-body mb-nof-24 px-nof-16\">Ennen terapiaa luulin, ett\u00e4 menneisyyden traumoista parantuakseen pit\u00e4\u00e4 tehd\u00e4 valtavasti ty\u00f6t\u00e4. Terapiassa ymm\u00e4rsin, ettei se toimi niin. Kuormansa kanssa pit\u00e4\u00e4 vain p\u00e4rj\u00e4t\u00e4 ja el\u00e4\u00e4 eteenp\u00e4in. Kun hyv\u00e4ksyy taustansa ja kokemansa, l\u00f6yt\u00e4\u00e4 rauhan ja kiitollisuuden. El\u00e4m\u00e4 kantaa.\u201d<\/p>\n<p>Keskiviikko<\/p>\n<ul class=\"mb-nof-16 px-nof-16 article-unordered-list unordered-list\">\n<li class=\"unordered-list-item\">\n<p class=\"article-body\">asuntolainan lyhennys ja vastikkeet 1\u202f350 \u20ac<\/p>\n<\/li>\n<\/ul>\n<p class=\"article-body mb-nof-24 px-nof-16\">\u201dOmistusasujaksi rohkenin v\u00e4h\u00e4n my\u00f6hemmin kuin jotkut opiskelukaverini. Olin 30-vuotias ostaessani ensiasunnon. Nykyinen kotini, erillistalomme Kirkkonummella, on j\u00e4rjestyksess\u00e4 toinen omistusasuntoni.<\/p>\n<p class=\"article-body mb-nof-24 px-nof-16\">Yhteist\u00e4 lainaa puolison kanssa minulla on yh\u00e4 satojatuhansia euroja.<\/p>\n<p class=\"article-body mb-nof-24 px-nof-16\">Olen ollut aina kova tekem\u00e4\u00e4n t\u00f6it\u00e4. Tiedostan sen, ett\u00e4 poliittiset teht\u00e4v\u00e4t ovat p\u00e4tk\u00e4hommia, josta voi tulla l\u00e4ht\u00f6 koska vain. Siksi tulevaisuuden varalle pit\u00e4\u00e4 s\u00e4\u00e4st\u00e4\u00e4. En voi tuudittautua esimerkiksi nykyiseen palkkatasooni (14\u202f973 euroa kuukaudessa). Ei valtiovarainministerin pestin kaltaista 24\/7 ty\u00f6t\u00e4 kukaan kovin pitk\u00e4\u00e4n jaksaisikaan. Olen inhorealisti, tiedostan ep\u00e4varmuudet ja riskitekij\u00e4t.<\/p>\n<p class=\"article-body mb-nof-24 px-nof-16\">Riskill\u00e4 on Suomessa eletty viime vuosina turhankin paljon. Esimerkiksi nollakorkoaikana moni velkaantui liikaa, kun uskottiin, etteiv\u00e4t korot voi nousta. Asuntoja saatettiin ostaa ja sijoituksia tehd\u00e4 liian suurella velkavivulla. Moni suomalainen joutui vaikeuksiin, kun ajat muuttuivat.<\/p>\n<blockquote class=\"p-[var(--citation-padding)] m-[var(--citation-margin)] border-y-[length:var(--citation-border-width)] border-y-[color:var(--citation-border-color)]\">\n<p>Yhteist\u00e4 lainaa puolison kanssa minulla on yh\u00e4 satojatuhansia euroja.<\/p>\n<\/blockquote>\n<p class=\"article-body mb-nof-24 px-nof-16\">Koko sen kahden vuoden ajan, kun olen ollut valtiovarainministeri, olen joutunut selitt\u00e4m\u00e4\u00e4n talouden ik\u00e4vi\u00e4 tosiasioita joka taholle. Valtionlainan korkomenot ovat kasvussa, puolustusmenot ovat kasvussa, sotemenot ovat kasvussa. Olisi helpompi olla parempien aikojen valtiovarainministeri. T\u00e4ss\u00e4 virassa joutuu koko ajan vastaanottamaan huonoja uutisia. Juuri kun Suomen taloudessa alkoi n\u00e4ytt\u00e4\u00e4 hieman valoisammalta, oranssi mies Yhdysvalloista p\u00e4\u00e4tti toisin. Pienen\u00e4 maana Suomi ei voi t\u00e4llaisille isoille heilahduksille mit\u00e4\u00e4n.<\/p>\n<p class=\"article-body mb-nof-24 px-nof-16\">Tiedostan kuuluvani poliittiseen r\u00e4lssiin ja ymm\u00e4rr\u00e4n, ett\u00e4 vaikeina aikoina ihmisi\u00e4 kiukuttaa ajatella poliittikkojen etuja ja suuria palkkoja. Niit\u00e4 olen itsekin pyrkinyt laskemaan.<\/p>\n<p class=\"article-body mb-nof-24 px-nof-16\">Toisaalta n\u00e4iss\u00e4 hommissa on aina t\u00f6iss\u00e4. Mik\u00e4 mahtaa olla tuntipalkka, jos sen laskee sill\u00e4 perusteella?\u201d<\/p>\n<p>Torstai<\/p>\n<ul class=\"mb-nof-16 px-nof-16 article-unordered-list unordered-list\">\n<li class=\"unordered-list-item\">\n<p class=\"article-body\">salaatti p\u00e4iv\u00e4lliseksi eduskunnassa 6,90 \u20ac<\/p>\n<\/li>\n<li class=\"unordered-list-item\">\n<p class=\"article-body\">lapsen yo-juhlan tarjoiluja 720 \u20ac<\/p>\n<\/li>\n<li class=\"unordered-list-item\">\n<p class=\"article-body\">toisen lapsen puhelinlasku 19,73 \u20ac<\/p>\n<\/li>\n<\/ul>\n<p><img decoding=\"async\" src=\"https:\/\/www.europesays.com\/fi\/wp-content\/uploads\/2025\/12\/1766861532_697_468.jpg\" alt=\"\u201dT\u00f6ihin kannattaa ottaa mukaan ravitsevat ev\u00e4\u00e4t, lounaalle kun ehtii ani harvoin. Kokouksissa tulee popsittua karjalanpiirakoita ja kitattua kahvia ihan liikaa.\u201d\" class=\"_Img_1rerz_1\" style=\"aspect-ratio:0.75\" loading=\"eager\"\/><\/p>\n<p class=\"article-picture-caption\">\u201dT\u00f6ihin kannattaa ottaa mukaan ravitsevat ev\u00e4\u00e4t, lounaalle kun ehtii ani harvoin. Kokouksissa tulee popsittua karjalanpiirakoita ja kitattua kahvia ihan liikaa.\u201d Kuva:\u00a0Ninna Lindstrom<\/p>\n<p class=\"article-body mb-nof-24 px-nof-16\">\u201dOlen koko el\u00e4m\u00e4ni ajan ollut huono tekem\u00e4\u00e4n kauaskantoisia suunnitelmia. Olen ajautunut tilanteisiin ja tarttunut tilaisuuksiin. Asiat on ollut pakko oppia kantap\u00e4\u00e4n kautta. Matkan varrelle on osunut virheit\u00e4: v\u00e4\u00e4r\u00e4nlaisia ihmissuhteita, erehdyksi\u00e4 koulutuspaikan ja ammatin valinnassa. Esimerkiksi yliopiston eri teht\u00e4viss\u00e4 jumitin valmistumiseni j\u00e4lkeen ihan liian pitk\u00e4\u00e4n.<\/p>\n<blockquote class=\"p-[var(--citation-padding)] m-[var(--citation-margin)] border-y-[length:var(--citation-border-width)] border-y-[color:var(--citation-border-color)]\">\n<p>Vanhempana olen halunnut olla erilainen kuin oma \u00e4itini oli. Se on v\u00e4lill\u00e4 johtanut my\u00f6s ylily\u00f6nteihin.<\/p>\n<\/blockquote>\n<p class=\"article-body mb-nof-24 px-nof-16\">Vanhempana olen halunnut tarjota lapsilleni turvallisen kodin ja olla erilainen kuin oma \u00e4itini oli. Se on v\u00e4lill\u00e4 johtanut my\u00f6s ylily\u00f6nteihin. Esimerkiksi lasteni varhaislapsuuden lahjam\u00e4\u00e4r\u00e4t tuppasivat menem\u00e4\u00e4n \u00f6veriksi. Varmaan hoidin siin\u00e4 jotakin omaa sis\u00e4ist\u00e4 lastani \u2013 rakensin jouluja, jollaisia en koskaan itse saanut. T\u00e4ht\u00e4imess\u00e4ni oli olla my\u00f6s hyv\u00e4 em\u00e4nt\u00e4. Er\u00e4\u00e4n\u00e4 jouluna v\u00e4\u00e4nsin kaikki ruuat itse luumuhilloa my\u00f6ten. Sittemmin olen onneksi hieman rauhoittunut. Esikoispoikani p\u00e4\u00e4si t\u00e4n\u00e4 kev\u00e4\u00e4n\u00e4 ylioppilaaksi, ja h\u00e4nen juhliinsa kuitenkin halusin leipoa omin k\u00e4sin osan tarjottavista.<\/p>\n<p class=\"article-body mb-nof-24 px-nof-16\">Nuorena podin v\u00e4h\u00e4n huonoa omaatuntoa siit\u00e4, etten ollut kiinnostunut muiden lailla sisustamisesta. Olen yh\u00e4 mielest\u00e4ni enemm\u00e4n kalustaja kuin sisustaja. Ostimme vaatimattoman kes\u00e4m\u00f6kkimme kalustettuna, ja sen kellastunut tukkip\u00f6yt\u00e4 on kelvannut minulle vallan hyvin. Uudet verhot ja p\u00f6yt\u00e4liinan olen sent\u00e4\u00e4n saanut m\u00f6kille hommattua.<\/p>\n<p class=\"article-body mb-nof-24 px-nof-16\">Pid\u00e4n H\u00e4meess\u00e4 sijaitsevaa m\u00f6kki\u00e4 parhaana yksitt\u00e4isen\u00e4 ostoksenani koskaan. Saunan terassilla p\u00e4\u00e4sen niin l\u00e4helle meditatiivista tilaa kuin minulle mahdollista on. Siell\u00e4 mietin, miten meill\u00e4 voi olla jotakin n\u00e4in ihanaa.\u201d<\/p>\n<p>Perjantai<\/p>\n<p class=\"article-body mb-nof-24 px-nof-16\">\u201dLahjoitan aika s\u00e4\u00e4nn\u00f6llisesti rahaa kuolemansairaiden lasten perheit\u00e4 auttavalle j\u00e4rjest\u00f6lle sek\u00e4 kodittomien koirien avustajatahoille. El\u00e4imet ja luonto ovat syd\u00e4nt\u00e4ni l\u00e4hell\u00e4. Minulla on 9-vuotias, keskikokoinen rescue-koira Kerttu, joka on per\u00e4isin kadulta Romaniasta. Se on rakas perheenj\u00e4sen.<\/p>\n<p class=\"article-body mb-nof-24 px-nof-16\">Jouluisin osallistun Joulupuu-ker\u00e4ykseen, jossa toteutetaan lasten ja nuorten toiveita. Pid\u00e4n sit\u00e4 arvokkaana, suoraan tarvitseville menev\u00e4n\u00e4 auttamisen muotona.<\/p>\n<p class=\"article-body mb-nof-24 px-nof-16\">Yst\u00e4viin on ihana k\u00e4ytt\u00e4\u00e4 rahaa. Jos Tampereelta tulee kavereita Helsinkiin, kuittaan mielell\u00e4ni koko porukan illallislaskun.\u201d<\/p>\n<p><img decoding=\"async\" src=\"https:\/\/www.europesays.com\/fi\/wp-content\/uploads\/2025\/12\/1766861533_662_468.jpg\" alt=\"\u201dEn koskaan nuorena olisi uskonut tai haaveillut, ett\u00e4 minusta tulee joskus Suomen valtiovarainministeri. On hyv\u00e4 muistaa, ett\u00e4 t\u00e4llaiset teht\u00e4v\u00e4t ovat m\u00e4\u00e4r\u00e4aikaisia. Niiden j\u00e4lkeen tulee jotakin muuta. T\u00e4rkeint\u00e4 on tehd\u00e4 asioita, joihin uskoo\u201d, Riikka Purra sanoo.\" class=\"_Img_1rerz_1\" style=\"aspect-ratio:1\" loading=\"eager\"\/><\/p>\n<p class=\"article-picture-caption\">\u201dEn koskaan nuorena olisi uskonut tai haaveillut, ett\u00e4 minusta tulee joskus Suomen valtiovarainministeri. On hyv\u00e4 muistaa, ett\u00e4 t\u00e4llaiset teht\u00e4v\u00e4t ovat m\u00e4\u00e4r\u00e4aikaisia. Niiden j\u00e4lkeen tulee jotakin muuta. T\u00e4rkeint\u00e4 on tehd\u00e4 asioita, joihin uskoo\u201d, Riikka Purra sanoo. Kuva:\u00a0Ninna Lindstrom<\/p>\n<p>Lauantai<\/p>\n<ul class=\"mb-nof-16 px-nof-16 article-unordered-list unordered-list\">\n<li class=\"unordered-list-item\">\n<p class=\"article-body\">Lapsen vaatteita nettikaupasta: housut, pikeepaita, t-paitoja, huppari, 161,70 \u20ac<\/p>\n<\/li>\n<\/ul>\n<p class=\"article-body mb-nof-24 px-nof-16\">\u201dTein ostoksia kierr\u00e4tyskeskuksista ja kirpputoreilta jo silloin, kun se ei viel\u00e4 ollut muotia. Ymp\u00e4rist\u00f6n\u00e4k\u00f6kulma oli ja on minulle t\u00e4rke\u00e4.<\/p>\n<p class=\"article-body mb-nof-24 px-nof-16\">Olen kasvissy\u00f6j\u00e4 ja satsaan hedelmiin ja vihanneksiin. Ruokakaupassa tutkin litra- ja kilohintoja ja pyrin tekem\u00e4\u00e4n j\u00e4rkevi\u00e4 ostoksia. Matkustaessa vertaan lentolippujen, hotellien ja ravintoloiden hinta-laatusuhteet huolellisesti.<\/p>\n<p class=\"article-body mb-nof-24 px-nof-16\">Mekko, joka minulla on nyt yll\u00e4ni, on suomalaista 1960-luvun vintagea. K\u00e4yt\u00e4n jonkin verran esimerkiksi Emmy\u00e4 ja Vintedi\u00e4. Julkisissa teht\u00e4viss\u00e4 ulkon\u00e4k\u00f6\u00f6n on pakko panostaa, halusi tai ei. Silm\u00e4pusseista tai painonnoususta saa kuulla v\u00e4litt\u00f6m\u00e4sti. Naispoliitikkona joutuu kest\u00e4m\u00e4\u00e4n paljon ry\u00f6n\u00e4\u00e4.<\/p>\n<blockquote class=\"p-[var(--citation-padding)] m-[var(--citation-margin)] border-y-[length:var(--citation-border-width)] border-y-[color:var(--citation-border-color)]\">\n<p>Tarvitsen kelpo kenki\u00e4, koska p\u00e4iv\u00e4t ovat pitki\u00e4 ja jaloillaan pit\u00e4\u00e4 olla paljon.<\/p>\n<\/blockquote>\n<p class=\"article-body mb-nof-24 px-nof-16\">Ainaisen kiireen takia shoppailuun ei nyky\u00e4\u00e4n ole juuri aikaa, enk\u00e4 ylip\u00e4\u00e4t\u00e4\u00e4n pid\u00e4 kaupoissa juoksemisesta. Onneksi ulkon\u00e4k\u00f6asioihin voi ottaa avuksi ammattilaisia. Minulla on esimerkiksi luottokampaaja. Vaateasioissa er\u00e4s helsinkil\u00e4inen putiikinpit\u00e4j\u00e4 tuntee makuni ja kokoni. H\u00e4nelt\u00e4 ostaminen on my\u00f6s suomalaisen yritt\u00e4jyyden tukemista. Tarvitsen my\u00f6s kelpo kenki\u00e4, koska p\u00e4iv\u00e4t ovat pitki\u00e4 ja jaloillaan pit\u00e4\u00e4 olla paljon.<\/p>\n<p class=\"article-body mb-nof-24 px-nof-16\">Yksityisel\u00e4m\u00e4 ottaa t\u00e4ss\u00e4 teht\u00e4v\u00e4ss\u00e4 v\u00e4ist\u00e4m\u00e4tt\u00e4 osumaa. Puoliso hoitaa nyt ministeriaikanani arjen kuviot kuten ruokakauppak\u00e4ynnit k\u00e4yt\u00e4nn\u00f6ss\u00e4 yksin\u00e4\u00e4n.\u201d<\/p>\n<p>Sunnuntai<\/p>\n<ul class=\"mb-nof-16 px-nof-16 article-unordered-list unordered-list\">\n<li class=\"unordered-list-item\">\n<p class=\"article-body\">pullakahvit m\u00f6kkipaikkakunnan kes\u00e4kahvilassa 13,10 \u20ac<\/p>\n<\/li>\n<\/ul>\n<p class=\"article-body mb-nof-24 px-nof-16\">\u201dL\u00e4\u00e4k\u00e4riin menen yleens\u00e4 vasta, kun on ihan pakko, valitettavasti. Lapsillani on ennen syntym\u00e4\u00e4 hankitut terveysvakuutukset, itsell\u00e4ni sellaista ei ole. Poliitikkojen olisi mielest\u00e4ni hyv\u00e4 k\u00e4ytt\u00e4\u00e4 julkisia palveluja ja kiert\u00e4\u00e4 eri paikoissa erilaisia ihmisi\u00e4 tapaamassa. Siten saa tuntumaa siihen, miss\u00e4 yhteiskunnassa oikeasti menn\u00e4\u00e4n.<\/p>\n<p class=\"article-body mb-nof-24 px-nof-16\">En ole koskaan ollut autoihminen. Perheemme kulkupeli on k\u00e4yt\u00e4nn\u00f6llinen ja toimiva, ei hieno. Minulla ei ole edes ajokorttia, puoliso hoitaa meill\u00e4 kaikki ajot. Nuorena korttiin ei ollut varaa. Menin autokouluun 32-vuotiaana, kun aloin odottaa kaksosia, koska ajattelin, ett\u00e4 pienten lasten kanssa pit\u00e4\u00e4 p\u00e4\u00e4st\u00e4 kulkemaan helpommin. Kun lapseni kuolivat kohtuun, lopetin my\u00f6s autokoulun. My\u00f6hemmin k\u00e4vin sen loppuun, mutta j\u00e4tin kakkosvaiheen hoitamatta. Kortti ehti olla minulla vain vuoden.<\/p>\n<p class=\"article-body mb-nof-24 px-nof-16\">Nyt lasteni tultua ajokortti-ik\u00e4\u00e4n olen miettinyt, pit\u00e4isik\u00f6 tsempata t\u00e4ss\u00e4 asiassa. Toisaalta olen aina ollut suuri julkisen liikenteen fani. Hyvin olen selvinnyt melkein 50 vuotta ilman korttiakin.\u201d<\/p>\n<p class=\"article-body mb-nof-24 px-nof-16\">Viikon menot yhteens\u00e4 2\u202f314,93 \u20ac<\/p>\n<p class=\"article-body nof-ui-body-medium mb-nof-24 px-nof-16\">Juttu on julkaistu aiemmin Me Naisissa hein\u00e4kuussa 2025.<\/p>\n<p>Riikka Purra<\/p>\n<p class=\"article-body mb-nof-24 px-nof-16\">48-vuotias valtiovarainministeri, poliitikko ja kansanedustaja syntyi kes\u00e4kuussa 1977 Pirkkalassa. Perussuomalaisen puolueen puheenjohtaja vuodesta 2021. Valittiin uudelle kaudelle puolueen puheenjohtajaksi kes\u00e4kuussa. Asuu erillistalossa Kirkkonummella puolisonsa, 20- ja 14-vuotiaiden poikiensa ja koiransa kanssa.<\/p>\n<p>Riikan rahavalinnat<\/p>\n<p class=\"article-body mb-nof-24 px-nof-16\">En koskaan tingi&#8230; vihanneksista.<\/p>\n<p class=\"article-body mb-nof-24 px-nof-16\">Olen satsannut&#8230; mehukoneeseen ja blenderiin.<\/p>\n<p class=\"article-body mb-nof-24 px-nof-16\">Minua kiinnostaisi&#8230; ryhty\u00e4 hyvinvointialan yritt\u00e4j\u00e4ksi politiikan j\u00e4lkeen.<\/p>\n<p class=\"article-body mb-nof-24 px-nof-16\">Isoimmat hankintani&#8230; ovat oma asunto ja pari sijoitusk\u00e4mpp\u00e4\u00e4 vanhuuden varalle \u2013 viime vuosina ne tosin ovat tuottaneet enimm\u00e4kseen tappiota.<\/p>\n<p class=\"article-body mb-nof-24 px-nof-16\">Maksan kuukausittain&#8230; paljon erilaisia kuukausimaksuja, ruokaa ja lasten kuluja.<\/p>\n<p class=\"article-body mb-nof-24 px-nof-16\">Pahin rahamokani on&#8230; sortuminen johonkin vaateher\u00e4teostokseen, joka on lopulta j\u00e4\u00e4nyt k\u00e4ytt\u00e4m\u00e4tt\u00e4.<\/p>\n","protected":false},"excerpt":{"rendered":"Rikkin\u00e4inen lapsuus ja velaksi el\u00e4minen tekiv\u00e4t Riikka Purrasta pahaan p\u00e4iv\u00e4\u00e4n varautujan. H\u00e4n ei pid\u00e4 turvatonta menneisyytt\u00e4\u00e4n pelk\u00e4st\u00e4\u00e4n ik\u00e4v\u00e4n\u00e4&hellip;\n","protected":false},"author":2,"featured_media":127288,"comment_status":"","ping_status":"","sticky":false,"template":"","format":"standard","meta":{"footnotes":""},"categories":[12],"tags":[22,23,26,27,33,31,30,17,34,24,25,28,29,15,18,21,32,19,20,16],"class_list":{"0":"post-127287","1":"post","2":"type-post","3":"status-publish","4":"format-standard","5":"has-post-thumbnail","7":"category-suomi","8":"tag-breaking-news","9":"tag-breakingnews","10":"tag-featured-news","11":"tag-featurednews","12":"tag-fi","13":"tag-finland","14":"tag-finnish","15":"tag-headlines","16":"tag-ilta-sanomat","17":"tag-latest-news","18":"tag-latestnews","19":"tag-main-news","20":"tag-mainnews","21":"tag-news","22":"tag-otsikot","23":"tag-paauutiset","24":"tag-suomi","25":"tag-top-stories","26":"tag-topstories","27":"tag-uutiset"},"share_on_mastodon":{"url":"https:\/\/pubeurope.com\/@fi\/115793045388180204","error":""},"_links":{"self":[{"href":"https:\/\/www.europesays.com\/fi\/wp-json\/wp\/v2\/posts\/127287","targetHints":{"allow":["GET"]}}],"collection":[{"href":"https:\/\/www.europesays.com\/fi\/wp-json\/wp\/v2\/posts"}],"about":[{"href":"https:\/\/www.europesays.com\/fi\/wp-json\/wp\/v2\/types\/post"}],"author":[{"embeddable":true,"href":"https:\/\/www.europesays.com\/fi\/wp-json\/wp\/v2\/users\/2"}],"replies":[{"embeddable":true,"href":"https:\/\/www.europesays.com\/fi\/wp-json\/wp\/v2\/comments?post=127287"}],"version-history":[{"count":0,"href":"https:\/\/www.europesays.com\/fi\/wp-json\/wp\/v2\/posts\/127287\/revisions"}],"wp:featuredmedia":[{"embeddable":true,"href":"https:\/\/www.europesays.com\/fi\/wp-json\/wp\/v2\/media\/127288"}],"wp:attachment":[{"href":"https:\/\/www.europesays.com\/fi\/wp-json\/wp\/v2\/media?parent=127287"}],"wp:term":[{"taxonomy":"category","embeddable":true,"href":"https:\/\/www.europesays.com\/fi\/wp-json\/wp\/v2\/categories?post=127287"},{"taxonomy":"post_tag","embeddable":true,"href":"https:\/\/www.europesays.com\/fi\/wp-json\/wp\/v2\/tags?post=127287"}],"curies":[{"name":"wp","href":"https:\/\/api.w.org\/{rel}","templated":true}]}}