{"id":127299,"date":"2025-12-27T19:13:12","date_gmt":"2025-12-27T19:13:12","guid":{"rendered":"https:\/\/www.europesays.com\/fi\/127299\/"},"modified":"2025-12-27T19:13:12","modified_gmt":"2025-12-27T19:13:12","slug":"aki-mannisen-kotona-myrskyn-merkit-aina-jotakin","status":"publish","type":"post","link":"https:\/\/www.europesays.com\/fi\/127299\/","title":{"rendered":"Aki Mannisen kotona myrskyn merkit: &#8221;Aina jotakin&#8221;"},"content":{"rendered":"<p>Hyvinvointiyritt\u00e4j\u00e4 Aki Manninen asuu Porin saaristossa. T\u00e4lle p\u00e4iv\u00e4lle ja tulevalle y\u00f6lle L\u00e4nsi-Suomeen on luvattu hurjia myrskylukemia.<\/p>\n<p>T\u00e4m\u00e4n on huomannut my\u00f6s Manninen.<\/p>\n<p>H\u00e4n kertoo sometarinoissaan kiinnitt\u00e4neens\u00e4 paljun ja t\u00e4ytt\u00e4neens\u00e4 sen vedell\u00e4, jotta se ei l\u00e4htisi livohkaan.<\/p>\n<p>Ei auttanut, paljun piippu on kadonnut myrskyss\u00e4, joka on puhaltanut jopa 30 metri\u00e4 sekunnissa.<\/p>\n<p>-Laitoin sen kiinni, ettei se l\u00e4hde. Mutta l\u00e4hti piippu! Aina jotakin. Piippu oli kadoksissa, kun tulin rantaan. Niin kauheast puhaltaa l\u00e4nnest\u00e4, Aki toteaa.<\/p>\n<p>Palju on kokenut kovia. Lokakuussa siit\u00e4 l\u00e4hti kansi omille teilleen ja se l\u00f6ytyi naapurin rannalta.<\/p>\n<p>Lue my\u00f6s: <a href=\"https:\/\/www.como.fi\/uutiset\/aki-manninen-ei-muotioikuista-valita-julkaisi-kuvan-asustaan-joka-jakaa-mielipiteita\/\" title=\"Aki Manninen ei muotioikuista v\u00e4lit\u00e4 \u2013 julkaisi kuvan asustaan joka jakaa mielipiteit\u00e4!\" class=\"underline-custom !font-montserrat !font-bold !underline-offset-4 !decoration-4 !decoration-red-600 !text-md\" rel=\"nofollow noopener\" target=\"_blank\">Aki Manninen ei muotioikuista v\u00e4lit\u00e4 \u2013 julkaisi kuvan asustaan joka jakaa mielipiteit\u00e4!<\/a><\/p>\n<p>Lue my\u00f6s: <a href=\"https:\/\/www.como.fi\/uutiset\/aki-mannisen-ja-rita-niemi-mannisen-yllattava-paljastus-rakkaudesta\/\" title=\"Aki Mannisen ja Rita Niemi-Mannisen yll\u00e4tt\u00e4v\u00e4 paljastus rakkaudesta\" class=\"underline-custom !font-montserrat !font-bold !underline-offset-4 !decoration-4 !decoration-red-600 !text-md\" rel=\"nofollow noopener\" target=\"_blank\">Aki Mannisen ja Rita Niemi-Mannisen yll\u00e4tt\u00e4v\u00e4 paljastus rakkaudesta<\/a><\/p>\n<p>Viime vuonna Mannisen palju l\u00f6ytyi naapurin rannasta t\u00e4ysin m\u00e4s\u00e4n\u00e4, kun tuulet olivat ottaneet sen mukaansa.<\/p>\n<p>Manninen valmistautuu paraikaa otteluun Immu Ilm\u00e9ni\u00e4 vastaan. H\u00e4n on kertonut saavansa kev\u00e4ttalven turnauksesta merkitt\u00e4v\u00e4n summan rahaa, joka my\u00f6s motivoi miest\u00e4.<\/p>\n<p>Lue my\u00f6s: <a href=\"https:\/\/www.como.fi\/tilaa-comon-uutiskirje\/\" title=\"Tilaa Comon uutiskirje ja tied\u00e4t mist\u00e4 kahvitauolla puhutaan! Nappaa kotimaan tv-vinkit ja puheenaiheet suoraan s\u00e4hk\u00f6postiin t\u00e4st\u00e4.\" class=\"underline-custom !font-montserrat !font-bold !underline-offset-4 !decoration-4 !decoration-red-600 !text-md\" rel=\"nofollow noopener\" target=\"_blank\">Tilaa Comon uutiskirje ja tied\u00e4t mist\u00e4 kahvitauolla puhutaan! Nappaa kotimaan tv-vinkit ja puheenaiheet suoraan s\u00e4hk\u00f6postiin t\u00e4st\u00e4.<\/a><\/p>\n","protected":false},"excerpt":{"rendered":"Hyvinvointiyritt\u00e4j\u00e4 Aki Manninen asuu Porin saaristossa. T\u00e4lle p\u00e4iv\u00e4lle ja tulevalle y\u00f6lle L\u00e4nsi-Suomeen on luvattu hurjia myrskylukemia. T\u00e4m\u00e4n on&hellip;\n","protected":false},"author":2,"featured_media":89441,"comment_status":"","ping_status":"","sticky":false,"template":"","format":"standard","meta":{"footnotes":""},"categories":[130],"tags":[5974,137,33,31,30,32,109],"class_list":{"0":"post-127299","1":"post","2":"type-post","3":"status-publish","4":"format-standard","5":"has-post-thumbnail","7":"category-viihde","8":"tag-aki-manninen","9":"tag-entertainment","10":"tag-fi","11":"tag-finland","12":"tag-finnish","13":"tag-suomi","14":"tag-viihde"},"share_on_mastodon":{"url":"https:\/\/pubeurope.com\/@fi\/115793127281017605","error":""},"_links":{"self":[{"href":"https:\/\/www.europesays.com\/fi\/wp-json\/wp\/v2\/posts\/127299","targetHints":{"allow":["GET"]}}],"collection":[{"href":"https:\/\/www.europesays.com\/fi\/wp-json\/wp\/v2\/posts"}],"about":[{"href":"https:\/\/www.europesays.com\/fi\/wp-json\/wp\/v2\/types\/post"}],"author":[{"embeddable":true,"href":"https:\/\/www.europesays.com\/fi\/wp-json\/wp\/v2\/users\/2"}],"replies":[{"embeddable":true,"href":"https:\/\/www.europesays.com\/fi\/wp-json\/wp\/v2\/comments?post=127299"}],"version-history":[{"count":0,"href":"https:\/\/www.europesays.com\/fi\/wp-json\/wp\/v2\/posts\/127299\/revisions"}],"wp:featuredmedia":[{"embeddable":true,"href":"https:\/\/www.europesays.com\/fi\/wp-json\/wp\/v2\/media\/89441"}],"wp:attachment":[{"href":"https:\/\/www.europesays.com\/fi\/wp-json\/wp\/v2\/media?parent=127299"}],"wp:term":[{"taxonomy":"category","embeddable":true,"href":"https:\/\/www.europesays.com\/fi\/wp-json\/wp\/v2\/categories?post=127299"},{"taxonomy":"post_tag","embeddable":true,"href":"https:\/\/www.europesays.com\/fi\/wp-json\/wp\/v2\/tags?post=127299"}],"curies":[{"name":"wp","href":"https:\/\/api.w.org\/{rel}","templated":true}]}}