{"id":127314,"date":"2025-12-27T19:38:10","date_gmt":"2025-12-27T19:38:10","guid":{"rendered":"https:\/\/www.europesays.com\/fi\/127314\/"},"modified":"2025-12-27T19:38:10","modified_gmt":"2025-12-27T19:38:10","slug":"kanada-pyytaa-anteeksi","status":"publish","type":"post","link":"https:\/\/www.europesays.com\/fi\/127314\/","title":{"rendered":"Kanada pyyt\u00e4\u00e4 anteeksi"},"content":{"rendered":"<p>Kanadan pelaajat toimivat ep\u00e4urheilijamaisesti nuorten MM-kisoissa.<\/p>\n<p><img decoding=\"async\" class=\"image image-show image-preview\" src=\"https:\/\/www.europesays.com\/fi\/wp-content\/uploads\/2025\/12\/dc24c4d989d603e37e8baf4baebe9744ae0b0b4c5b94faf368c81996d3e2135b.jpg\" alt=\"\"\/><img decoding=\"async\" class=\"image image-show\" src=\"https:\/\/www.europesays.com\/fi\/wp-content\/uploads\/2025\/12\/1766864288_304_dc24c4d989d603e37e8baf4baebe9744ae0b0b4c5b94faf368c81996d3e2135b.jpg\" alt=\"\"\/><\/p>\n<p>Kanadan ja T\u0161ekin ottelussa k\u00e4ytiin kuumana. AOP<\/p>\n<p class=\"paragraph\">Kanada kaatoi omassa MM-turnauksen avausottelussaan T\u0161ekin numeroin 7\u20135. Ottelu pelattiin lauantain vastaisena y\u00f6n\u00e4 Suomen aikaa Minneapolisissa.<\/p>\n<p class=\"paragraph\">Peliss\u00e4 tapahtui kummallisuuksia. Kanadan pelaaja t\u00f6niv\u00e4t jo alkuverryttelyn aikana vastustajan pelaajia. Useampi Kanadan pelaaja ylitti alkuverryttelyn aikana punaviivan, eli k\u00e4vi T\u0161ekin puolella kentt\u00e4\u00e4. Se on s\u00e4\u00e4nn\u00f6iss\u00e4 kielletty.<\/p>\n<p class=\"paragraph\">Rikkeet n\u00e4kyiv\u00e4t tv-kuvissa.<\/p>\n<p class=\"paragraph\">Asia meni Iltalehden saaman tiedon mukaan j\u00e4\u00e4kiekon nuorten MM-turnauksen kurinpidon k\u00e4sittelyyn. Rikkeisiin syyllistyneit\u00e4 pelaajia uhkaa pelikielto.<\/p>\n<p class=\"paragraph\">Turnauksen kurinpitopaneeli on Kansainv\u00e4lisen j\u00e4\u00e4kiekkoliiton asettama, ja siihen kuuluu muun muassa joukkueiden ja IIHF:n ulkopuolisia henkil\u00f6it\u00e4.<\/p>\n<p>Ei k\u00e4ttely\u00e4<\/p>\n<p class=\"paragraph\">Kanadan joukkue ei k\u00e4tellyt T\u0161ekki\u00e4 ottelun j\u00e4lkeen. Sekin on kummallista ja eritt\u00e4in ep\u00e4urheilijamaista. MM-turnauksen kurinpito k\u00e4sittelee my\u00f6s t\u00e4t\u00e4 asiaa. Rangaistuksena voi olla sakkoa Kanadan joukkueelle, eli Kanadan j\u00e4\u00e4kiekkoliitolle.<\/p>\n<p class=\"paragraph\">Kanadan p\u00e4\u00e4valmentaja on <a href=\"https:\/\/www.iltalehti.fi\/henkilot\/Dale Hunter\" class=\"article-link-person-page\" rel=\"nofollow noopener\" target=\"_blank\">Dale Hunter<\/a>.<\/p>\n<p class=\"paragraph\">On mielenkiintoista n\u00e4hd\u00e4, uskaltaako turnauksen kurinpito oikeasti rangaista Kanadaa, jolla on tunnetusti valtaa kiekkomaailman kabineteissa.<\/p>\n<p class=\"paragraph\">Kanadan liitto kertoi lauantai-iltana X:ss\u00e4 pyyt\u00e4neens\u00e4 pelaajien k\u00e4yt\u00f6st\u00e4 anteeksi.<\/p>\n<p><a href=\"https:\/\/www.iltalehti.fi\/telkku\/?utm_source=iltalehti.fi&amp;utm_medium=almainternal&amp;utm_campaign=urheilu_artikkelibanneri&amp;utm_content=banner_612_a\" rel=\"nofollow noopener\" target=\"_blank\"><img decoding=\"async\" src=\"https:\/\/www.europesays.com\/fi\/wp-content\/uploads\/2025\/08\/7ef604e47d46ca174b7df4149bd3557dbde56a86d520f8e1b2125548b0a2e03a.png\" alt=\"TV-ohjelmat t\u00e4n\u00e4\u00e4n, TV-opas\"\/><\/a><\/p>\n","protected":false},"excerpt":{"rendered":"Kanadan pelaajat toimivat ep\u00e4urheilijamaisesti nuorten MM-kisoissa. Kanadan ja T\u0161ekin ottelussa k\u00e4ytiin kuumana. AOP Kanada kaatoi omassa MM-turnauksen avausottelussaan&hellip;\n","protected":false},"author":2,"featured_media":127315,"comment_status":"","ping_status":"","sticky":false,"template":"","format":"standard","meta":{"footnotes":""},"categories":[158],"tags":[35,33,31,30,1143,41,103,159,32,1145,160,161],"class_list":{"0":"post-127314","1":"post","2":"type-post","3":"status-publish","4":"format-standard","5":"has-post-thumbnail","7":"category-urheilu","8":"tag-24h","9":"tag-fi","10":"tag-finland","11":"tag-finnish","12":"tag-jaakiekko","13":"tag-liikunta-ja-urheilu","14":"tag-sosiaalikysymykset","15":"tag-sports","16":"tag-suomi","17":"tag-talviurheilu","18":"tag-urheilu","19":"tag-urheilutapahtumat"},"share_on_mastodon":{"url":"https:\/\/pubeurope.com\/@fi\/115793226159997304","error":""},"_links":{"self":[{"href":"https:\/\/www.europesays.com\/fi\/wp-json\/wp\/v2\/posts\/127314","targetHints":{"allow":["GET"]}}],"collection":[{"href":"https:\/\/www.europesays.com\/fi\/wp-json\/wp\/v2\/posts"}],"about":[{"href":"https:\/\/www.europesays.com\/fi\/wp-json\/wp\/v2\/types\/post"}],"author":[{"embeddable":true,"href":"https:\/\/www.europesays.com\/fi\/wp-json\/wp\/v2\/users\/2"}],"replies":[{"embeddable":true,"href":"https:\/\/www.europesays.com\/fi\/wp-json\/wp\/v2\/comments?post=127314"}],"version-history":[{"count":0,"href":"https:\/\/www.europesays.com\/fi\/wp-json\/wp\/v2\/posts\/127314\/revisions"}],"wp:featuredmedia":[{"embeddable":true,"href":"https:\/\/www.europesays.com\/fi\/wp-json\/wp\/v2\/media\/127315"}],"wp:attachment":[{"href":"https:\/\/www.europesays.com\/fi\/wp-json\/wp\/v2\/media?parent=127314"}],"wp:term":[{"taxonomy":"category","embeddable":true,"href":"https:\/\/www.europesays.com\/fi\/wp-json\/wp\/v2\/categories?post=127314"},{"taxonomy":"post_tag","embeddable":true,"href":"https:\/\/www.europesays.com\/fi\/wp-json\/wp\/v2\/tags?post=127314"}],"curies":[{"name":"wp","href":"https:\/\/api.w.org\/{rel}","templated":true}]}}