{"id":127324,"date":"2025-12-27T19:45:08","date_gmt":"2025-12-27T19:45:08","guid":{"rendered":"https:\/\/www.europesays.com\/fi\/127324\/"},"modified":"2025-12-27T19:45:08","modified_gmt":"2025-12-27T19:45:08","slug":"sotilasjuntan-pahin-pelko-on-maan-alla-elava-laakari","status":"publish","type":"post","link":"https:\/\/www.europesays.com\/fi\/127324\/","title":{"rendered":"Sotilasjuntan \u201dpahin pelko\u201d on maan alla el\u00e4v\u00e4 l\u00e4\u00e4k\u00e4ri"},"content":{"rendered":"<p>Myanmar|Kenraalit j\u00e4rjest\u00e4v\u00e4t n\u00e4yt\u00f6svaalit esitt\u00e4\u00e4kseen Myanmarin olevan tiell\u00e4 kohti demokratiaa.<\/p>\n<p>Lue tiivistelm\u00e4<\/p>\n<p class=\"article-body mb-nof-24 px-nof-16 sndp-summary-bullet-point-font\">Myanmarissa etsint\u00e4kuulutettu l\u00e4\u00e4k\u00e4ri Tayzar San j\u00e4rjesti aiemmin joulukuussa demokratiamielenosoituksen ja kehotti boikotoimaan sunnuntaina alkavia parlamenttivaaleja.<\/p>\n<p class=\"article-body mb-nof-24 px-nof-16 sndp-summary-bullet-point-font\">Asiantuntijat pit\u00e4v\u00e4t vaaleja teatterina, sill\u00e4 sotilasjuntta on sulkenut opposition pois ehdolta ja esitt\u00e4\u00e4 maan olevan tiell\u00e4 kohti demokratiaa.<\/p>\n<p class=\"article-body mb-nof-24 px-nof-16 sndp-summary-bullet-point-font\">Asevoimat kaappasi vallan Myanmarissa helmikuussa 2021, ja kenraali Min Aung Hlaing on johtanut maata siit\u00e4 l\u00e4htien.<\/p>\n<p class=\"article-body mb-nof-24 px-nof-16\">Hontelo silm\u00e4lasip\u00e4inen l\u00e4\u00e4k\u00e4ri on \u201dMyanmarin etsityin mies\u201d (<a class=\"underline underline-offset-[0.12em] [text-decoration-thickness:var(--generic-link-underline-thickness)] [text-decoration-color:var(--generic-link-underline-color)] [text-decoration-skip-ink:var(--generic-link-underline-skip-ink)] break-words\" href=\"https:\/\/www.economist.com\/asia\/2025\/12\/24\/a-sham-poll-in-myanmar-opens-a-new-phase-of-military-rule\" rel=\"nofollow noopener\" target=\"_blank\">The Economist<\/a>) ja \u201djuntan pahin pelko\u201d (<a class=\"underline underline-offset-[0.12em] [text-decoration-thickness:var(--generic-link-underline-thickness)] [text-decoration-color:var(--generic-link-underline-color)] [text-decoration-skip-ink:var(--generic-link-underline-skip-ink)] break-words\" href=\"https:\/\/www.thetimes.com\/world\/asia\/article\/bespectacled-skinny-doctor-myanmars-junta-dgm03mspd\" rel=\"nofollow noopener\" target=\"_blank\">The Times<\/a>).<\/p>\n<p class=\"article-body mb-nof-24 px-nof-16\">Maan alla el\u00e4v\u00e4 <a class=\"article-personlink\" href=\"https:\/\/www.hs.fi\/haku\/?query=Tayzar%20San\" rel=\"nofollow noopener\" target=\"_blank\">Tayzar San<\/a>, 36, on ollut etsint\u00e4kuulutettu vuodesta 2021. H\u00e4nen pid\u00e4tykseens\u00e4 johtavista tiedoista on luvattu 20 miljoonan kyatin eli noin 8\u202f000 euron <a class=\"underline underline-offset-[0.12em] [text-decoration-thickness:var(--generic-link-underline-thickness)] [text-decoration-color:var(--generic-link-underline-color)] [text-decoration-skip-ink:var(--generic-link-underline-skip-ink)] break-words\" href=\"https:\/\/www.irrawaddy.com\/news\/politics\/junta-offers-reward-for-dr-tayzar-san-two-others-after-mandalay-protest.html\" rel=\"nofollow noopener\" target=\"_blank\">palkkio<\/a>. Se vastaa moninkertaisesti tyypillist\u00e4 vuosipalkkaa Myanmarissa.<\/p>\n<p class=\"article-body mb-nof-24 px-nof-16\">Jatkuvasta pid\u00e4tysvaarasta huolimatta Tayzar San on uhmannut sotilasjunttaa j\u00e4rjest\u00e4m\u00e4ll\u00e4 demokratiamielenosoituksia miljoonakaupunki Mandalayssa \u2013 joskin h\u00e4nen uskotaan el\u00e4v\u00e4n kapinallisten hallussa olevalla seudulla.<\/p>\n<p class=\"article-body mb-nof-24 px-nof-16\">\u201dJos juntta ei ampuisi heit\u00e4, vannon ett\u00e4 saisin miljoonat ihmiset kaduille protestoimaan\u201d, Tayzar San sanoi The Timesille Zoom-haastattelussa piilopaikastaan.<\/p>\n<p class=\"article-body mb-nof-24 px-nof-16\">Viimeksi Tayzar San ja kumppanit ilmestyiv\u00e4t 3. joulukuuta vilkkaalle kauppakadulle. He heitteliv\u00e4t lehtisi\u00e4, jotka kehottivat boikotoimaan sunnuntaina 28. joulukuuta alkavia parlamenttivaaleja.<\/p>\n<p class=\"article-body mb-nof-24 px-nof-16\">Asiantuntijat pit\u00e4v\u00e4t vaaleja silkkana teatterina. Varteenotettava oppositio on suljettu ehdolta.<\/p>\n<p class=\"article-body mb-nof-24 px-nof-16\">Myanmarilainen maanpakolaismedia DVB <a class=\"underline underline-offset-[0.12em] [text-decoration-thickness:var(--generic-link-underline-thickness)] [text-decoration-color:var(--generic-link-underline-color)] [text-decoration-skip-ink:var(--generic-link-underline-skip-ink)] break-words\" href=\"https:\/\/english.dvb.no\/pro-democracy-leader-tayzar-san-leads-protest-against-regimes-2025-26-elections-in-mandalay\/\" rel=\"nofollow noopener\" target=\"_blank\">kertoi<\/a>, ett\u00e4 Tayzar San kutsui vaaleja \u201dansaksi\u201d. Niiden avulla sotilasjuntta esitt\u00e4\u00e4 Myanmarin olevan tiell\u00e4 kohti demokratiaa, vaikka n\u00e4in ei todellisuudessa ole.<\/p>\n<p class=\"article-body mb-nof-24 px-nof-16\">\u201dDiktatuuri on maamme yhteinen vihollinen!\u201d Tayzar San huusi uutistoimisto AFP:n mukaan.<\/p>\n<p class=\"article-body mb-nof-24 px-nof-16\">Mielenosoituksen j\u00e4lkeen h\u00e4n livahti taas viranomaisten ulottuvilta. N\u00e4m\u00e4 tiedottivat j\u00e4ljitt\u00e4v\u00e4ns\u00e4 kahdeksaa miest\u00e4 ja kahta naista tapauksen takia.<\/p>\n<p class=\"article-body mb-nof-24 px-nof-16\">Mielenosoitusta seuranneena p\u00e4iv\u00e4n\u00e4 noin 300 sotilasta ja poliisia teki kauppakadulle ratsian, hajotti kojuja ja otti kiinni kauppiaan syytettyn\u00e4 junttaa vastustavan symbolin esitt\u00e4misest\u00e4, kertoi maanpakolaismedia <a class=\"underline underline-offset-[0.12em] [text-decoration-thickness:var(--generic-link-underline-thickness)] [text-decoration-color:var(--generic-link-underline-color)] [text-decoration-skip-ink:var(--generic-link-underline-skip-ink)] break-words\" href=\"https:\/\/www.irrawaddy.com\/news\/politics\/junta-offers-reward-for-dr-tayzar-san-two-others-after-mandalay-protest.html\" rel=\"nofollow noopener\" target=\"_blank\">The Irrawaddy<\/a>.<\/p>\n<p class=\"article-body mb-nof-24 px-nof-16\">Kyse on kolmen keskimm\u00e4isen sormen nostamisesta ilmaan, N\u00e4lk\u00e4peli-kirjoista ja -elokuvista tutusta eleest\u00e4, jonka myanmarilaiset ovat omaksuneet vastarinnan merkiksi.<\/p>\n<p class=\"article-body mb-nof-24 px-nof-16\">\u201dKaikki tiet\u00e4v\u00e4t, ett\u00e4 kauppiailla ei ole mit\u00e4\u00e4n tekemist\u00e4 Tayzar Sanin kanssa. Hallinto tarkoituksella tuhosi kojuja v\u00e4litt\u00e4\u00e4kseen viestin, ett\u00e4 kauppiaat k\u00e4rsiv\u00e4t Tayzar Sanin teoista. Se on psykologista sodank\u00e4ynti\u00e4\u201d, er\u00e4s entinen poliittinen vanki sanoi The Irrawaddylle.<\/p>\n<p class=\"article-body mb-nof-24 px-nof-16\">Asevoimat kaappasi vallan Myanmarissa helmikuussa 2021. Siit\u00e4 l\u00e4htien maata on johtanut kenraali <a class=\"article-personlink\" href=\"https:\/\/www.hs.fi\/haku\/?query=Min%20Aung%20Hlaing\" rel=\"nofollow noopener\" target=\"_blank\">Min Aung Hlaing<\/a> ja hallitus on k\u00e4ynyt sis\u00e4llissotaa kapinallisryhmi\u00e4 vastaan.<\/p>\n<p class=\"article-body mb-nof-24 px-nof-16\"><a class=\"article-personlink\" href=\"https:\/\/www.hs.fi\/haku\/?query=Aung%20San%20Suu%20Kyi\" rel=\"nofollow noopener\" target=\"_blank\">Aung San Suu Kyi<\/a>, Myanmarin valtiokansleri ja tosiasiallinen johtaja vuosina 2016\u20132021, tuomittiin pitk\u00e4\u00e4n vankeuteen oikeudenk\u00e4ynneiss\u00e4, joita ulkovallat pitiv\u00e4t poliittisena.<\/p>\n<p class=\"article-body mb-nof-24 px-nof-16\">Vallankaappaus mullisti my\u00f6s Tayzar Sanin el\u00e4m\u00e4n, sill\u00e4 h\u00e4n oli j\u00e4rjest\u00e4m\u00e4ss\u00e4 ensimm\u00e4ist\u00e4 mielenosoitusta junttaa vastaan vain kolme p\u00e4iv\u00e4\u00e4 vallankaappauksen j\u00e4lkeen, kun muut oppositioaktivistit vasta tarkkailivat, mit\u00e4 tuleman pit\u00e4\u00e4.<\/p>\n<p class=\"article-body mb-nof-24 px-nof-16\">Se saattoi h\u00e4net pysyv\u00e4sti juntan t\u00e4ht\u00e4imeen.<\/p>\n<p class=\"article-body mb-nof-24 px-nof-16\">Joulukuun alun mielenosoituksen j\u00e4lkeen sotilaat \u201detsiv\u00e4t h\u00e4nt\u00e4 k\u00e4skyn\u00e4\u00e4n tappaa kohdatessa\u201d, v\u00e4itti paikallinen asukas DVB:lle.<\/p>\n<p class=\"article-body mb-nof-24 px-nof-16\">Varmalta vaikuttaa, ett\u00e4 kiinni j\u00e4\u00e4minen lopettaisi Tayzar Sanin aktivismin. Viime kes\u00e4n\u00e4 s\u00e4\u00e4detyn lain nojalla vaaleja vastustavista joukkomielenosoituksista voi saada jopa kymmenen vuoden vankeustuomion.<\/p>\n<p class=\"article-body mb-nof-24 px-nof-16\">Sunnuntaina alkavat parlamenttivaalit ovat ensimm\u00e4iset vallankaappauksen j\u00e4lkeen. Ne j\u00e4rjestet\u00e4\u00e4n eri puolilla maata muutamassa er\u00e4ss\u00e4 tammikuun loppuun menness\u00e4. Silti suuressa osassa maata, kuten kapinallisten aseryhmien hallitsemilla alueilla, \u00e4\u00e4nest\u00e4j\u00e4t eiv\u00e4t p\u00e4\u00e4se uurnille ensink\u00e4\u00e4n.<\/p>\n<p class=\"article-body mb-nof-24 px-nof-16\">Myanmarissa on satoja eri kapinallisjoukkoja, joista moni edustaa muita etnisi\u00e4 ryhmi\u00e4 kuin enemmist\u00f6kansa burmalaisia.<\/p>\n<p class=\"article-body mb-nof-24 px-nof-16\">Viel\u00e4 viime vuonna kapinalliset olivat niskan p\u00e4\u00e4ll\u00e4. Heid\u00e4n arveltiin saattavan yritt\u00e4\u00e4 jopa Mandalayn valtaamista. Kuluneen vuoden aikana osat ovat vaihtuneet, ja asevoimat on vallannut alueita takaisin ymp\u00e4ri maata.<\/p>\n<p class=\"article-body mb-nof-24 px-nof-16\">The Economist mainitsee yhdeksi syyksi Yhdysvaltain kehitysyhteisty\u00f6viraston (USAID) alasajon presidentti <a class=\"article-personlink\" href=\"https:\/\/www.hs.fi\/haku\/?query=Donald%20Trumpin\" rel=\"nofollow noopener\" target=\"_blank\">Donald Trumpin<\/a> alaisuudessa. Se ei tukenut kapinallisia, mutta se toimitti humanitaarista apua kapinallisten hallitsemille alueille. Avun lakattua kapinalliset ovat joutuneet k\u00e4ytt\u00e4m\u00e4\u00e4n varojaan sodank\u00e4ynnin sijaan asukkaiden arjen tukemiseen.<\/p>\n<p class=\"article-body mb-nof-24 px-nof-16\">Voimasuhteiden muuttumista selitt\u00e4v\u00e4t lehden mukaan my\u00f6s, ett\u00e4 Kiina on vet\u00e4nyt tukeaan kapinallisilta, Myanmar otti vasta viime vuonna k\u00e4ytt\u00f6\u00f6n varusmiespalveluksen ja on alkanut hy\u00f6dynt\u00e4\u00e4 sotatoimissaan lennokkeja.<\/p>\n","protected":false},"excerpt":{"rendered":"Myanmar|Kenraalit j\u00e4rjest\u00e4v\u00e4t n\u00e4yt\u00f6svaalit esitt\u00e4\u00e4kseen Myanmarin olevan tiell\u00e4 kohti demokratiaa. Lue tiivistelm\u00e4 Myanmarissa etsint\u00e4kuulutettu l\u00e4\u00e4k\u00e4ri Tayzar San j\u00e4rjesti aiemmin&hellip;\n","protected":false},"author":2,"featured_media":127325,"comment_status":"","ping_status":"","sticky":false,"template":"","format":"standard","meta":{"footnotes":""},"categories":[5],"tags":[22,23,26,27,33,31,30,17,46,24,25,28,29,15,18,21,32,19,20,16],"class_list":{"0":"post-127324","1":"post","2":"type-post","3":"status-publish","4":"format-standard","5":"has-post-thumbnail","7":"category-otsikot","8":"tag-breaking-news","9":"tag-breakingnews","10":"tag-featured-news","11":"tag-featurednews","12":"tag-fi","13":"tag-finland","14":"tag-finnish","15":"tag-headlines","16":"tag-helsingin-sanomat","17":"tag-latest-news","18":"tag-latestnews","19":"tag-main-news","20":"tag-mainnews","21":"tag-news","22":"tag-otsikot","23":"tag-paauutiset","24":"tag-suomi","25":"tag-top-stories","26":"tag-topstories","27":"tag-uutiset"},"share_on_mastodon":{"url":"https:\/\/pubeurope.com\/@fi\/115793253020675222","error":""},"_links":{"self":[{"href":"https:\/\/www.europesays.com\/fi\/wp-json\/wp\/v2\/posts\/127324","targetHints":{"allow":["GET"]}}],"collection":[{"href":"https:\/\/www.europesays.com\/fi\/wp-json\/wp\/v2\/posts"}],"about":[{"href":"https:\/\/www.europesays.com\/fi\/wp-json\/wp\/v2\/types\/post"}],"author":[{"embeddable":true,"href":"https:\/\/www.europesays.com\/fi\/wp-json\/wp\/v2\/users\/2"}],"replies":[{"embeddable":true,"href":"https:\/\/www.europesays.com\/fi\/wp-json\/wp\/v2\/comments?post=127324"}],"version-history":[{"count":0,"href":"https:\/\/www.europesays.com\/fi\/wp-json\/wp\/v2\/posts\/127324\/revisions"}],"wp:featuredmedia":[{"embeddable":true,"href":"https:\/\/www.europesays.com\/fi\/wp-json\/wp\/v2\/media\/127325"}],"wp:attachment":[{"href":"https:\/\/www.europesays.com\/fi\/wp-json\/wp\/v2\/media?parent=127324"}],"wp:term":[{"taxonomy":"category","embeddable":true,"href":"https:\/\/www.europesays.com\/fi\/wp-json\/wp\/v2\/categories?post=127324"},{"taxonomy":"post_tag","embeddable":true,"href":"https:\/\/www.europesays.com\/fi\/wp-json\/wp\/v2\/tags?post=127324"}],"curies":[{"name":"wp","href":"https:\/\/api.w.org\/{rel}","templated":true}]}}