{"id":127326,"date":"2025-12-27T19:57:08","date_gmt":"2025-12-27T19:57:08","guid":{"rendered":"https:\/\/www.europesays.com\/fi\/127326\/"},"modified":"2025-12-27T19:57:08","modified_gmt":"2025-12-27T19:57:08","slug":"aki-manninen-piinallinen-vastoinkayminen-paljastui","status":"publish","type":"post","link":"https:\/\/www.europesays.com\/fi\/127326\/","title":{"rendered":"Aki Manninen: piinallinen vastoink\u00e4yminen paljastui"},"content":{"rendered":"<p class=\"article-content article-content-width !bg-background\">Hyvinvointiyritt\u00e4j\u00e4 <a alt=\"Haku\" class=\"text-primary-red font-extrabold\" href=\"https:\/\/www.seiska.fi\/haku?q=Aki Mannista\" rel=\"nofollow noopener\" target=\"_blank\">Aki Mannista<\/a> kohtasi vastoink\u00e4yminen.<\/p>\n<p class=\"font-weight-bold m-font-weight-bold article-content article-content-width !bg-background\">Katso video \u2013 Aki kertoo nyrkkeilyottelustaan Immua vastaan:<\/p>\n<p>Ei eka kerta<\/p>\n<p class=\"article-content article-content-width !bg-background\">Aki on joutunut ongelmiin Porin saaristossa sijaitsevan kotipihansa paljun kanssa.<\/p>\n<p class=\"article-content article-content-width !bg-background\">Kyseess\u00e4 ei ole suinkaan ensimm\u00e4inen kerta, sill\u00e4 Aki on k\u00e4rsinyt paljun kanssa ep\u00e4onnesta my\u00f6s aiemmin.<\/p>\n<p class=\"article-content article-content-width !bg-background\">Lokakuussa (16.10.) Aki ihmetteli Instagram-tarinoissaan jo kuuluisaksi tulleen paljunsa kannen katoamista.<\/p>\n<p class=\"article-content article-content-width !bg-background\">\u2013\u00a0Miss\u00e4 paljun kansi on? Miten se on voinut irti l\u00e4hte\u00e4?\u00a0Ei oo todellista, se on toisella puolella ryteikk\u00f6\u00e4 tuolla. Ei taivas! Aki p\u00e4ivitteli tuolloin. Aki l\u00e4hti hakemaan paljun kantta meloen sup-laudallaan<\/p>\n<p class=\"article-content article-content-width !bg-background\">Noin vuosi sitten Mannisten perheen palju oli kadonnut pihapiirin laiturilta. Myrskyn riepottelema palju l\u00f6ytyi lopulta naapurin rannasta.\u00a0Aki meloi sup-laudallaan hakemaan paljun kantta<\/p>\n<p>                <img decoding=\"async\" src=\"https:\/\/www.europesays.com\/fi\/wp-content\/uploads\/2025\/12\/2003078.webp\" width=\"576\" height=\"658\" alt=\"Aki ja Rita Porin-kodin pihapiiriss\u00e4.\" loading=\"lazy\" \/>            <\/p>\n<p>\n            Aki ja Rita Porin-kodin pihapiiriss\u00e4.<br \/>\n            Timo Korhonen\n        <\/p>\n<p>Paljuepisodi jatkuu<\/p>\n<p class=\"article-content article-content-width !bg-background\">Nyt Akin, <a alt=\"Haku\" class=\"text-primary-red font-extrabold\" href=\"https:\/\/www.seiska.fi\/haku?q=Ritan\" rel=\"nofollow noopener\" target=\"_blank\">Ritan<\/a> ja <a alt=\"Haku\" class=\"text-primary-red font-extrabold\" href=\"https:\/\/www.seiska.fi\/haku?q=Donna\" rel=\"nofollow noopener\" target=\"_blank\">Donna<\/a>-tytt\u00e4ren Meri-Porissa sijaitsevan kodin pihalla olevan paljun vastoink\u00e4ymiset saivat jatkoa. Suomea riepottelee parhaillaan Hannes-myrsky, eik\u00e4 kovaonninen palju s\u00e4\u00e4stynyt myrskypuuskilta.<\/p>\n<p class=\"article-content article-content-width !bg-background\">Aki kertoo Porin-kotinsa tilanteesta Instagram-tarinoissaan lauantaina 27. joulukuuta.<\/p>\n<p class=\"article-content article-content-width !bg-background\">\u2013 M\u00e4 rupesin laittaa vett\u00e4 paljuun ettei se l\u00e4hde, ni l\u00e4hti piippu. Aina jotakin. Piippu oli kadoksis kun m\u00e4 tulin rantaan. Niin kauheasti puhaltaa l\u00e4nnest\u00e4, Aki toteaa nauraen.<\/p>\n<p class=\"article-content article-content-width !bg-background\">Aki treenaa parhaillaan tavoitteellisesti. Tosi-tv-t\u00e4hti kohtaa mediapersoona ja ex-rikollinen <a alt=\"Haku\" class=\"text-primary-red font-extrabold\" href=\"https:\/\/www.seiska.fi\/haku?q=Mika \u201dImmu\u201d Ilm\u00e9nin\" rel=\"nofollow noopener\" target=\"_blank\">Mika \u201dImmu\u201d Ilm\u00e9nin<\/a> nyrkkeilyottelussa maaliskuussa.<\/p>\n<p>                <img decoding=\"async\" src=\"https:\/\/www.europesays.com\/fi\/wp-content\/uploads\/2025\/12\/1929552.webp\" width=\"576\" height=\"274\" alt=\"Akilla ja Ritalla alkoi hiljattain yhteinen Sillai kai -podcast.\" loading=\"lazy\" \/>            <\/p>\n<p>\n            Akilla ja Ritalla alkoi hiljattain yhteinen Sillai kai -podcast.<br \/>\n            Timo Korhonen\n        <\/p>\n","protected":false},"excerpt":{"rendered":"Hyvinvointiyritt\u00e4j\u00e4 Aki Mannista kohtasi vastoink\u00e4yminen. Katso video \u2013 Aki kertoo nyrkkeilyottelustaan Immua vastaan: Ei eka kerta Aki on&hellip;\n","protected":false},"author":2,"featured_media":127327,"comment_status":"","ping_status":"","sticky":false,"template":"","format":"standard","meta":{"footnotes":""},"categories":[136],"tags":[5974,407,9560,137,33,31,30,22569,5227,408,22568,22570,7573,32,109],"class_list":{"0":"post-127326","1":"post","2":"type-post","3":"status-publish","4":"format-standard","5":"has-post-thumbnail","7":"category-julkkikset","8":"tag-aki-manninen","9":"tag-celebrities","10":"tag-donna","11":"tag-entertainment","12":"tag-fi","13":"tag-finland","14":"tag-finnish","15":"tag-hannes-myrsky","16":"tag-immu-ilmen","17":"tag-julkkikset","18":"tag-palju","19":"tag-porin-saaristo","20":"tag-rita-niemi-manninen","21":"tag-suomi","22":"tag-viihde"},"share_on_mastodon":{"url":"https:\/\/pubeurope.com\/@fi\/115793300427843871","error":""},"_links":{"self":[{"href":"https:\/\/www.europesays.com\/fi\/wp-json\/wp\/v2\/posts\/127326","targetHints":{"allow":["GET"]}}],"collection":[{"href":"https:\/\/www.europesays.com\/fi\/wp-json\/wp\/v2\/posts"}],"about":[{"href":"https:\/\/www.europesays.com\/fi\/wp-json\/wp\/v2\/types\/post"}],"author":[{"embeddable":true,"href":"https:\/\/www.europesays.com\/fi\/wp-json\/wp\/v2\/users\/2"}],"replies":[{"embeddable":true,"href":"https:\/\/www.europesays.com\/fi\/wp-json\/wp\/v2\/comments?post=127326"}],"version-history":[{"count":0,"href":"https:\/\/www.europesays.com\/fi\/wp-json\/wp\/v2\/posts\/127326\/revisions"}],"wp:featuredmedia":[{"embeddable":true,"href":"https:\/\/www.europesays.com\/fi\/wp-json\/wp\/v2\/media\/127327"}],"wp:attachment":[{"href":"https:\/\/www.europesays.com\/fi\/wp-json\/wp\/v2\/media?parent=127326"}],"wp:term":[{"taxonomy":"category","embeddable":true,"href":"https:\/\/www.europesays.com\/fi\/wp-json\/wp\/v2\/categories?post=127326"},{"taxonomy":"post_tag","embeddable":true,"href":"https:\/\/www.europesays.com\/fi\/wp-json\/wp\/v2\/tags?post=127326"}],"curies":[{"name":"wp","href":"https:\/\/api.w.org\/{rel}","templated":true}]}}