{"id":127330,"date":"2025-12-27T20:04:07","date_gmt":"2025-12-27T20:04:07","guid":{"rendered":"https:\/\/www.europesays.com\/fi\/127330\/"},"modified":"2025-12-27T20:04:07","modified_gmt":"2025-12-27T20:04:07","slug":"robin-lod-loysi-uuden-tyopaikan-mlssta-urheilua-lyhyesti","status":"publish","type":"post","link":"https:\/\/www.europesays.com\/fi\/127330\/","title":{"rendered":"Robin Lod l\u00f6ysi uuden ty\u00f6paikan MLS:st\u00e4 | Urheilua lyhyesti"},"content":{"rendered":"<p class=\"aw-1gybjub aw-5vja16 kEtdKx kmuxyA yle__article__paragraph\">Suomen miesten jalka\u00adpallo\u00admaa\u00adjoukkueen keski\u00adkentt\u00e4pelaaja Robin Lod jatkaa seura\u00adjoukkue\u00aduraansa Pohjois-Amerikassa. <\/p>\n<p><img decoding=\"async\" alt=\"Robin Lod i n\u00e4rbild.\" src=\"https:\/\/www.europesays.com\/fi\/wp-content\/uploads\/2025\/12\/39-137400767273833c5a0d.jpeg\" class=\"aw-1l9m598 hKVVvP\"\/><\/p>\n<p>Avaa kuvien katselu<\/p>\n<p>Robin Lod edusti pitk\u00e4\u00e4n Minnesotaa. Kuva: Matt Blewett \/ AOP<\/p>\n<p class=\"aw-1gybjub aw-1p7kakr kEtdKx cEmitX yle__article__paragraph\"><strong class=\"aw-ak79eh KyCXm yle__article__strong\">Robin Lod<\/strong> teki vuoteen 2028 ulottuvan sopimuksen MLS-seura Chicago Firen kanssa, seura kertoi <a class=\"aw-iao6s4 iHOxEa yle__article__link\" href=\"https:\/\/www.chicagofirefc.com\/news\/chicago-fire-fc-acquires-finland-international-robin-lod-as-a-free-agent\" role=\"link\" rel=\"nofollow noopener\" target=\"_blank\">verkkosivuillaan<\/a>.<\/p>\n<p class=\"aw-1gybjub aw-1p7kakr kEtdKx cEmitX yle__article__paragraph\">Lod edusti MLS:ss\u00e4 Minnesota Unitedia vuosina 2019\u201325, joten Yhdysvallat ja sarja ovat h\u00e4nelle tutut.<\/p>\n<p class=\"aw-1gybjub aw-1p7kakr kEtdKx cEmitX yle__article__paragraph\">Chicago kertoi 32-vuotiaan Lodin pelanneen entisess\u00e4 seurassaan kaikki kilpailut huomioiden 185 ottelua ja tehneen 41 maalia, joilla h\u00e4n on Minnesotan kaikkien aikojen maaliseppo. Suomalainen j\u00e4i menneen kauden j\u00e4lkeen vapaaksi agentiksi, ja Chicago nappasi h\u00e4net.<\/p>\n<p class=\"aw-1gybjub aw-1p7kakr kEtdKx cEmitX yle__article__paragraph\">Menneell\u00e4 kaudella Minnesota oli MLS:n runkosarjassa l\u00e4ntisen konferenssin nelj\u00e4s ja Chicago it\u00e4isen konferenssin kahdeksas.<\/p>\n<p class=\"aw-1gybjub aw-1p7kakr kEtdKx cEmitX yle__article__paragraph\">Pudotuspeleiss\u00e4 Chicago voitti Orlando Cityn, mutta putosi sitten konferenssinsa puoliv\u00e4lieriss\u00e4 Philadelphia Unionia vastaan.<\/p>\n<p class=\"aw-1gybjub aw-1p7kakr kEtdKx cEmitX yle__article__paragraph\">Lodin entinen seura Minnesota eteni konferenssinsa v\u00e4lieriin, joissa San Diego FC oli parempi.<\/p>\n<p class=\"aw-1gybjub aw-1p7kakr kEtdKx cEmitX yle__article__paragraph\">Lod on nelinkertainen Suomen mestari HJK:sta. Lis\u00e4ksi h\u00e4n on edustanut kotimaan p\u00e4\u00e4sarjakentill\u00e4 VPS:\u00e4\u00e4. Ulkomailla Lod pelasi Kreikassa ja Espanjassa ennen Yhdysvaltoihin siirtymist\u00e4.<\/p>\n<p class=\"aw-1gybjub aw-1p7kakr kEtdKx cEmitX yle__article__paragraph\">Lod on edustanut Suomea 83 maaottelussa ja tehnyt kuusi maalia.<\/p>\n","protected":false},"excerpt":{"rendered":"Suomen miesten jalka\u00adpallo\u00admaa\u00adjoukkueen keski\u00adkentt\u00e4pelaaja Robin Lod jatkaa seura\u00adjoukkue\u00aduraansa Pohjois-Amerikassa. Avaa kuvien katselu Robin Lod edusti pitk\u00e4\u00e4n Minnesotaa. Kuva:&hellip;\n","protected":false},"author":2,"featured_media":127331,"comment_status":"","ping_status":"","sticky":false,"template":"","format":"standard","meta":{"footnotes":""},"categories":[158],"tags":[33,31,30,5285,43,11128,22571,159,32,160],"class_list":{"0":"post-127330","1":"post","2":"type-post","3":"status-publish","4":"format-standard","5":"has-post-thumbnail","7":"category-urheilu","8":"tag-fi","9":"tag-finland","10":"tag-finnish","11":"tag-huuhkajat","12":"tag-jalkapallo","13":"tag-major-league-soccer","14":"tag-robin-lod","15":"tag-sports","16":"tag-suomi","17":"tag-urheilu"},"share_on_mastodon":{"url":"https:\/\/pubeurope.com\/@fi\/115793328050134708","error":""},"_links":{"self":[{"href":"https:\/\/www.europesays.com\/fi\/wp-json\/wp\/v2\/posts\/127330","targetHints":{"allow":["GET"]}}],"collection":[{"href":"https:\/\/www.europesays.com\/fi\/wp-json\/wp\/v2\/posts"}],"about":[{"href":"https:\/\/www.europesays.com\/fi\/wp-json\/wp\/v2\/types\/post"}],"author":[{"embeddable":true,"href":"https:\/\/www.europesays.com\/fi\/wp-json\/wp\/v2\/users\/2"}],"replies":[{"embeddable":true,"href":"https:\/\/www.europesays.com\/fi\/wp-json\/wp\/v2\/comments?post=127330"}],"version-history":[{"count":0,"href":"https:\/\/www.europesays.com\/fi\/wp-json\/wp\/v2\/posts\/127330\/revisions"}],"wp:featuredmedia":[{"embeddable":true,"href":"https:\/\/www.europesays.com\/fi\/wp-json\/wp\/v2\/media\/127331"}],"wp:attachment":[{"href":"https:\/\/www.europesays.com\/fi\/wp-json\/wp\/v2\/media?parent=127330"}],"wp:term":[{"taxonomy":"category","embeddable":true,"href":"https:\/\/www.europesays.com\/fi\/wp-json\/wp\/v2\/categories?post=127330"},{"taxonomy":"post_tag","embeddable":true,"href":"https:\/\/www.europesays.com\/fi\/wp-json\/wp\/v2\/tags?post=127330"}],"curies":[{"name":"wp","href":"https:\/\/api.w.org\/{rel}","templated":true}]}}