{"id":127337,"date":"2025-12-27T20:10:09","date_gmt":"2025-12-27T20:10:09","guid":{"rendered":"https:\/\/www.europesays.com\/fi\/127337\/"},"modified":"2025-12-27T20:10:09","modified_gmt":"2025-12-27T20:10:09","slug":"classic-oli-lahella-eeppista-sulamista-mutta-kaivoi-lopussa-voiton","status":"publish","type":"post","link":"https:\/\/www.europesays.com\/fi\/127337\/","title":{"rendered":"Classic oli l\u00e4hell\u00e4 eeppist\u00e4 sulamista, mutta kaivoi lopussa voiton"},"content":{"rendered":"<p>Ykk\u00f6skent\u00e4n Alpo Laitila, Peteris Trekse ja Ville Lastikka olivat Classicin tehopelaajat 9\u20137-voitossa SPV:st\u00e4.<\/p>\n<p class=\"article-body mb-nof-24 px-nof-16\">Aamulehti<\/p>\n<p class=\"article-body mb-nof-24 px-nof-16\">Lemp\u00e4\u00e4l\u00e4n Ideaparkin Bl\u00e4k Boks -kent\u00e4ll\u00e4 n\u00e4htiin lauantaina odotettu miesten salibandyliigan k\u00e4rkip\u00e4\u00e4n kohtaaminen, josta meinasi tulla yhden joukkueen n\u00e4yt\u00f6s, mutta kolmas er\u00e4 muutti kaiken.<\/p>\n<p class=\"article-body mb-nof-24 px-nof-16\">Tampereen Classic nappasi v\u00e4rikk\u00e4iden vaiheiden j\u00e4lkeen voiton Sein\u00e4joen Peliveljist\u00e4 lukemin 9\u20137 (3\u20130, 2\u20132, 4\u20135).<\/p>\n<p class=\"article-body mb-nof-24 px-nof-16\">Classicin tehopelaajina h\u00e4\u00e4riv\u00e4t ykk\u00f6sketjun <a class=\"article-personlink\" href=\"https:\/\/www.aamulehti.fi\/haku\/?query=Alpo%20Laitila\" rel=\"nofollow noopener\" target=\"_blank\">Alpo Laitila<\/a>, <a class=\"article-personlink\" href=\"https:\/\/www.aamulehti.fi\/haku\/?query=Peteris%20Trekse\" rel=\"nofollow noopener\" target=\"_blank\">Peteris Trekse<\/a> ja <a class=\"article-personlink\" href=\"https:\/\/www.aamulehti.fi\/haku\/?query=Ville%20Lastikka\" rel=\"nofollow noopener\" target=\"_blank\">Ville Lastikka<\/a>, joista ensimm\u00e4inen maalasi yhden ja sy\u00f6tti kaksi osumaa. Trekse puolestaan heilutti verkkoa kahdesti \u2013 juuri Laitilan sy\u00f6t\u00f6ist\u00e4. Ketjun kolmas lenkki Lastikka teki kaksi maalia ja sy\u00f6tti yhden.<\/p>\n<p class=\"article-body mb-nof-24 px-nof-16\">Paljon huonommaksi ei j\u00e4\u00e4nyt kakkosketjun tuttu maalisieppo <a class=\"article-personlink\" href=\"https:\/\/www.aamulehti.fi\/haku\/?query=Eemeli%20Salin\" rel=\"nofollow noopener\" target=\"_blank\">Eemeli Salin<\/a>, joka maalasi kahdesti ja sy\u00f6tti yhden Classicille.<\/p>\n<p class=\"article-body mb-nof-24 px-nof-16\">\u201dMeill\u00e4 oli vahva startti, mutta ote alkoi lipsua toisessa er\u00e4ss\u00e4. Sitten oli pitk\u00e4\u00e4n vaikeaa. P\u00e4\u00e4stimme kaverin mukaan \u2013 ei mit\u00e4\u00e4n heilt\u00e4 pois. He pelasivat hyvin siin\u00e4 kohtaa, taistelivat ja n\u00e4yttiv\u00e4t luonnetta\u201d, Lastikka kertoi Ruudun haastattelussa.<\/p>\n<p class=\"article-body mb-nof-24 px-nof-16\">Classic johti parhaimmillaan 5\u20131, mutta SPV nousi toisen ja kolmannen er\u00e4n aikana nelj\u00e4n maalin takaa hetkeksi 6\u20135-johtoon. Classic nousi pelin lopussa voittoon.<\/p>\n<p class=\"article-body mb-nof-24 px-nof-16\">\u201dN\u00e4ytimme ihan lopussa luonnetta. Pystyimme kaivamaan voiton, vaikka koimme aika ison vastoink\u00e4ymisen, kun menetimme ison johdon\u201d, Lastikka sanoi.<\/p>\n<p>Kohti sarjak\u00e4rke\u00e4<\/p>\n<p class=\"article-body mb-nof-24 px-nof-16\">Voitto oli Classicille t\u00e4rke\u00e4. Joukkue nousi sarjakakkoseksi ohi espoolaisen Westend Indiansin. SPV jatkaa tappion my\u00f6t\u00e4 sarjanelosena, nyt kolmen pisteen p\u00e4\u00e4ss\u00e4 Classicista.<\/p>\n<p class=\"article-body mb-nof-24 px-nof-16\">Hallitseva mestari espoolainen Oilers juoksee kovaa karkua, joten Classicilla riitt\u00e4\u00e4 kurottavaa umpeen, jos se mielii haaveilla runkosarjan voitosta.<\/p>\n<p class=\"article-body mb-nof-24 px-nof-16\">Oilers on yhden ottelun enemm\u00e4n pelanneena seitsem\u00e4n pisteen p\u00e4\u00e4ss\u00e4 Classicista, joten mahdoton teht\u00e4v\u00e4 ei ole. Kompastumisiin ei ole varaa \u2013 niin vakuuttavaa on t\u00e4ll\u00e4 hetkell\u00e4 Oilersin marssi.<\/p>\n<p class=\"article-body mb-nof-24 px-nof-16\">Edess\u00e4 on viikon mittainen tauko. Classicin seuraava ottelu on viikon p\u00e4\u00e4st\u00e4 lauantaina 3. p\u00e4iv\u00e4 tammikuuta. Silloin se kohtaa kotikent\u00e4ll\u00e4\u00e4n sarjajumbon lahtelaisen LASBin.<\/p>\n","protected":false},"excerpt":{"rendered":"Ykk\u00f6skent\u00e4n Alpo Laitila, Peteris Trekse ja Ville Lastikka olivat Classicin tehopelaajat 9\u20137-voitossa SPV:st\u00e4. Aamulehti Lemp\u00e4\u00e4l\u00e4n Ideaparkin Bl\u00e4k Boks&hellip;\n","protected":false},"author":2,"featured_media":127338,"comment_status":"","ping_status":"","sticky":false,"template":"","format":"standard","meta":{"footnotes":""},"categories":[12],"tags":[157,22,23,26,27,33,31,30,17,24,25,28,29,15,18,21,32,19,20,16],"class_list":{"0":"post-127337","1":"post","2":"type-post","3":"status-publish","4":"format-standard","5":"has-post-thumbnail","7":"category-suomi","8":"tag-aamulehti","9":"tag-breaking-news","10":"tag-breakingnews","11":"tag-featured-news","12":"tag-featurednews","13":"tag-fi","14":"tag-finland","15":"tag-finnish","16":"tag-headlines","17":"tag-latest-news","18":"tag-latestnews","19":"tag-main-news","20":"tag-mainnews","21":"tag-news","22":"tag-otsikot","23":"tag-paauutiset","24":"tag-suomi","25":"tag-top-stories","26":"tag-topstories","27":"tag-uutiset"},"share_on_mastodon":{"url":"https:\/\/pubeurope.com\/@fi\/115793351488265204","error":""},"_links":{"self":[{"href":"https:\/\/www.europesays.com\/fi\/wp-json\/wp\/v2\/posts\/127337","targetHints":{"allow":["GET"]}}],"collection":[{"href":"https:\/\/www.europesays.com\/fi\/wp-json\/wp\/v2\/posts"}],"about":[{"href":"https:\/\/www.europesays.com\/fi\/wp-json\/wp\/v2\/types\/post"}],"author":[{"embeddable":true,"href":"https:\/\/www.europesays.com\/fi\/wp-json\/wp\/v2\/users\/2"}],"replies":[{"embeddable":true,"href":"https:\/\/www.europesays.com\/fi\/wp-json\/wp\/v2\/comments?post=127337"}],"version-history":[{"count":0,"href":"https:\/\/www.europesays.com\/fi\/wp-json\/wp\/v2\/posts\/127337\/revisions"}],"wp:featuredmedia":[{"embeddable":true,"href":"https:\/\/www.europesays.com\/fi\/wp-json\/wp\/v2\/media\/127338"}],"wp:attachment":[{"href":"https:\/\/www.europesays.com\/fi\/wp-json\/wp\/v2\/media?parent=127337"}],"wp:term":[{"taxonomy":"category","embeddable":true,"href":"https:\/\/www.europesays.com\/fi\/wp-json\/wp\/v2\/categories?post=127337"},{"taxonomy":"post_tag","embeddable":true,"href":"https:\/\/www.europesays.com\/fi\/wp-json\/wp\/v2\/tags?post=127337"}],"curies":[{"name":"wp","href":"https:\/\/api.w.org\/{rel}","templated":true}]}}