{"id":127341,"date":"2025-12-27T20:23:08","date_gmt":"2025-12-27T20:23:08","guid":{"rendered":"https:\/\/www.europesays.com\/fi\/127341\/"},"modified":"2025-12-27T20:23:08","modified_gmt":"2025-12-27T20:23:08","slug":"jake-paulin-jutta-rakkaalla-karmea-tilanne-tama-todella-sattuu","status":"publish","type":"post","link":"https:\/\/www.europesays.com\/fi\/127341\/","title":{"rendered":"Jake Paulin Jutta-rakkaalla karmea tilanne \u2013 \u201dT\u00e4m\u00e4 todella sattuu\u201d"},"content":{"rendered":"<p>Hollantilaist\u00e4hden tapaninp\u00e4iv\u00e4 sai surullisen k\u00e4\u00e4nteen.<\/p>\n<p class=\"article-body mb-nof-24 px-nof-16\">Hollannin pikaluistelijat\u00e4hti <a class=\"article-personlink\" href=\"https:\/\/www.is.fi\/haku\/?query=Jutta%20Leerdam\" rel=\"nofollow noopener\" target=\"_blank\">Jutta Leerdam<\/a>, 26, on ennakolta yksi talviolympialaisten mitalisuosikeista mutta nyt p\u00e4\u00e4sy Milano-Cortinan olympialaisiin on vaarassa.<\/p>\n<p class=\"article-body mb-nof-24 px-nof-16\">Leerdamin olympiakarsinta sai dramaattisen k\u00e4\u00e4nteen, kun huippuvauhdissa 1\u202f000 metrin kisassa ollut Leerdam kaatui. H\u00e4n ajautui kovalla vauhdilla p\u00e4in sein\u00e4\u00e4 perjantaina Heerenveeniss\u00e4.<\/p>\n<p class=\"article-body mb-nof-24 px-nof-16\">Ilman aikaa j\u00e4\u00e4nyt Leerdam j\u00e4i viimeiseksi ja oli eritt\u00e4in pettyneen n\u00e4k\u00f6inen. My\u00f6s katsomossa kannustanut kihlattu, kohunyrkkeilij\u00e4 <a class=\"article-personlink\" href=\"https:\/\/www.is.fi\/haku\/?query=Jake%20Paul\" rel=\"nofollow noopener\" target=\"_blank\">Jake Paul <\/a>n\u00e4ytti vakavalta.<\/p>\n<p class=\"article-body mb-nof-24 px-nof-16\">Kisan k\u00e4rkikaksikon muodostivat<a class=\"article-personlink\" href=\"https:\/\/www.is.fi\/haku\/?query=%20Femke%20Kok\" rel=\"nofollow noopener\" target=\"_blank\"> Femke Kok<\/a> ja <a class=\"article-personlink\" href=\"https:\/\/www.is.fi\/haku\/?query=Suzanne%20Schulting\" rel=\"nofollow noopener\" target=\"_blank\">Suzanne Schulting <\/a>ajoilla 1.14.08 ja 1.14.71.<\/p>\n<p class=\"article-body mb-nof-24 px-nof-16\">Omien sanojensa mukaan Leerdam olisi helposti voittanut kilpakumppaninsa.<\/p>\n<p class=\"article-body mb-nof-24 px-nof-16\">\u2013 Olen luistellut niin hyvin harjoituksissa. Mit\u00e4 he luistelivat, olisin helposti luistellut t\u00e4n\u00e4\u00e4n, Leerdam <a class=\"underline underline-offset-[0.12em] [text-decoration-thickness:var(--generic-link-underline-thickness)] [text-decoration-color:var(--generic-link-underline-color)] [text-decoration-skip-ink:var(--generic-link-underline-skip-ink)] break-words\" href=\"https:\/\/www.olympics.com\/en\/milano-cortina-2026\/news\/speed-skating-netherlands-jutta-leerdam-crashes-out-signature-1000m-race-dutch-olympic-trials\" rel=\"nofollow noopener\" target=\"_blank\">kertoi medialle <\/a>kyynelehtiess\u00e4\u00e4n j\u00e4\u00e4ll\u00e4.<\/p>\n<p class=\"article-body mb-nof-24 px-nof-16\">Leerdam julkaisi my\u00f6hemmin <a class=\"underline underline-offset-[0.12em] [text-decoration-thickness:var(--generic-link-underline-thickness)] [text-decoration-color:var(--generic-link-underline-color)] [text-decoration-skip-ink:var(--generic-link-underline-skip-ink)] break-words\" href=\"https:\/\/www.instagram.com\/stories\/juttaleerdam\/\" rel=\"nofollow noopener\" target=\"_blank\">Instagram-tarinoissaan<\/a> kuvan, jossa on koiransa kanssa.<\/p>\n<p class=\"article-body mb-nof-24 px-nof-16\">\u2013 Hyvin ep\u00e4onninen p\u00e4iv\u00e4 t\u00e4n\u00e4\u00e4n. J\u00e4\u00e4ll\u00e4 on tuntunut niin hyv\u00e4lt\u00e4, ett\u00e4 t\u00e4m\u00e4 todella sattuu. Nyt t\u00e4ytyy odottaa ja katsoa. Keskitty\u00e4 uudelleen 500 metrille sunnuntaina. Kiitos kaikille rakkaudesta ja tuesta, Leerdam kirjoitti julkaisussa.<\/p>\n<p class=\"article-body mb-nof-24 px-nof-16\">Leerdam ei voi en\u00e4\u00e4 luistelemalla lunastaa paikkaa 1\u202f000 metrill\u00e4, mutta lajiliitto voi viel\u00e4 tehd\u00e4 p\u00e4\u00e4t\u00f6ksen, jossa painotetaan koko kauden kisoja. Leerdam on voittanut t\u00e4n\u00e4 vuonna kaksi 1\u202f000 metrin kisaa maailmancupissa.<\/p>\n<p class=\"article-body mb-nof-24 px-nof-16\">Hollannin pikaluistelijat Milano-Cortinaan julkistetaan tammikuun alussa.<\/p>\n<p class=\"article-body mb-nof-24 px-nof-16\">Leerdamin kihlattu Jake Paul, 28, otteli hiljattain superseuratun ottelun raskaansarjan entist\u00e4 maailmanmestaria <a class=\"article-personlink\" href=\"https:\/\/www.is.fi\/haku\/?query=Anthony%20Joshuaa\" rel=\"nofollow noopener\" target=\"_blank\">Anthony Joshuaa<\/a> vastaan. Paul tyrm\u00e4ttiin kuudennessa er\u00e4ss\u00e4 ja h\u00e4nen leukansa murtui kahdesta kohtaa.<\/p>\n<p class=\"article-body mb-nof-24 px-nof-16\">Paul on kertonut pit\u00e4v\u00e4ns\u00e4 nyt taukoa nyrkkeilyst\u00e4 tukeakseen puolisoaan olympialaisissa. Veljens\u00e4 <a class=\"article-personlink\" href=\"https:\/\/www.is.fi\/haku\/?query=Logan%20Paulin\" rel=\"nofollow noopener\" target=\"_blank\">Logan Paulin<\/a><a class=\"underline underline-offset-[0.12em] [text-decoration-thickness:var(--generic-link-underline-thickness)] [text-decoration-color:var(--generic-link-underline-color)] [text-decoration-skip-ink:var(--generic-link-underline-skip-ink)] break-words\" href=\"https:\/\/www.youtube.com\/watch?v=AQko0eYpHKA&amp;t=10s\" rel=\"nofollow noopener\" target=\"_blank\"> Impaulsive-podcastissa <\/a>Jake Paul kertoo, ett\u00e4 olympialaisten j\u00e4lkeen Leerdam muuttaisi h\u00e4nen luokseen Puerto Ricoon.<\/p>\n<p class=\"article-body mb-nof-24 px-nof-16\">Kun veli kyselee, olisiko perheeseen tulossa uusia j\u00e4seni\u00e4, Jake Paul kertoo olevansa valmis.<\/p>\n<p class=\"article-body mb-nof-24 px-nof-16\">\u2013 Minulla on kova vauvakuume, haluan kovasti lapsia, Jake Paul sanoo.<\/p>\n<p><script async src=\"\/\/www.instagram.com\/embed.js\"><\/script><\/p>\n","protected":false},"excerpt":{"rendered":"Hollantilaist\u00e4hden tapaninp\u00e4iv\u00e4 sai surullisen k\u00e4\u00e4nteen. Hollannin pikaluistelijat\u00e4hti Jutta Leerdam, 26, on ennakolta yksi talviolympialaisten mitalisuosikeista mutta nyt p\u00e4\u00e4sy&hellip;\n","protected":false},"author":2,"featured_media":127342,"comment_status":"","ping_status":"","sticky":false,"template":"","format":"standard","meta":{"footnotes":""},"categories":[136],"tags":[407,137,33,31,30,34,408,32,109],"class_list":{"0":"post-127341","1":"post","2":"type-post","3":"status-publish","4":"format-standard","5":"has-post-thumbnail","7":"category-julkkikset","8":"tag-celebrities","9":"tag-entertainment","10":"tag-fi","11":"tag-finland","12":"tag-finnish","13":"tag-ilta-sanomat","14":"tag-julkkikset","15":"tag-suomi","16":"tag-viihde"},"share_on_mastodon":{"url":"https:\/\/pubeurope.com\/@fi\/115793402503847079","error":""},"_links":{"self":[{"href":"https:\/\/www.europesays.com\/fi\/wp-json\/wp\/v2\/posts\/127341","targetHints":{"allow":["GET"]}}],"collection":[{"href":"https:\/\/www.europesays.com\/fi\/wp-json\/wp\/v2\/posts"}],"about":[{"href":"https:\/\/www.europesays.com\/fi\/wp-json\/wp\/v2\/types\/post"}],"author":[{"embeddable":true,"href":"https:\/\/www.europesays.com\/fi\/wp-json\/wp\/v2\/users\/2"}],"replies":[{"embeddable":true,"href":"https:\/\/www.europesays.com\/fi\/wp-json\/wp\/v2\/comments?post=127341"}],"version-history":[{"count":0,"href":"https:\/\/www.europesays.com\/fi\/wp-json\/wp\/v2\/posts\/127341\/revisions"}],"wp:featuredmedia":[{"embeddable":true,"href":"https:\/\/www.europesays.com\/fi\/wp-json\/wp\/v2\/media\/127342"}],"wp:attachment":[{"href":"https:\/\/www.europesays.com\/fi\/wp-json\/wp\/v2\/media?parent=127341"}],"wp:term":[{"taxonomy":"category","embeddable":true,"href":"https:\/\/www.europesays.com\/fi\/wp-json\/wp\/v2\/categories?post=127341"},{"taxonomy":"post_tag","embeddable":true,"href":"https:\/\/www.europesays.com\/fi\/wp-json\/wp\/v2\/tags?post=127341"}],"curies":[{"name":"wp","href":"https:\/\/api.w.org\/{rel}","templated":true}]}}