{"id":127357,"date":"2025-12-27T20:41:09","date_gmt":"2025-12-27T20:41:09","guid":{"rendered":"https:\/\/www.europesays.com\/fi\/127357\/"},"modified":"2025-12-27T20:41:09","modified_gmt":"2025-12-27T20:41:09","slug":"tahdet-ja-avaruus-nasan-toivo-mavenin-suhteen-hiipuu","status":"publish","type":"post","link":"https:\/\/www.europesays.com\/fi\/127357\/","title":{"rendered":"T\u00e4hdet ja avaruus: Nasan toivo MAVENin suhteen hiipuu"},"content":{"rendered":"<p>Viimeisin viesti Marsin kiertoradan MAVEN-luotaimelta saatiin joulukuun 6. p\u00e4iv\u00e4n\u00e4. Nasa ei ole sen j\u00e4lkeen vastaanottanut luotaimen dataa.\u00a0&#13;<\/p>\n<p class=\"bodytext\">Vaikka yhteydenottoyrityksi\u00e4 yh\u00e4 jatketaan, niiss\u00e4 onnistuminen vaikuttaa p\u00e4iv\u00e4 p\u00e4iv\u00e4lt\u00e4 ep\u00e4todenn\u00e4k\u00f6isemm\u00e4lt\u00e4.\n<\/p>\n<p>MAVEN (Mars Atmosphere and Volatile EvolutioN) -luotaimen teht\u00e4v\u00e4n\u00e4 oli tutkia Marsin yl\u00e4kaasukeh\u00e4\u00e4, ionosf\u00e4\u00e4ri\u00e4 ja planeetan vuorovaikutusta aurinkotuulen kanssa. Laite on kiert\u00e4nyt punaista planeettaa vuodesta 2014 asti.\u00a0\n<\/p>\n<p>Viimeinen normaali telemetrial\u00e4hetys luotaimelta vastaanotettiin 4. joulukuuta. Luotaintiimi taltioi pienen datam\u00e4\u00e4r\u00e4n MAVENilta 6. joulukuuta. Analyysin mukaan luotain py\u00f6ri tuolloin yll\u00e4tt\u00e4v\u00e4sti ja sen rata oli saattanut hieman muuttua.\n<\/p>\n<p>Nasa ei spekuloi ongelman syyll\u00e4, mutta tilanne saattaisi viitata joko luotaimen ohjausmoottorin vahinkok\u00e4ynnistymiseen tai avaruuden pienkappaleen t\u00f6rm\u00e4ykseen.\n<\/p>\n<p>Nasa ei halua toistaiseksi luovuttaa yhteysyrityksiss\u00e4, sill\u00e4 pieni\u00e4 mahdollisuuksia ongelman korjaantumiseen on yh\u00e4 olemassa.\u00a0\n<\/p>\n<p>Marsin ja Maan keskin\u00e4iset radat viev\u00e4t ne Auringon vastakkaisille puolille siten, ettei tietoliikenne ole mahdollista 29.12-16.1. v\u00e4lill\u00e4. Sen j\u00e4lkeen Nasa aikoo viel\u00e4 yritt\u00e4\u00e4 yhteytt\u00e4.\n<\/p>\n<p>Vanhenevan luotaimen yll\u00e4tt\u00e4v\u00e4 menett\u00e4minen on sangen tavallista. Todenn\u00e4k\u00f6isesti tietoa siit\u00e4, mit\u00e4 tarkalleen ottaen tapahtui, ei tulla koskaan saamaan.\u00a0\n<\/p>\n<p>MAVEN suunniteltiin 2 vuoden operaatiota varten, mutta se ehti olla k\u00e4yt\u00f6ss\u00e4 yli 12 vuotta.\n<\/p>\n<p>Marsin kiertoradalla t\u00e4ll\u00e4 hetkell\u00e4 toiminnassa olevia luotaimia ovat Nasan Mars Odyssey ja MRO, ESAn Mars Express ja TGO, Arabiemiraattien Hope ja Kiinan Tianwen-1. Marsin pinnalla ty\u00f6skentelev\u00e4t Curiosity ja Perseverance -m\u00f6nkij\u00e4t.\n<\/p>\n<p><a href=\"https:\/\/science.nasa.gov\/blogs\/maven\/2025\/12\/23\/nasa-works-maven-spacecraft-issue-ahead-of-solar-conjunction\/\" target=\"_blank\" rel=\"noreferrer nofollow noopener\">Aiheesta lis\u00e4\u00e4 Nasa<\/a> (englanniksi)<\/p>\n","protected":false},"excerpt":{"rendered":"Viimeisin viesti Marsin kiertoradan MAVEN-luotaimelta saatiin joulukuun 6. p\u00e4iv\u00e4n\u00e4. Nasa ei ole sen j\u00e4lkeen vastaanottanut luotaimen dataa.\u00a0&#13; Vaikka&hellip;\n","protected":false},"author":2,"featured_media":127358,"comment_status":"","ping_status":"","sticky":false,"template":"","format":"standard","meta":{"footnotes":""},"categories":[114],"tags":[453,33,31,30,118,452,32,119],"class_list":{"0":"post-127357","1":"post","2":"type-post","3":"status-publish","4":"format-standard","5":"has-post-thumbnail","7":"category-avaruus","8":"tag-avaruus","9":"tag-fi","10":"tag-finland","11":"tag-finnish","12":"tag-science","13":"tag-space","14":"tag-suomi","15":"tag-tiede"},"share_on_mastodon":{"url":"https:\/\/pubeurope.com\/@fi\/115793473270043886","error":""},"_links":{"self":[{"href":"https:\/\/www.europesays.com\/fi\/wp-json\/wp\/v2\/posts\/127357","targetHints":{"allow":["GET"]}}],"collection":[{"href":"https:\/\/www.europesays.com\/fi\/wp-json\/wp\/v2\/posts"}],"about":[{"href":"https:\/\/www.europesays.com\/fi\/wp-json\/wp\/v2\/types\/post"}],"author":[{"embeddable":true,"href":"https:\/\/www.europesays.com\/fi\/wp-json\/wp\/v2\/users\/2"}],"replies":[{"embeddable":true,"href":"https:\/\/www.europesays.com\/fi\/wp-json\/wp\/v2\/comments?post=127357"}],"version-history":[{"count":0,"href":"https:\/\/www.europesays.com\/fi\/wp-json\/wp\/v2\/posts\/127357\/revisions"}],"wp:featuredmedia":[{"embeddable":true,"href":"https:\/\/www.europesays.com\/fi\/wp-json\/wp\/v2\/media\/127358"}],"wp:attachment":[{"href":"https:\/\/www.europesays.com\/fi\/wp-json\/wp\/v2\/media?parent=127357"}],"wp:term":[{"taxonomy":"category","embeddable":true,"href":"https:\/\/www.europesays.com\/fi\/wp-json\/wp\/v2\/categories?post=127357"},{"taxonomy":"post_tag","embeddable":true,"href":"https:\/\/www.europesays.com\/fi\/wp-json\/wp\/v2\/tags?post=127357"}],"curies":[{"name":"wp","href":"https:\/\/api.w.org\/{rel}","templated":true}]}}