{"id":127359,"date":"2025-12-27T20:49:12","date_gmt":"2025-12-27T20:49:12","guid":{"rendered":"https:\/\/www.europesays.com\/fi\/127359\/"},"modified":"2025-12-27T20:49:12","modified_gmt":"2025-12-27T20:49:12","slug":"no-huh-johanna-tukiainen-repaisi-tata-han-nyt-kauppaa","status":"publish","type":"post","link":"https:\/\/www.europesays.com\/fi\/127359\/","title":{"rendered":"No huh! Johanna Tukiainen rep\u00e4isi &#8211; t\u00e4t\u00e4 h\u00e4n nyt kauppaa"},"content":{"rendered":"<p>Johanna Tukiainen esiintyy Insta-videolla bisneshenkisen\u00e4.<\/p>\n<p>H\u00e4n myy kokonaista kahta artikkelia.<\/p>\n<p>Toinen on h\u00e4nen sein\u00e4kalenterinsa vuodelle 2026 ja toinen uudenvuodentervehdykset, joilla on hieman halvempi hinta kuin kalenterilla.<\/p>\n<p>-Legendaarinen klassikko: Johanna Tukiainen sein\u00e4kalenteri 2026 nyt myynniss\u00e4! Hinta on 37e kpl sis\u00e4lt\u00e4en postitus! Johanna mainostaa videolla, jonka h\u00e4n on hurjalla tavalla photoshopannut.<\/p>\n<p>Johanna n\u00e4ytt\u00e4\u00e4 20-vuotiaalta nukelta, vaikka oikeasti h\u00e4n on kolmen vuoden p\u00e4\u00e4st\u00e4 50-vuotias.<\/p>\n<p>Kalenteri jatkaa samalla linjalla. Siin\u00e4 olevat kuvat ovat kuin eri ihmisest\u00e4 \u2013 eli photoshopattu rankalla k\u00e4dell\u00e4.<\/p>\n<p>-T\u00e4t\u00e4 ei kannata j\u00e4tt\u00e4\u00e4 tilaamatta! Tuksu mainostaa.<\/p>\n<p>H\u00e4n kertoo tekev\u00e4ns\u00e4 my\u00f6s uudenvuoden videotervehdyksi\u00e4, ja niiden hinta on 30 euroa per video.\u00a0<\/p>\n<p>Katso kalenterimainos alta tai <strong><a href=\"https:\/\/www.instagram.com\/p\/DSxufrTiNsa\/\" rel=\"nofollow noopener\" target=\"_blank\">t\u00e4st\u00e4.<\/a><\/strong><\/p>\n<p>Lue my\u00f6s: <a href=\"https:\/\/www.como.fi\/tilaa-comon-uutiskirje\/\" title=\"Tilaa Comon uutiskirje ja tied\u00e4t mist\u00e4 kahvitauolla puhutaan! Nappaa kotimaan tv-vinkit ja puheenaiheet suoraan s\u00e4hk\u00f6postiin t\u00e4st\u00e4.\" class=\"underline-custom !font-montserrat !font-bold !underline-offset-4 !decoration-4 !decoration-red-600 !text-md\" rel=\"nofollow noopener\" target=\"_blank\">Tilaa Comon uutiskirje ja tied\u00e4t mist\u00e4 kahvitauolla puhutaan! Nappaa kotimaan tv-vinkit ja puheenaiheet suoraan s\u00e4hk\u00f6postiin t\u00e4st\u00e4.<\/a><\/p>\n<p>\t\t\t<script async src=\"\/\/www.instagram.com\/embed.js\"><\/script><\/p>\n","protected":false},"excerpt":{"rendered":"Johanna Tukiainen esiintyy Insta-videolla bisneshenkisen\u00e4. H\u00e4n myy kokonaista kahta artikkelia. Toinen on h\u00e4nen sein\u00e4kalenterinsa vuodelle 2026 ja toinen&hellip;\n","protected":false},"author":2,"featured_media":127360,"comment_status":"","ping_status":"","sticky":false,"template":"","format":"standard","meta":{"footnotes":""},"categories":[136],"tags":[407,137,33,31,30,5865,408,32,109],"class_list":{"0":"post-127359","1":"post","2":"type-post","3":"status-publish","4":"format-standard","5":"has-post-thumbnail","7":"category-julkkikset","8":"tag-celebrities","9":"tag-entertainment","10":"tag-fi","11":"tag-finland","12":"tag-finnish","13":"tag-johanna-tukiainen","14":"tag-julkkikset","15":"tag-suomi","16":"tag-viihde"},"share_on_mastodon":{"url":"https:\/\/pubeurope.com\/@fi\/115793504737106782","error":""},"_links":{"self":[{"href":"https:\/\/www.europesays.com\/fi\/wp-json\/wp\/v2\/posts\/127359","targetHints":{"allow":["GET"]}}],"collection":[{"href":"https:\/\/www.europesays.com\/fi\/wp-json\/wp\/v2\/posts"}],"about":[{"href":"https:\/\/www.europesays.com\/fi\/wp-json\/wp\/v2\/types\/post"}],"author":[{"embeddable":true,"href":"https:\/\/www.europesays.com\/fi\/wp-json\/wp\/v2\/users\/2"}],"replies":[{"embeddable":true,"href":"https:\/\/www.europesays.com\/fi\/wp-json\/wp\/v2\/comments?post=127359"}],"version-history":[{"count":0,"href":"https:\/\/www.europesays.com\/fi\/wp-json\/wp\/v2\/posts\/127359\/revisions"}],"wp:featuredmedia":[{"embeddable":true,"href":"https:\/\/www.europesays.com\/fi\/wp-json\/wp\/v2\/media\/127360"}],"wp:attachment":[{"href":"https:\/\/www.europesays.com\/fi\/wp-json\/wp\/v2\/media?parent=127359"}],"wp:term":[{"taxonomy":"category","embeddable":true,"href":"https:\/\/www.europesays.com\/fi\/wp-json\/wp\/v2\/categories?post=127359"},{"taxonomy":"post_tag","embeddable":true,"href":"https:\/\/www.europesays.com\/fi\/wp-json\/wp\/v2\/tags?post=127359"}],"curies":[{"name":"wp","href":"https:\/\/api.w.org\/{rel}","templated":true}]}}