{"id":12736,"date":"2025-08-22T04:16:08","date_gmt":"2025-08-22T04:16:08","guid":{"rendered":"https:\/\/www.europesays.com\/fi\/12736\/"},"modified":"2025-08-22T04:16:08","modified_gmt":"2025-08-22T04:16:08","slug":"illalla-tvssa-karmiva-kauhuhitti-jarkytti-yleison-seurakunta-joutui-tarjoamaan-kriisiapua","status":"publish","type":"post","link":"https:\/\/www.europesays.com\/fi\/12736\/","title":{"rendered":"Illalla tv:ss\u00e4: Karmiva kauhuhitti j\u00e4rkytti yleis\u00f6n \u2013 seurakunta joutui tarjoamaan kriisiapua"},"content":{"rendered":"<p>Illan tv-viihteess\u00e4 on kelpo kauhuelokuva Kirottu (The Conjuring, 2013).<\/p>\n<p>Elokuva pohjautuu v\u00e4itettyihin tositapahtumiin ja seuraa maatilalla asuvaa perhett\u00e4, jota riivaavat oudot ja pelottavat yliluonnolliset ilmi\u00f6t. Apua he saavat tunnetulta tutkijapariskunnalta, joka yritt\u00e4\u00e4 selvitt\u00e4\u00e4 karmivan mysteerin.<\/p>\n<p>Episodin nelj\u00e4n t\u00e4hden <a href=\"https:\/\/www.episodi.fi\/elokuvat\/kirottu\/\" target=\"_blank\" rel=\"noreferrer noopener nofollow\">arvostelussa<\/a> tuumittiin n\u00e4in:<\/p>\n<p>\u201dOdotukset\u00a0Kirottua\u00a0kohtaan eiv\u00e4t l\u00e4ht\u00f6kohtaisesti olleet kovin korkeat viime vuosien heikkojen elokuvien jatkumon johdosta. Mutta elokuva toimii. Kaikki osaset ik\u00e4\u00e4n kuin loksahtelevat kohdilleen, vaikka keitos koostuukin mit\u00e4 tutuimmista aineksista. K\u00e4sikirjoitus keskittyy juuri oleelliseen malttaen kehitty\u00e4 mutta ei j\u00e4\u00e4 silti junnaamaan. Kiitos t\u00e4st\u00e4 kuuluu veljeksille\u00a0<strong>Chad<\/strong>\u00a0ja\u00a0<strong>Carey\u00a0<\/strong><strong>Hayes<\/strong>, jotka ovat elokuvan k\u00e4sikirjoittaneet. Ensimm\u00e4isen Saw\u2013elokuvan ohjannut\u00a0<strong>James Wan<\/strong>\u00a0pit\u00e4\u00e4 ohjakset hienosti k\u00e4siss\u00e4\u00e4n, samoin kuin kaikki n\u00e4yttelij\u00e4tkin. Kauhuelokuvissa p\u00f6\u00f6-s\u00e4ikyttelyj\u00e4 ei voi v\u00e4ltt\u00e4\u00e4, mutta t\u00e4ss\u00e4 elokuvassa ne on tehty tyylikk\u00e4\u00e4sti. Samoin 1970-luvun alun ajankuvaa on mukava katsoa. Ed Warrenia esitt\u00e4v\u00e4 Patrick Wilson on Wanille tuttu h\u00e4nen ohjaamastaan\u00a0Riivatusta\u00a0(2010), joka liikuskelee samoilla alueilla\u00a0Kirotun kanssa. Se p\u00e4\u00e4tyi Suomessa suoraan dvd-levitykseen.\u201d<\/p>\n<p>Katsojat Filippiineill\u00e4 raportoivat tunteneensa katsomisen j\u00e4lkeen oudon, negatiivisen l\u00e4sn\u00e4olon. Joissakin paikallisissa elokuvateattereissa palkattiin pappeja siunaamaan yleis\u00f6\u00e4 ennen n\u00e4yt\u00f6ksi\u00e4 ja tarjoamaan henkist\u00e4 tukea katsojille.<\/p>\n<p>Elokuva oli pienen budjetin menestys. Kriitikot antoivat sille hyvi\u00e4 arvosanoja, ja maailmanlaajuiset tuotot ylittiv\u00e4t 319 miljoonaa dollaria vain 20 miljoonan dollarin budjetilla. Alla traileri.<\/p>\n<p>Tulevat l\u00e4hetykset:<\/p>\n<ul class=\"wp-block-list\">\n<li>Pe 22.8.2025 klo 21.00 \u00b7 Kutonen<\/li>\n<li>To 28.8.2025 klo 23.10 \u00b7 Kutonen<\/li>\n<\/ul>\n<p>Lue my\u00f6s: <a href=\"https:\/\/www.episodi.fi\/uutiset\/frankensteinista-ollaan-tekemassa-nyt-pinokkion-kaltaista-se-on-isan-ja-pojan-tarina\/\" title=\"Frankensteinista ollaan tekem\u00e4ss\u00e4 nyt \u201dPinokkion kaltaista\u201d \u2013 \u201dSe on is\u00e4n ja pojan tarina\u201d\" class=\"underline-custom !font-montserrat !font-bold !underline-offset-4 !decoration-4 !decoration-episodi-blue !text-md\" rel=\"nofollow noopener\" target=\"_blank\">Frankensteinista ollaan tekem\u00e4ss\u00e4 nyt \u201dPinokkion kaltaista\u201d \u2013 \u201dSe on is\u00e4n ja pojan tarina\u201d<\/a><\/p>\n<p>Lue my\u00f6s: <a href=\"https:\/\/www.episodi.fi\/uutiset\/onko-tama-elokuva-portti-saatananpalvontaan-niin-kristityt-aidit-vaittavat-katso-sketchin-traileri\/\" title=\"Onko t\u00e4m\u00e4 elokuva portti saatananpalvontaan? Niin kristityt \u00e4idit v\u00e4itt\u00e4v\u00e4t \u2013 Katso Sketchin traileri\" class=\"underline-custom !font-montserrat !font-bold !underline-offset-4 !decoration-4 !decoration-episodi-blue !text-md\" rel=\"nofollow noopener\" target=\"_blank\">Onko t\u00e4m\u00e4 elokuva portti saatananpalvontaan? Niin kristityt \u00e4idit v\u00e4itt\u00e4v\u00e4t \u2013 Katso Sketchin traileri<\/a><\/p>\n<p>Lue my\u00f6s: <a href=\"https:\/\/www.episodi.fi\/uutiset\/nyt-hbo-maxissa-kolmen-tahden-stephen-king-kauhussa-riivattu-lelu-palaa-piinaamaan-traumatisoitunutta-miesta\/\" title=\"Nyt HBO Maxissa: Kolmen t\u00e4hden Stephen King -kauhussa riivattu lelu palaa piinaamaan traumatisoitunutta miest\u00e4\" class=\"underline-custom !font-montserrat !font-bold !underline-offset-4 !decoration-4 !decoration-episodi-blue !text-md\" rel=\"nofollow noopener\" target=\"_blank\">Nyt HBO Maxissa: Kolmen t\u00e4hden Stephen King -kauhussa riivattu lelu palaa piinaamaan traumatisoitunutta miest\u00e4<\/a><\/p>\n<p>Lue my\u00f6s: <a href=\"https:\/\/www.episodi.fi\/uutiset\/nyt-suoratoistona-vuoden-1991-rikosklassikko-sai-95-100-pistetta-nayttelija-luuli-ensin-saaneensa-kasikirjoituksen-lastenelokuvaan\/\" title=\"Nyt suoratoistona: Vuoden 1991 rikosklassikko sai 95\/100 pistett\u00e4 \u2013 n\u00e4yttelij\u00e4 luuli ensin saaneensa k\u00e4sikirjoituksen lastenelokuvaan\" class=\"underline-custom !font-montserrat !font-bold !underline-offset-4 !decoration-4 !decoration-episodi-blue !text-md\" rel=\"nofollow noopener\" target=\"_blank\">Nyt suoratoistona: Vuoden 1991 rikosklassikko sai 95\/100 pistett\u00e4 \u2013 n\u00e4yttelij\u00e4 luuli ensin saaneensa k\u00e4sikirjoituksen lastenelokuvaan<\/a><\/p>\n<p><img loading=\"lazy\" decoding=\"async\" alt=\"YouTube video\" width=\"480\" height=\"360\" data-pin-nopin=\"true\" nopin=\"nopin\" class=\"perfmatters-lazy\" src=\"https:\/\/www.europesays.com\/fi\/wp-content\/uploads\/2025\/08\/1755836168_787_hqdefault.jpg\"\/><\/p>\n<p>L\u00e4hde: <a href=\"https:\/\/www.imdb.com\/title\/tt1457767\/trivia?ref_=tt_ql_2\" target=\"_blank\" rel=\"noreferrer noopener nofollow\">IMDb<\/a><\/p>\n<p>Lue my\u00f6s: <a href=\"https:\/\/www.episodi.fi\/uutiskirje\" title=\"Tilaa Episodin uutiskirje ja tied\u00e4t mit\u00e4 katsoa! Nappaa tv-vinkit suoraan s\u00e4hk\u00f6postiin t\u00e4st\u00e4.\" class=\"underline-custom !font-montserrat !font-bold !underline-offset-4 !decoration-4 !decoration-episodi-blue !text-md\" rel=\"nofollow noopener\" target=\"_blank\">Tilaa Episodin uutiskirje ja tied\u00e4t mit\u00e4 katsoa! Nappaa katseluvinkit suoraan s\u00e4hk\u00f6postiin t\u00e4st\u00e4.<\/a><\/p>\n","protected":false},"excerpt":{"rendered":"Illan tv-viihteess\u00e4 on kelpo kauhuelokuva Kirottu (The Conjuring, 2013). Elokuva pohjautuu v\u00e4itettyihin tositapahtumiin ja seuraa maatilalla asuvaa perhett\u00e4,&hellip;\n","protected":false},"author":2,"featured_media":12737,"comment_status":"","ping_status":"","sticky":false,"template":"","format":"standard","meta":{"footnotes":""},"categories":[131],"tags":[155,137,33,173,31,30,172,32,139,109],"class_list":{"0":"post-12736","1":"post","2":"type-post","3":"status-publish","4":"format-standard","5":"has-post-thumbnail","7":"category-elokuvat","8":"tag-elokuvat","9":"tag-entertainment","10":"tag-fi","11":"tag-film","12":"tag-finland","13":"tag-finnish","14":"tag-movies","15":"tag-suomi","16":"tag-tv-ohjelmat","17":"tag-viihde"},"share_on_mastodon":{"url":"","error":""},"_links":{"self":[{"href":"https:\/\/www.europesays.com\/fi\/wp-json\/wp\/v2\/posts\/12736","targetHints":{"allow":["GET"]}}],"collection":[{"href":"https:\/\/www.europesays.com\/fi\/wp-json\/wp\/v2\/posts"}],"about":[{"href":"https:\/\/www.europesays.com\/fi\/wp-json\/wp\/v2\/types\/post"}],"author":[{"embeddable":true,"href":"https:\/\/www.europesays.com\/fi\/wp-json\/wp\/v2\/users\/2"}],"replies":[{"embeddable":true,"href":"https:\/\/www.europesays.com\/fi\/wp-json\/wp\/v2\/comments?post=12736"}],"version-history":[{"count":0,"href":"https:\/\/www.europesays.com\/fi\/wp-json\/wp\/v2\/posts\/12736\/revisions"}],"wp:featuredmedia":[{"embeddable":true,"href":"https:\/\/www.europesays.com\/fi\/wp-json\/wp\/v2\/media\/12737"}],"wp:attachment":[{"href":"https:\/\/www.europesays.com\/fi\/wp-json\/wp\/v2\/media?parent=12736"}],"wp:term":[{"taxonomy":"category","embeddable":true,"href":"https:\/\/www.europesays.com\/fi\/wp-json\/wp\/v2\/categories?post=12736"},{"taxonomy":"post_tag","embeddable":true,"href":"https:\/\/www.europesays.com\/fi\/wp-json\/wp\/v2\/tags?post=12736"}],"curies":[{"name":"wp","href":"https:\/\/api.w.org\/{rel}","templated":true}]}}