{"id":127363,"date":"2025-12-27T20:57:14","date_gmt":"2025-12-27T20:57:14","guid":{"rendered":"https:\/\/www.europesays.com\/fi\/127363\/"},"modified":"2025-12-27T20:57:14","modified_gmt":"2025-12-27T20:57:14","slug":"henriika-menestyy-alalla-jolla-han-on-nuorena-naisena-poikkeus","status":"publish","type":"post","link":"https:\/\/www.europesays.com\/fi\/127363\/","title":{"rendered":"Henriika menestyy alalla, jolla h\u00e4n on nuorena naisena poikkeus"},"content":{"rendered":"<p class=\"ingress\">Henriika Steidel-Luoto, 34, selvisi musiikin avulla l\u00e4pi vaikeiden teinivuosien. Sama intohimo ohjaa h\u00e4nt\u00e4 ty\u00f6ss\u00e4 alalla, jossa h\u00e4n on nuorena naisena poikkeus.<\/p>\n<p>\u201dMusiikki tuli el\u00e4m\u00e4\u00e4ni saksalaisen is\u00e4ni ansiosta. H\u00e4n harrasti pasuunansoittoa, ja kotonamme Lohjalla musiikkiharrastus n\u00e4kyi aina. \u00c4itimme on suomalainen, joten min\u00e4 ja pikkusiskoni kasvoimme kahden kulttuurin kodissa ja kaksikielisiksi. <\/p>\n<p>Musiikkiopistoon pyrin ensi kertaa 4-vuotiaana. En p\u00e4\u00e4ssyt sis\u00e4\u00e4n, sill\u00e4 en suostunut laulamaan p\u00e4\u00e4sykokeissa \u00e4\u00e4nt\u00e4k\u00e4\u00e4n. <\/p>\n<p>Vaikka olin pyrkinyt opistoon vanhempieni toiveesta, hylk\u00e4ys sisuunnutti minut. Koko seuraavan vuoden harjoittelin lauluani ja suunnittelin, mink\u00e4 mekon pukisin p\u00e4\u00e4sykokeisiin. Lopulta kahden s\u00e4velen laulu riitti avaamaan musiikkiopiston ovet. <\/p>\n<p>Vaikka olin taiteista kiinnostunut luonnonlapsi, olin my\u00f6s hyvin m\u00e4\u00e4r\u00e4tietoinen. Kun jotain p\u00e4\u00e4t\u00e4n, sen teen. <\/p>\n<p>Viidennell\u00e4 luokalla halusin rumpaliksi. Is\u00e4 lupasi minulle rummut sill\u00e4 ehdolla, ett\u00e4 alan soittaa my\u00f6s pasuunaa. Tartuin diiliin. <\/p>\n<p>Musiikkiopistossa minua opetti nuori naispasunisti, jota ihailin. Rummut j\u00e4iv\u00e4t, ja aloin ajatella, ett\u00e4 pasuunan soittaminen on siisteint\u00e4, mit\u00e4 voi el\u00e4m\u00e4ss\u00e4\u00e4n tehd\u00e4.\u201d<\/p>\n<p><strong>Lue my\u00f6s: <\/strong><a href=\"https:\/\/anna.fi\/ihmiset\/susanna-malkki\" rel=\"nofollow noopener\" target=\"_blank\">Susanna M\u00e4lkki on harvinaisuus huippukapellimestarien joukossa: \u201dNaisia arvostetaan puheissa, mutta miehist\u00e4 kilpaillaan\u201d<\/a><\/p>\n<p>Lapsuus p\u00e4\u00e4ttyi oikeusjuttuun<\/p>\n<p>\u201dOlen aina ollut hyvin sosiaalinen, ja kutsunkin itse\u00e4ni \u2019ihmisten ihmiseksi\u2019. Yl\u00e4asteella ajauduin kuitenkin v\u00e4\u00e4r\u00e4nlaiseen seuraan. Olin 14, kun aikuinen mies rikkoi rajojani pahoin. Lapsuuteni p\u00e4\u00e4ttyi siihen.<\/p>\n<p>Asiaa puitiin oikeudessa asti, ja osa kaveriporukastani k\u00e4\u00e4ntyi minua vastaan. Sen j\u00e4lkeen minulla ei ollut en\u00e4\u00e4 turvallinen olo Lohjalla, ja tein p\u00e4\u00e4t\u00f6ksen hakea Sibelius-lukioon Helsinkiin. Sit\u00e4 varten minun t\u00e4ytyi korottaa numeroitani. <\/p>\n<p>Yhdeks\u00e4nnell\u00e4 luokalla keskityin kouluun ja valmistuin yl\u00e4asteelta hyv\u00e4ll\u00e4 todistuksella. P\u00e4\u00e4sin Sibelius-lukioon, josta l\u00f6ysin samanhenkisi\u00e4 yst\u00e4vi\u00e4. <\/p>\n<p>Musiikista en luopunut kriisin keskell\u00e4k\u00e4\u00e4n ja uskon, ett\u00e4 se osaltaan auttoi minut vaikean ajan yli.<\/p>\n<p>Sin\u00e4 olet murheiden tytt\u00f6, sanoi er\u00e4s opettaja aikoinaan minulle. Itse en ajattele niin. Minulle on sattunut ik\u00e4vi\u00e4 asioita, mutta kyse on ollut olosuhteista, ei minusta. Olen ihminen, joka n\u00e4kee kaikessa jotain hyv\u00e4\u00e4.\u201d<\/p>\n<p>Rakkaus l\u00f6ytyi musiikkipiireist\u00e4<\/p>\n<p>\u201dLukion j\u00e4lkeen olin varma, ett\u00e4 minusta tulee musikaalit\u00e4hti. Rytmimusiikki ja laulu olivat syrj\u00e4ytt\u00e4neet syd\u00e4mess\u00e4ni klassisen musiikin, mutta en p\u00e4\u00e4ssyt haluamiini kouluihin Helsingiss\u00e4. Odotellessani kouluttauduin Helsingin konservatoriossa ammattipasunistiksi.<\/p>\n<p>My\u00f6hemmin p\u00e4\u00e4sin Jyv\u00e4skyl\u00e4\u00e4n opiskelemaan pop- ja jazzlaulua. Valmistuin my\u00f6s laulunopettajaksi. <\/p>\n<p>Tulevaan aviomieheeni <strong>Matiakseen <\/strong>tutustuin opintomatkalla Skotlannin Glasgow\u2019ssa, jonne kokoontui musiikinopiskelijoita Suomesta. <\/p>\n<p>Matkan aikana emme juuri hengailleet, sill\u00e4 Matias harjoitteli tunnollisesti kitaransoittoa sill\u00e4 v\u00e4lin, kun min\u00e4 nautin paikallisesta y\u00f6el\u00e4m\u00e4st\u00e4. Saatoin vain ihailla h\u00e4nen ahkeruuttaan.<\/p>\n<p>Kurinalaisuudessaan Matias on t\u00e4ydellinen vastakohta minulle, joka el\u00e4n intuition ja inspiraation kautta. Olemme kuitenkin kiinnostuneita samoista asioista, mink\u00e4 lis\u00e4ksi meill\u00e4 on hirve\u00e4n hauskaa yhdess\u00e4. <\/p>\n<p>Nyt olemme olleet naimisissa kymmenen vuotta, ja poikamme <strong>Toivo<\/strong> on nelivuotias.\u201d<\/p>\n<p>Tunnetko naisen, jonka el\u00e4m\u00e4ntarinan haluaisit lukea?<\/p>\n<p>L\u00e4het\u00e4 vinkki meille s\u00e4hk\u00f6postilla anlukija@otava.fi tai kirjeitse Anna, Uudenmaankatu 10, 00015 Otavamedia (kuoreen merkint\u00e4 \u201dMatka naiseksi\u201d). Emme valitettavasti voi vastata kaikkiin viesteihin henkil\u00f6kohtaisesti.<\/p>\n<p>\u201dJos osaan kaiken, olen v\u00e4\u00e4r\u00e4ss\u00e4 paikassa\u201d<\/p>\n<p>\u201dJyv\u00e4skyl\u00e4ss\u00e4 soitin pasuunaa kaupunginteatterissa, sinfoniaorkesterissa ja Jyv\u00e4skyl\u00e4 Big Bandissa. Opetin my\u00f6s laulua ja p\u00e4\u00e4sin kokeilemaan siipi\u00e4ni musiikkitapahtumien sek\u00e4 JBB:n tuottajana.<\/p>\n<p>Matias oli muuttanut Helsinkiin jo aiemmin, ja kun korona iski, muutin per\u00e4ss\u00e4. T\u00f6it\u00e4 j\u00e4rjestyi, kun soitin Sointi Jazz Orchestran kapellimestarille ja tarjosin itse\u00e4ni tuottajaksi. <\/p>\n<p>Reilu vuosi sen j\u00e4lkeen p\u00e4\u00e4sin sijaistamaan UMO Helsinki Jazz Orchestraan ensin tuottajaa, sitten toiminnanjohtajaa. Pari vuotta my\u00f6hemmin minut valittiin s\u00e4\u00e4ti\u00f6n toimitusjohtajaksi. <\/p>\n<p>En ole perinteinen toimitusjohtaja mill\u00e4\u00e4n mittarilla. Tulen suoraan musiikin \u201dkent\u00e4lt\u00e4\u201d ja olen itse opetellut k\u00e4yt\u00e4nn\u00f6ss\u00e4, miten organisaatiot toimivat. <\/p>\n<p>Alkuun taloudellinen vastuu hirvitti, mutta se on positiivista kauhua. Jos minusta tuntuu, ett\u00e4 osaan kaiken, olen v\u00e4\u00e4r\u00e4ss\u00e4 paikassa. <\/p>\n<p>Olen ensimm\u00e4ist\u00e4 kertaa my\u00f6s esihenkil\u00f6. Olin ennen hyvin mukautuvainen, mutta nyky\u00e4\u00e4n uskallan selvitt\u00e4\u00e4 hankaliakin asioita. <\/p>\n<p>Haluan my\u00f6s, ett\u00e4 minulla on henkil\u00f6kohtainen suhde jokaiseen orkesterin j\u00e4seneen. Tied\u00e4n, ett\u00e4 jos muusikot eiv\u00e4t voi hyvin, orkesteri ei voi soittaa hyvin. <\/p>\n<p>Olen el\u00e4nyt el\u00e4m\u00e4\u00e4ni aina tavalla, jolla nyt teen ty\u00f6t\u00e4ni: intohimon ohjaamana. Luomme koko ajan uutta, joten ty\u00f6 ei ole koskaan tyls\u00e4\u00e4. <\/p>\n<p>Minulla ei ole ty\u00f6aikoja, mik\u00e4 sopii hyvin, sill\u00e4 nautin inspiraation viet\u00e4v\u00e4n\u00e4 olemisesta. Yhdeks\u00e4st\u00e4 viiteen -ty\u00f6aika olisi minulle pahin rangaistus.\u201d<\/p>\n<p>\u00c4itiys opetti rajanvetoa <\/p>\n<p>\u201dJazz-ala on ollut perinteisesti vanhojen miesten pelikentt\u00e4. Koska olen noussut ep\u00e4tyypillist\u00e4 reitti\u00e4 asemaani, tekemisi\u00e4ni on my\u00f6s kyseenalaistettu. Olen oppinut ymm\u00e4rt\u00e4m\u00e4\u00e4n, ett\u00e4 sellainen kertoo arvostelijan omasta ep\u00e4varmuudesta.<\/p>\n<p>Itselleni ty\u00f6n ja vanhemmuuden yhdist\u00e4minen ei ole ollut ongelma, mutta muille se on joskus ollut. <\/p>\n<p>Kun olin raskaana, minua kehotettiin j\u00e4tt\u00e4m\u00e4\u00e4n paikkani er\u00e4\u00e4ss\u00e4 musiikkialan yhteis\u00f6ss\u00e4. Miespuoliset j\u00e4senet olivat sit\u00e4 mielt\u00e4, etten tulisi jaksamaan hommiani vauvan synnytty\u00e4. Itse asiassa nukuin vauvavuonna paremmin kuin koskaan. <\/p>\n<p>Kun minut n\u00e4htiin t\u00f6iss\u00e4, ihmeteltiin, mihin olen lapseni j\u00e4tt\u00e4nyt. Moni h\u00e4mm\u00e4styy yh\u00e4 sit\u00e4, ettei naisen el\u00e4m\u00e4 pys\u00e4hdy lapsen saamiseen. <\/p>\n<p>\u00c4itiys on opettanut minulle rajoja. Tied\u00e4n selvemmin, kuka olen, enk\u00e4 anna kenenk\u00e4\u00e4n k\u00e4vell\u00e4 ylitseni. Olen yh\u00e4 taivaanrannanmaalari, mutta samaan aikaan seison tukevasti kahdella jalalla.\u201d <\/p>\n<p><strong>Lue my\u00f6s Kotiliesi.fi:<\/strong> <a href=\"https:\/\/kotiliesi.fi\/ihmiset\/kapellimestari-eeva-kontu\/\" target=\"_blank\" rel=\"noreferrer noopener nofollow\">Kapellimestari Eeva Kontua raivostuttaa ulkon\u00e4\u00f6n kommentointi \u2013 \u201dNiin ei sanottaisi miehelle\u201d<\/a><\/p>\n<p>Hyv\u00e4\u00e4 el\u00e4m\u00e4\u00e4<\/p>\n<p>Inspiroidun siit\u00e4, kun n\u00e4en innostuksen kipin\u00e4n syttyv\u00e4n jossakussa. Niit\u00e4 hetki\u00e4 mets\u00e4st\u00e4n. <\/p>\n<p>Rutiinit ovat minulle todella vaikeita, sill\u00e4 ne tuntuvat kahlitsevilta, mutta aamukahvi on asia, josta en haluaisi luopua.<\/p>\n<p>Olen ylpe\u00e4 siit\u00e4, ett\u00e4 olen oppinut sanomaan ei. <\/p>\n<p>Saan voimaa perheest\u00e4ni.<\/p>\n<p>Arvostan oikeudenmukaisuutta ja rehellisyytt\u00e4.<\/p>\n<p>Haaveilen el\u00e4m\u00e4st\u00e4, joka viel\u00e4 yll\u00e4tt\u00e4\u00e4 minut. <\/p>\n<p>Juttu on julkaistu Matka naiseksi -juttusarjassa Annassa 51\u201352\/2025.<\/p>\n<p>    Sinua voi kiinnostaa my\u00f6s:<\/p>\n<ol class=\"read-also__list\">\n<li>\n<p>            <img loading=\"lazy\" decoding=\"async\" class=\"card__image awpo-lqip awpo-lazy\" width=\"2560\" height=\"1706\" src=\"https:\/\/www.europesays.com\/fi\/wp-content\/uploads\/2025\/12\/outi_tarkiainen_3-scaled.jpg\"\/>                <a href=\"https:\/\/anna.fi\/kategoria\/ihmiset\" class=\"card__vignette\" rel=\"nofollow noopener\" target=\"_blank\"><br \/>\n            Ihmiset          <\/a><\/p>\n<p>      <a href=\"https:\/\/anna.fi\/ihmiset\/outi-tarkiaisella-oli-vauva-kun-han-savelsi-oopperaa-ja-huomasi-pian-olevansa-taas-raskaana-musiikkiin-tuli-suuria-tunteita\" class=\"card__link-overlay\" rel=\"nofollow noopener\" target=\"_blank\">Outi Tarkiaisella oli vauva, kun h\u00e4n s\u00e4velsi  oopperaa \u2013 ja huomasi pian olevansa taas raskaana: \u201dMusiikkiin tuli suuria tunteita\u201d<\/a><\/p>\n<\/li>\n<li>\n<p>            <img loading=\"lazy\" decoding=\"async\" class=\"card__image awpo-lqip awpo-lazy\" width=\"2000\" height=\"1270\" src=\"https:\/\/www.europesays.com\/fi\/wp-content\/uploads\/2025\/12\/elina_nikulainen02_0001.jpg\"\/>                <a href=\"https:\/\/anna.fi\/kategoria\/ihmiset\" class=\"card__vignette\" rel=\"nofollow noopener\" target=\"_blank\"><br \/>\n            Ihmiset          <\/a><\/p>\n<p>      <a href=\"https:\/\/anna.fi\/ihmiset\/elina-nikulainen-tekee-tyota-tasa-arvon-eteen\" class=\"card__link-overlay\" rel=\"nofollow noopener\" target=\"_blank\">Elina Nikulaisen lapsuus loppui bileiltaan \u2013 &#8221;Emme ymm\u00e4rt\u00e4neet, ett\u00e4 kyseess\u00e4 oli vakava rikos&#8221;<\/a><\/p>\n<\/li>\n<li>\n<p>            <img loading=\"lazy\" decoding=\"async\" class=\"card__image awpo-lqip awpo-lazy\" width=\"2000\" height=\"1500\" src=\"https:\/\/www.europesays.com\/fi\/wp-content\/uploads\/2025\/12\/5334232.jpeg\"\/>                <a href=\"https:\/\/anna.fi\/kategoria\/ihmiset\" class=\"card__vignette\" rel=\"nofollow noopener\" target=\"_blank\"><br \/>\n            Ihmiset          <\/a><\/p>\n<p>      <a href=\"https:\/\/anna.fi\/ihmiset\/javier-torres-purskahti-nauruun-kun-hanet-valittiin-kansallisbaletin-taiteelliseksi-johtajaksi-pyysin-kohtaustani-anteeksi\" class=\"card__link-overlay\" rel=\"nofollow noopener\" target=\"_blank\">Javier Torres purskahti nauruun, kun h\u00e4net valittiin Kansallisbaletin taiteelliseksi johtajaksi: \u201dPyysin kohtaustani anteeksi\u201d<\/a><\/p>\n<\/li>\n<\/ol>\n","protected":false},"excerpt":{"rendered":"Henriika Steidel-Luoto, 34, selvisi musiikin avulla l\u00e4pi vaikeiden teinivuosien. Sama intohimo ohjaa h\u00e4nt\u00e4 ty\u00f6ss\u00e4 alalla, jossa h\u00e4n on&hellip;\n","protected":false},"author":2,"featured_media":127364,"comment_status":"","ping_status":"","sticky":false,"template":"","format":"standard","meta":{"footnotes":""},"categories":[130],"tags":[137,33,31,30,4002,47,32,201,3342,109],"class_list":{"0":"post-127363","1":"post","2":"type-post","3":"status-publish","4":"format-standard","5":"has-post-thumbnail","7":"category-viihde","8":"tag-entertainment","9":"tag-fi","10":"tag-finland","11":"tag-finnish","12":"tag-matka-naiseksi","13":"tag-musiikki","14":"tag-suomi","15":"tag-ura","16":"tag-vanhemmuus","17":"tag-viihde"},"share_on_mastodon":{"url":"https:\/\/pubeurope.com\/@fi\/115793536434941258","error":""},"_links":{"self":[{"href":"https:\/\/www.europesays.com\/fi\/wp-json\/wp\/v2\/posts\/127363","targetHints":{"allow":["GET"]}}],"collection":[{"href":"https:\/\/www.europesays.com\/fi\/wp-json\/wp\/v2\/posts"}],"about":[{"href":"https:\/\/www.europesays.com\/fi\/wp-json\/wp\/v2\/types\/post"}],"author":[{"embeddable":true,"href":"https:\/\/www.europesays.com\/fi\/wp-json\/wp\/v2\/users\/2"}],"replies":[{"embeddable":true,"href":"https:\/\/www.europesays.com\/fi\/wp-json\/wp\/v2\/comments?post=127363"}],"version-history":[{"count":0,"href":"https:\/\/www.europesays.com\/fi\/wp-json\/wp\/v2\/posts\/127363\/revisions"}],"wp:featuredmedia":[{"embeddable":true,"href":"https:\/\/www.europesays.com\/fi\/wp-json\/wp\/v2\/media\/127364"}],"wp:attachment":[{"href":"https:\/\/www.europesays.com\/fi\/wp-json\/wp\/v2\/media?parent=127363"}],"wp:term":[{"taxonomy":"category","embeddable":true,"href":"https:\/\/www.europesays.com\/fi\/wp-json\/wp\/v2\/categories?post=127363"},{"taxonomy":"post_tag","embeddable":true,"href":"https:\/\/www.europesays.com\/fi\/wp-json\/wp\/v2\/tags?post=127363"}],"curies":[{"name":"wp","href":"https:\/\/api.w.org\/{rel}","templated":true}]}}