{"id":127382,"date":"2025-12-27T21:33:11","date_gmt":"2025-12-27T21:33:11","guid":{"rendered":"https:\/\/www.europesays.com\/fi\/127382\/"},"modified":"2025-12-27T21:33:11","modified_gmt":"2025-12-27T21:33:11","slug":"raitiovaunu-ja-henkiloauto-kolaroivat-kalasatamassa","status":"publish","type":"post","link":"https:\/\/www.europesays.com\/fi\/127382\/","title":{"rendered":"Raitiovaunu ja henkil\u00f6auto kolaroivat Kalasatamassa"},"content":{"rendered":"<p>Onnettomuudet|Onnettomuudesta ei aiheutunut henkil\u00f6vahinkoja.<\/p>\n<p class=\"article-body mb-nof-24 px-nof-16\">Henkil\u00f6auto ja raitiovaunu kolaroivat Helsingin Kalasatamassa lauantaina alkuillasta.<\/p>\n<p class=\"article-body mb-nof-24 px-nof-16\">T\u00f6rm\u00e4ys tapahtui Junonkadun ja Parrulaiturin risteyksess\u00e4. Onnettomuudesta ei pelastuslaitoksen mukaan aiheutunut henkil\u00f6vahinkoja.<\/p>\n<p class=\"article-body mb-nof-24 px-nof-16\">HSL:n viestinn\u00e4st\u00e4 kerrotaan HS:lle, ett\u00e4 liikenne on tapahtumapaikalla toistaiseksi poikki.<\/p>\n<p class=\"article-body mb-nof-24 px-nof-16\">Pelastuslaitos sai tiedon raideliikenneonnettomuudesta kello 18.39.<\/p>\n<p class=\"article-body nof-ui-body-medium mb-nof-24 px-nof-16\">Oikaisu 27.12.2025 klo 19.28: Korjattu kadun nimi Parrukadusta Parrulaituriksi. <\/p>\n","protected":false},"excerpt":{"rendered":"Onnettomuudet|Onnettomuudesta ei aiheutunut henkil\u00f6vahinkoja. Henkil\u00f6auto ja raitiovaunu kolaroivat Helsingin Kalasatamassa lauantaina alkuillasta. T\u00f6rm\u00e4ys tapahtui Junonkadun ja Parrulaiturin risteyksess\u00e4.&hellip;\n","protected":false},"author":2,"featured_media":127383,"comment_status":"","ping_status":"","sticky":false,"template":"","format":"standard","meta":{"footnotes":""},"categories":[12],"tags":[22,23,26,27,33,31,30,17,46,24,25,28,29,15,18,21,32,19,20,16],"class_list":{"0":"post-127382","1":"post","2":"type-post","3":"status-publish","4":"format-standard","5":"has-post-thumbnail","7":"category-suomi","8":"tag-breaking-news","9":"tag-breakingnews","10":"tag-featured-news","11":"tag-featurednews","12":"tag-fi","13":"tag-finland","14":"tag-finnish","15":"tag-headlines","16":"tag-helsingin-sanomat","17":"tag-latest-news","18":"tag-latestnews","19":"tag-main-news","20":"tag-mainnews","21":"tag-news","22":"tag-otsikot","23":"tag-paauutiset","24":"tag-suomi","25":"tag-top-stories","26":"tag-topstories","27":"tag-uutiset"},"share_on_mastodon":{"url":"https:\/\/pubeurope.com\/@fi\/115793677822580494","error":""},"_links":{"self":[{"href":"https:\/\/www.europesays.com\/fi\/wp-json\/wp\/v2\/posts\/127382","targetHints":{"allow":["GET"]}}],"collection":[{"href":"https:\/\/www.europesays.com\/fi\/wp-json\/wp\/v2\/posts"}],"about":[{"href":"https:\/\/www.europesays.com\/fi\/wp-json\/wp\/v2\/types\/post"}],"author":[{"embeddable":true,"href":"https:\/\/www.europesays.com\/fi\/wp-json\/wp\/v2\/users\/2"}],"replies":[{"embeddable":true,"href":"https:\/\/www.europesays.com\/fi\/wp-json\/wp\/v2\/comments?post=127382"}],"version-history":[{"count":0,"href":"https:\/\/www.europesays.com\/fi\/wp-json\/wp\/v2\/posts\/127382\/revisions"}],"wp:featuredmedia":[{"embeddable":true,"href":"https:\/\/www.europesays.com\/fi\/wp-json\/wp\/v2\/media\/127383"}],"wp:attachment":[{"href":"https:\/\/www.europesays.com\/fi\/wp-json\/wp\/v2\/media?parent=127382"}],"wp:term":[{"taxonomy":"category","embeddable":true,"href":"https:\/\/www.europesays.com\/fi\/wp-json\/wp\/v2\/categories?post=127382"},{"taxonomy":"post_tag","embeddable":true,"href":"https:\/\/www.europesays.com\/fi\/wp-json\/wp\/v2\/tags?post=127382"}],"curies":[{"name":"wp","href":"https:\/\/api.w.org\/{rel}","templated":true}]}}