{"id":127386,"date":"2025-12-27T21:46:11","date_gmt":"2025-12-27T21:46:11","guid":{"rendered":"https:\/\/www.europesays.com\/fi\/127386\/"},"modified":"2025-12-27T21:46:11","modified_gmt":"2025-12-27T21:46:11","slug":"juontaja-alma-hatonen-esitteli-aitinsa-tyylikas-lady","status":"publish","type":"post","link":"https:\/\/www.europesays.com\/fi\/127386\/","title":{"rendered":"Juontaja Alma H\u00e4t\u00f6nen esitteli \u00e4itins\u00e4 &#8211; tyylik\u00e4s lady"},"content":{"rendered":"<p>Alma H\u00e4t\u00f6nen muistetaan niin radio- kuin tv-juontot\u00f6ist\u00e4\u00e4n. <\/p>\n<p>Vuosi takaperin syksyll\u00e4 h\u00e4n muutti puolisonsa, n\u00e4yttelij\u00e4 Jaakko Ohtosen kanssa Roomaan, Italiaan. Sinne he p\u00e4\u00e4tyiv\u00e4t Jaakon ty\u00f6n vuoksi. <\/p>\n<p>Muuton taustalla on Jaakon rooli Jeesuksena Mel Gibsonin ohjaamassa elokuvassa. Alma ja Jaakko avioituivat hein\u00e4kuussa 2024 oltuaan yhdess\u00e4 jo yli kymmenen vuotta.<\/p>\n<p>Nyt Alma on nyt viett\u00e4nyt joulua erossa Jaakosta, \u00e4itins\u00e4 kanssa. He ovat olleet joulunpyh\u00e4t poikkeuksellisesti Espanjassa. H\u00e4n on julkaissut kuvia \u00e4idist\u00e4\u00e4n ja itsest\u00e4\u00e4n.<\/p>\n<p>Kuvista paljastuu, ett\u00e4 Alman \u00e4iti on todellinen lady.<\/p>\n<p>-Italia vaihtui Espanjaksi joulun ajaksi! Ei ole lunta tai suurta joulun tunnelmaa, mutta on \u00e4iti. Joululahjaksi sain eilen treenivamman pakaralihakseen, jota parantelen suklaan voimalla! Alma kertoili.<\/p>\n<p>Kuvan voi katsoa <strong><a href=\"https:\/\/www.instagram.com\/p\/DSpreTOisep\/?hl=fi\" rel=\"nofollow noopener\" target=\"_blank\">t\u00e4st\u00e4<\/a><\/strong> tai alta.<\/p>\n<blockquote class=\"instagram-media\" data-instgrm-captioned=\"\" data-instgrm-permalink=\"https:\/\/www.instagram.com\/p\/DSpreTOisep\/?utm_source=ig_embed&amp;utm_campaign=loading\" data-instgrm-version=\"14\" style=\" background:#FFF; border:0; border-radius:3px; box-shadow:0 0 1px 0 rgba(0,0,0,0.5),0 1px 10px 0 rgba(0,0,0,0.15); margin: 1px; max-width:540px; min-width:326px; padding:0; width:99.375%; width:-webkit-calc(100% - 2px); width:calc(100% - 2px);\">\n<\/blockquote>\n<p>Lue my\u00f6s: <a href=\"https:\/\/www.como.fi\/tilaa-comon-uutiskirje\/\" title=\"Tilaa Comon uutiskirje ja tied\u00e4t mist\u00e4 kahvitauolla puhutaan! Nappaa kotimaan tv-vinkit ja puheenaiheet suoraan s\u00e4hk\u00f6postiin t\u00e4st\u00e4.\" class=\"underline-custom !font-montserrat !font-bold !underline-offset-4 !decoration-4 !decoration-red-600 !text-md\" rel=\"nofollow noopener\" target=\"_blank\">Tilaa Comon uutiskirje ja tied\u00e4t mist\u00e4 kahvitauolla puhutaan! Nappaa kotimaan tv-vinkit ja puheenaiheet suoraan s\u00e4hk\u00f6postiin t\u00e4st\u00e4.<\/a><\/p>\n<p>\t\t\t<script async src=\"\/\/www.instagram.com\/embed.js\"><\/script><\/p>\n","protected":false},"excerpt":{"rendered":"Alma H\u00e4t\u00f6nen muistetaan niin radio- kuin tv-juontot\u00f6ist\u00e4\u00e4n. Vuosi takaperin syksyll\u00e4 h\u00e4n muutti puolisonsa, n\u00e4yttelij\u00e4 Jaakko Ohtosen kanssa Roomaan,&hellip;\n","protected":false},"author":2,"featured_media":127387,"comment_status":"","ping_status":"","sticky":false,"template":"","format":"standard","meta":{"footnotes":""},"categories":[136],"tags":[8752,407,137,33,31,30,408,32,109],"class_list":{"0":"post-127386","1":"post","2":"type-post","3":"status-publish","4":"format-standard","5":"has-post-thumbnail","7":"category-julkkikset","8":"tag-alma-hu00e4tu00f6nen","9":"tag-celebrities","10":"tag-entertainment","11":"tag-fi","12":"tag-finland","13":"tag-finnish","14":"tag-julkkikset","15":"tag-suomi","16":"tag-viihde"},"share_on_mastodon":{"url":"https:\/\/pubeurope.com\/@fi\/115793728820355069","error":""},"_links":{"self":[{"href":"https:\/\/www.europesays.com\/fi\/wp-json\/wp\/v2\/posts\/127386","targetHints":{"allow":["GET"]}}],"collection":[{"href":"https:\/\/www.europesays.com\/fi\/wp-json\/wp\/v2\/posts"}],"about":[{"href":"https:\/\/www.europesays.com\/fi\/wp-json\/wp\/v2\/types\/post"}],"author":[{"embeddable":true,"href":"https:\/\/www.europesays.com\/fi\/wp-json\/wp\/v2\/users\/2"}],"replies":[{"embeddable":true,"href":"https:\/\/www.europesays.com\/fi\/wp-json\/wp\/v2\/comments?post=127386"}],"version-history":[{"count":0,"href":"https:\/\/www.europesays.com\/fi\/wp-json\/wp\/v2\/posts\/127386\/revisions"}],"wp:featuredmedia":[{"embeddable":true,"href":"https:\/\/www.europesays.com\/fi\/wp-json\/wp\/v2\/media\/127387"}],"wp:attachment":[{"href":"https:\/\/www.europesays.com\/fi\/wp-json\/wp\/v2\/media?parent=127386"}],"wp:term":[{"taxonomy":"category","embeddable":true,"href":"https:\/\/www.europesays.com\/fi\/wp-json\/wp\/v2\/categories?post=127386"},{"taxonomy":"post_tag","embeddable":true,"href":"https:\/\/www.europesays.com\/fi\/wp-json\/wp\/v2\/tags?post=127386"}],"curies":[{"name":"wp","href":"https:\/\/api.w.org\/{rel}","templated":true}]}}