{"id":127392,"date":"2025-12-27T21:57:16","date_gmt":"2025-12-27T21:57:16","guid":{"rendered":"https:\/\/www.europesays.com\/fi\/127392\/"},"modified":"2025-12-27T21:57:16","modified_gmt":"2025-12-27T21:57:16","slug":"pelon-ilmapiiri-kunta-alan-tyossa-lisaantynyt-jarviseudun-sanomat","status":"publish","type":"post","link":"https:\/\/www.europesays.com\/fi\/127392\/","title":{"rendered":"Pelon ilmapiiri kunta-alan ty\u00f6ss\u00e4 lis\u00e4\u00e4ntynyt \u2013 J\u00e4rviseudun sanomat"},"content":{"rendered":"<p>Kun niukkuuden ajat vaan jatkuvat ja kunnat ovat taloudellisesti ahdingossa, ty\u00f6paikkojen ilmapiiri on heikentynyt kunta-alalla. Pelon ilmapiiri heikent\u00e4\u00e4 ty\u00f6n tehokkuutta ja her\u00e4tt\u00e4\u00e4 ep\u00e4luottamusta esimieheen, mutta my\u00f6s ty\u00f6ntekij\u00f6iden v\u00e4lill\u00e4.<\/p>\n<p>Tuon tuosta saa kuulla yll\u00e4tt\u00e4vist\u00e4 ja ennakkoon varoittamattomista koeaikapuruista. Niit\u00e4 on ollut jopa hoitoalalla. Er\u00e4\u00e4ss\u00e4 kunnassa opettajan virkasuhde purettiin koeajan lopulla puhelimitse kuulematta h\u00e4nt\u00e4. T\u00e4ss\u00e4 rikotaan lakia ja lautakunta ja sivistystoimenjohtaja on toiminut v\u00e4\u00e4rin. T\u00e4ss\u00e4 samassa kunnassa lomautettiin opettajat joitakin vuosia sitten, mik\u00e4 oli omalta osaltaan aiheuttamasta ep\u00e4luottamusta ty\u00f6nantajaan.<\/p>\n<p>Huono johtajuus ja huono tiedonkulku ovat usein syyn\u00e4 t\u00e4h\u00e4n. Voiko en\u00e4\u00e4 puhua kuntademokratiasta ja hallintolain mukaisen hyv\u00e4n hallintotavan toteutumisesta? Ei valitettavasti. Pieniss\u00e4 piireiss\u00e4 p\u00e4\u00e4t\u00f6kset tehd\u00e4\u00e4n ja tiedottaminen on olematonta.<\/p>\n<p>T\u00e4ll\u00e4 menolla kuntaty\u00f6nantaja ei houkuttele tulevaisuudessa ty\u00f6ntekij\u00f6it\u00e4, ellei ty\u00f6nantaja huolehdi ty\u00f6ntekij\u00f6idens\u00e4 hyvinvoinnista. On kuntia, joissa ei ole edes ty\u00f6nohjausta. Ty\u00f6nohjaus on mahdollisuus, mutta siihen menemiseen on korkea kynnys.<\/p>\n<p>Kun kunnan ilmapiiri on t\u00e4llainen, on tulevaisuudessa t\u00e4llaisiin kuntiin vaikea saada muun muassa opettajia. Huono johtaminen ja ty\u00f6paikalla tapahtuma ty\u00f6paikkakiusaaminen aiheuttaa pelkoa. T\u00e4ss\u00e4 tilanteessa hyvin usein ty\u00f6yhteis\u00f6lt\u00e4 ei saa tukea, vaan j\u00e4\u00e4 yksin. Kukaan ei halua silm\u00e4tikuksi. Savustaminen tehd\u00e4\u00e4n usein ovelasti, esimerkiksi lis\u00e4\u00e4m\u00e4ll\u00e4 ty\u00f6ntekij\u00e4n vastuita ja v\u00e4sytt\u00e4m\u00e4ll\u00e4 h\u00e4net niin, ett\u00e4 joutuu sairauslomalle. H\u00e4net voidaan my\u00f6s erist\u00e4\u00e4, ja pantata t\u00e4rkeit\u00e4 tietoja tai olla jatkuvasti selvityksen pelossa esimiehelle. T\u00e4m\u00e4 johtaa ennenaikaiselle el\u00e4kkeelle siirtymiseen.<\/p>\n<p>Suomi on pieni maa ja kunnat, jossa on paljon vaihtuvuutta ty\u00f6ntekij\u00f6iss\u00e4 ja muuten erikoisia piirteit\u00e4 ty\u00f6yhteis\u00f6iss\u00e4, saavat pian huomata, ett\u00e4 hakijat karttavat kuntaa. Tiedot kulkevat yli maakuntarajojen.<\/p>\n<p><strong>Lasse Pippola<\/strong><\/p>\n<p>Lue my\u00f6s n\u00e4m\u00e4<\/p>\n","protected":false},"excerpt":{"rendered":"Kun niukkuuden ajat vaan jatkuvat ja kunnat ovat taloudellisesti ahdingossa, ty\u00f6paikkojen ilmapiiri on heikentynyt kunta-alalla. Pelon ilmapiiri heikent\u00e4\u00e4&hellip;\n","protected":false},"author":2,"featured_media":127393,"comment_status":"","ping_status":"","sticky":false,"template":"","format":"standard","meta":{"footnotes":""},"categories":[76],"tags":[79,77,33,31,30,777,32,78],"class_list":{"0":"post-127392","1":"post","2":"type-post","3":"status-publish","4":"format-standard","5":"has-post-thumbnail","7":"category-talous","8":"tag-business","9":"tag-economy","10":"tag-fi","11":"tag-finland","12":"tag-finnish","13":"tag-kolumni","14":"tag-suomi","15":"tag-talous"},"share_on_mastodon":{"url":"https:\/\/pubeurope.com\/@fi\/115793772256800997","error":""},"_links":{"self":[{"href":"https:\/\/www.europesays.com\/fi\/wp-json\/wp\/v2\/posts\/127392","targetHints":{"allow":["GET"]}}],"collection":[{"href":"https:\/\/www.europesays.com\/fi\/wp-json\/wp\/v2\/posts"}],"about":[{"href":"https:\/\/www.europesays.com\/fi\/wp-json\/wp\/v2\/types\/post"}],"author":[{"embeddable":true,"href":"https:\/\/www.europesays.com\/fi\/wp-json\/wp\/v2\/users\/2"}],"replies":[{"embeddable":true,"href":"https:\/\/www.europesays.com\/fi\/wp-json\/wp\/v2\/comments?post=127392"}],"version-history":[{"count":0,"href":"https:\/\/www.europesays.com\/fi\/wp-json\/wp\/v2\/posts\/127392\/revisions"}],"wp:featuredmedia":[{"embeddable":true,"href":"https:\/\/www.europesays.com\/fi\/wp-json\/wp\/v2\/media\/127393"}],"wp:attachment":[{"href":"https:\/\/www.europesays.com\/fi\/wp-json\/wp\/v2\/media?parent=127392"}],"wp:term":[{"taxonomy":"category","embeddable":true,"href":"https:\/\/www.europesays.com\/fi\/wp-json\/wp\/v2\/categories?post=127392"},{"taxonomy":"post_tag","embeddable":true,"href":"https:\/\/www.europesays.com\/fi\/wp-json\/wp\/v2\/tags?post=127392"}],"curies":[{"name":"wp","href":"https:\/\/api.w.org\/{rel}","templated":true}]}}