{"id":127394,"date":"2025-12-27T21:58:09","date_gmt":"2025-12-27T21:58:09","guid":{"rendered":"https:\/\/www.europesays.com\/fi\/127394\/"},"modified":"2025-12-27T21:58:09","modified_gmt":"2025-12-27T21:58:09","slug":"kanada-myonsi-uutta-tukea-ukrainalle-zelenskyi-keskustelee-viikonloppuna-useiden-liittolaisjohtajien-kanssa","status":"publish","type":"post","link":"https:\/\/www.europesays.com\/fi\/127394\/","title":{"rendered":"Kanada my\u00f6nsi uutta tukea Ukrainalle \u2013 Zelenskyi keskustelee viikonloppuna useiden liittolaisjohtajien kanssa"},"content":{"rendered":"<p>    <img decoding=\"async\" class=\"responsive-image article__image-image lozad\"   src=\"https:\/\/www.europesays.com\/fi\/wp-content\/uploads\/2025\/12\/qRaTecykx6COtoDxZa1fsEE-HGsYxo8fm5WldZQayzG4Cfcwe7JC7k08M5D9mZd3itPkX8plTyS2m9j0LO13j0bRy3eAgIRL1u8F.jpeg\" alt=\"Ukrainan presidentti Volodymyr Zelenskyi ja Kanadan p\u00e4\u00e4ministeri Mark Carney puhuivat videoyhteydell\u00e4 Euroopan unionin, sotilasliitto Naton ja eurooppalaisten liittolaismaiden johtajien kanssa.\"\/><\/p>\n<p>\n                Ukrainan presidentti Volodymyr Zelenskyi ja Kanadan p\u00e4\u00e4ministeri Mark Carney puhuivat videoyhteydell\u00e4 Euroopan unionin, sotilasliitto Naton ja eurooppalaisten liittolaismaiden johtajien kanssa.\n              <\/p>\n<p>\n                Kuva: HANDOUT \/ AFP \/ Lehtikuva\n              <\/p>\n<p class=\"article__paragraph\">\n      Ukrainan presidentti Volodymyr Zelenskyi ja Kanadan p\u00e4\u00e4ministeri Mark Carney tapasivat lauantaina Kanadan Halifaxissa. Carney muun muassa tuomitsi Ven\u00e4j\u00e4n viimeisimm\u00e4t iskut Ukrainan p\u00e4\u00e4kaupunkiin Kiovaan ja ilmoitti uudesta yli kahden miljardin Kanadan dollarin eli runsaan 1,2 miljardin euron arvoisesta tuesta Ukrainalle.\n    <\/p>\n<p class=\"article__paragraph\">\n      Carney sanoi, ett\u00e4 olosuhteet kest\u00e4v\u00e4n rauhan saamiseksi Ukrainaan ovat olemassa, mutta tilanne vaatii nyt ennen kaikkea halukkuutta Ven\u00e4j\u00e4lt\u00e4.\n    <\/p>\n<p class=\"article__paragraph\">\n      Zelenskyi pys\u00e4htyi Kanadassa matkallaan Yhdysvaltoihin. Zelenskyin ja Yhdysvaltain presidentin Donald Trumpin on m\u00e4\u00e4r\u00e4 tavata sunnuntaina Floridassa.\n    <\/p>\n<p class=\"article__paragraph\">\n      Zelenskyi ja Carney puhuivat videoyhteydell\u00e4 Euroopan unionin, sotilasliitto Naton ja eurooppalaisten liittolaismaiden johtajien kanssa.\n    <\/p>\n<p class=\"article__paragraph\">\n      Ainakin Saksan, Ranskan, Puolan ja Ruotsin johtajat kommentoivat lauantaina Zelenskyin kanssa k\u00e4ymi\u00e4\u00e4n keskusteluja ja osoittivat tukeaan Ukrainalle. EU-komission puheenjohtaja Ursula von der Leyen vakuutti viestipalvelu <a href=\"https:\/\/x.com\/vonderleyen\/status\/2004998697231200301\" rel=\"nofollow\">X:ss\u00e4<\/a>, ett\u00e4 EU:n painostus Ven\u00e4j\u00e4\u00e4 kohtaan jatkuu ja Ukrainaa tuetaan sen tavoitellessa EU-j\u00e4senyytt\u00e4.\n    <\/p>\n<p class=\"article__paragraph\">\n      Suomen presidentti Alexander Stubb kertoi <a href=\"https:\/\/x.com\/alexstubb\/status\/2004986101468201434\" rel=\"nofollow\">X:ss\u00e4<\/a> k\u00e4yneens\u00e4 keskustelun eurooppalaisten johtajien kanssa. Stubb sanoi, ett\u00e4 k\u00e4ynniss\u00e4 on ty\u00f6skentely kest\u00e4v\u00e4n ja oikeudenmukaisen rauhan saamiseksi Ukrainaan.\n    <\/p>\n<p>      Mittava isku Kiovaan<\/p>\n<p class=\"article__paragraph\">\n      Ven\u00e4j\u00e4 hy\u00f6kk\u00e4si mittavasti Kiovaan lauantain vastaisena y\u00f6n\u00e4. Ukrainalaismedia Kyiv Independentin <a href=\"https:\/\/kyivindependent.com\/russias-mass-missile-attack-targets-kyiv-ahead-of-upcoming-trump-zelensky-meeting\/\" rel=\"nofollow noopener\" target=\"_blank\">mukaan<\/a> iskut jatkuivat iltap\u00e4iv\u00e4\u00e4n asti.\n    <\/p>\n<p class=\"article__paragraph\">\n      Zelenskyi sanoi <a href=\"https:\/\/x.com\/ZelenskyyUa\/status\/2004835962069676324\" rel=\"nofollow\">p\u00e4ivityksess\u00e4\u00e4n<\/a> X:ss\u00e4 lauantaina, ett\u00e4 Ven\u00e4j\u00e4n iskun p\u00e4\u00e4asiallisena kohteena oli Kiova, sen energialaitokset ja siviili-infrastruktuuri. H\u00e4n sanoi Ven\u00e4j\u00e4n iskeneen Ukrainaan kymmenill\u00e4 ohjuksilla ja sadoilla lennokeilla.\n    <\/p>\n<p class=\"article__paragraph\">\n      Alueellisten viranomaisten mukaan ainakin yksi ihminen kuoli ja useita haavoittui. Lis\u00e4ksi l\u00e4mmitys ja s\u00e4hk\u00f6 olivat paikoin poikki. Paikallisen energiayhti\u00f6n mukaan jopa miljoona kotia Kiovassa ja sen l\u00e4hialueilla oli ilman s\u00e4hk\u00f6\u00e4.\n    <\/p>\n<p class=\"article__paragraph\">\n      Ukrainan ilmavoimat antoi lauantain vastaisena y\u00f6n\u00e4 ilmah\u00e4lytyksen koko maahan. Ilmavoimat sanoi sosiaalisessa mediassa, ett\u00e4 drooneja ja ohjuksia liikkui useilla alueilla Ukrainassa, mukaan lukien Kiovan alueella.\n    <\/p>\n<p class=\"article__paragraph\">\n      Suomen ulkoministeri Elina Valtonen (kok.) tuomitsi j\u00e4lleen Ven\u00e4j\u00e4n iskut ja kritisoi maan toimintaa neuvottelujen alla. Valtonen kirjoitti <a href=\"https:\/\/x.com\/elinavaltonen\/status\/2004904362418622598\" rel=\"nofollow\">X:ss\u00e4<\/a>, ett\u00e4 kansainv\u00e4linen yhteis\u00f6 ei saa j\u00e4tt\u00e4\u00e4 Ven\u00e4j\u00e4n raakuuksia huomiotta.\n    <\/p>\n<p>      Kaksi vallattua kaupunkia<\/p>\n<p class=\"article__paragraph\">\n      Zelenskyi pen\u00e4si lauantaina Ven\u00e4j\u00e4lt\u00e4 reaktiota tuoreimpaan esitykseen rauhansuunnitelmasta. Aiemmin t\u00e4ll\u00e4 viikolla Zelenskyi kertoi Ukrainan ja Yhdysvaltain neuvottelijoiden saaneen valmiiksi 20-kohtaisen luonnoksen, jota Ven\u00e4j\u00e4n odotetaan kommentoivan.\n    <\/p>\n<p class=\"article__paragraph\">\n      Zelenskyi sanoi, ett\u00e4 Ven\u00e4j\u00e4n edustajat k\u00e4yv\u00e4t kyll\u00e4 pitki\u00e4 keskusteluja, mutta todellisuudessa heid\u00e4n puolestaan puhuvat ohjukset. Zelenskyin mukaan Ven\u00e4j\u00e4n presidentti Vladimir Putin ja t\u00e4m\u00e4n sis\u00e4piiri eiv\u00e4t halua lopettaa sotaa vaan k\u00e4ytt\u00e4v\u00e4t hyv\u00e4kseen kaikki mahdollisuudet aiheuttaa Ukrainalle yh\u00e4 vain enemm\u00e4n k\u00e4rsimyst\u00e4.\n    <\/p>\n<p class=\"article__paragraph\">\n      Ven\u00e4j\u00e4n asevoimat ilmoitti my\u00f6hemmin lauantaina vallanneensa kaksi kaupunkia Ukrainan it\u00e4osissa. V\u00e4itetysti valloitettuina ovat Huljaipolen kaupunki Zaporizhzhjan alueella sek\u00e4 Myrnohradin kaupunki Donetskin alueella.\n    <\/p>\n<p class=\"article__paragraph\">\n      Myrnohrad sijaitsee l\u00e4hell\u00e4 Pokrovskin kaupunkia, jonka Ven\u00e4j\u00e4 sanoi vallanneensa kuun alussa. Ukrainan mukaan taistelut Pokrovskissa kuitenkin jatkuvat.\n    <\/p>\n<p>      Trump puhunee Putinin kanssa pian<\/p>\n<p class=\"article__paragraph\">\n      Trump kommentoi sunnuntaiksi kaavailtua tapaamista <a href=\"https:\/\/www.politico.com\/news\/2025\/12\/26\/trump-to-politico-zelenskyy-doesnt-have-anything-until-i-approve-it-00706783\" rel=\"nofollow noopener\" target=\"_blank\">Politicolle<\/a> perjantaina Yhdysvaltain aikaa. Trump vaikutti suhtautuvan pense\u00e4sti Zelenskyin esittelem\u00e4\u00e4n versioon rauhansuunnitelmasta ja maalasi itsest\u00e4\u00e4n kuvaa Ukrainan ja Ven\u00e4j\u00e4n v\u00e4lisen rauhansopimuksen lopullisena sovittelijana.\n    <\/p>\n<p class=\"article__paragraph\">\n      \u2013\u2009H\u00e4nell\u00e4 ei ole mit\u00e4\u00e4n, ennen kuin hyv\u00e4ksyn sen, Trump sanoi Politicon mukaan.\n    <\/p>\n<p class=\"article__paragraph\">\n      \u2013\u2009Joten katsotaan, mit\u00e4 h\u00e4nell\u00e4 on.\n    <\/p>\n<p class=\"article__paragraph\">\n      Varautuneisuudestaan huolimatta Trump vaikutti odottavan h\u00e4nen ja Zelenskyin viikonloppuisesta tapaamisesta rakentavaa. Trump sanoi lis\u00e4ksi, ett\u00e4 h\u00e4n odottaa puhuvansa Putinin kanssa piakkoin.\n    <\/p>\n<p class=\"article__paragraph\">\n      Ven\u00e4j\u00e4 aloitti t\u00e4ysimittaisen hy\u00f6kk\u00e4yssotansa Ukrainassa helmikuussa 2022.\n    <\/p>\n<p class=\"article__note\">\n      STT-ty\u00f6ryhm\u00e4: Arttu M\u00e4kel\u00e4, Anne Salom\u00e4ki, Saara-Miira Kokkonen, Laur Fors\u00e9n. L\u00e4hteen\u00e4 my\u00f6s uutistoimisto AFP.\n    <\/p>\n","protected":false},"excerpt":{"rendered":"Ukrainan presidentti Volodymyr Zelenskyi ja Kanadan p\u00e4\u00e4ministeri Mark Carney puhuivat videoyhteydell\u00e4 Euroopan unionin, sotilasliitto Naton ja eurooppalaisten liittolaismaiden&hellip;\n","protected":false},"author":2,"featured_media":127395,"comment_status":"","ping_status":"","sticky":false,"template":"","format":"standard","meta":{"footnotes":""},"categories":[14],"tags":[22,23,26,27,33,31,30,17,24,25,28,29,15,18,21,32,19,20,56,16,59,60,61],"class_list":{"0":"post-127394","1":"post","2":"type-post","3":"status-publish","4":"format-standard","5":"has-post-thumbnail","7":"category-ulkomaat","8":"tag-breaking-news","9":"tag-breakingnews","10":"tag-featured-news","11":"tag-featurednews","12":"tag-fi","13":"tag-finland","14":"tag-finnish","15":"tag-headlines","16":"tag-latest-news","17":"tag-latestnews","18":"tag-main-news","19":"tag-mainnews","20":"tag-news","21":"tag-otsikot","22":"tag-paauutiset","23":"tag-suomi","24":"tag-top-stories","25":"tag-topstories","26":"tag-ulkomaat","27":"tag-uutiset","28":"tag-world","29":"tag-world-news","30":"tag-worldnews"},"share_on_mastodon":{"url":"https:\/\/pubeurope.com\/@fi\/115793776348760099","error":""},"_links":{"self":[{"href":"https:\/\/www.europesays.com\/fi\/wp-json\/wp\/v2\/posts\/127394","targetHints":{"allow":["GET"]}}],"collection":[{"href":"https:\/\/www.europesays.com\/fi\/wp-json\/wp\/v2\/posts"}],"about":[{"href":"https:\/\/www.europesays.com\/fi\/wp-json\/wp\/v2\/types\/post"}],"author":[{"embeddable":true,"href":"https:\/\/www.europesays.com\/fi\/wp-json\/wp\/v2\/users\/2"}],"replies":[{"embeddable":true,"href":"https:\/\/www.europesays.com\/fi\/wp-json\/wp\/v2\/comments?post=127394"}],"version-history":[{"count":0,"href":"https:\/\/www.europesays.com\/fi\/wp-json\/wp\/v2\/posts\/127394\/revisions"}],"wp:featuredmedia":[{"embeddable":true,"href":"https:\/\/www.europesays.com\/fi\/wp-json\/wp\/v2\/media\/127395"}],"wp:attachment":[{"href":"https:\/\/www.europesays.com\/fi\/wp-json\/wp\/v2\/media?parent=127394"}],"wp:term":[{"taxonomy":"category","embeddable":true,"href":"https:\/\/www.europesays.com\/fi\/wp-json\/wp\/v2\/categories?post=127394"},{"taxonomy":"post_tag","embeddable":true,"href":"https:\/\/www.europesays.com\/fi\/wp-json\/wp\/v2\/tags?post=127394"}],"curies":[{"name":"wp","href":"https:\/\/api.w.org\/{rel}","templated":true}]}}