{"id":127400,"date":"2025-12-27T22:12:29","date_gmt":"2025-12-27T22:12:29","guid":{"rendered":"https:\/\/www.europesays.com\/fi\/127400\/"},"modified":"2025-12-27T22:12:29","modified_gmt":"2025-12-27T22:12:29","slug":"dimitri-keiski-ja-katja-aviolitto-oli-kaatua-viime-tingassa-juhlivat-nyt-tinahaitaan","status":"publish","type":"post","link":"https:\/\/www.europesays.com\/fi\/127400\/","title":{"rendered":"Dimitri Keiski ja Katja: aviolitto oli kaatua viime tingassa \u2013 juhlivat nyt tinah\u00e4it\u00e4\u00e4n"},"content":{"rendered":"<p class=\"has-drop-cap\"><strong>Dimitri Keiski<\/strong>, 46, ja h\u00e4nen vaimonsa <strong>Katja Lukin-Keiski,<\/strong> 51, juhlivat t\u00e4n\u00e4\u00e4n lauantaina, 27. joulukuuta 2025 tinah\u00e4it\u00e4\u00e4n.<\/p>\n<p>Musikaalinen aviopari meni naimisiin tasan kymmenen vuotta sitten Helsingin Tuomiokirkossa. Heid\u00e4n rakkaustarinsa on v\u00e4rik\u00e4s ja huikea.<\/p>\n<p>\u201dHyv\u00e4\u00e4 10-vuotish\u00e4\u00e4p\u00e4iv\u00e4\u00e4 rakas. Love you\u201d, Dimitri toivotti Katja-vaimolleen somessa.<\/p>\n<p>Katso Dimitrin romanttinen somep\u00e4ivitys:<\/p>\n<p>Rakkaus Katjaan toi Dimitrin Suomeen<\/p>\n<p>Iskelm\u00e4- ja tanssikansa saa olla kiitollinen Katjalle, ett\u00e4 Dimtri hurmaa nyt Suomessa lavakeikoilla <a href=\"https:\/\/www.tanssiin.fi\/tag\/keiski-eno\/\" title=\"keiski &amp; eno\" rel=\"nofollow noopener\" target=\"_blank\">ENO-orkesterin<\/a> t\u00e4htisolistina ja kitaristina.<\/p>\n<p>Syy, mik\u00e4 Dimitrin sai aikoinaan muuttamaan Ruotsista Suomeen, on nimitt\u00e4in yksiselitteinen ja romanttinen.<\/p>\n<p>\u201dSuurin syy on rakkaus\u201d, Dimitri on tunnustanut.<\/p>\n<p>\u201dNainen nimelt\u00e4 Katja Lukin.\u201d<\/p>\n<p>Katja on lahjakas ja kokenut laulaja itsekin, h\u00e4net tunnetaan muun muassa iskelm\u00e4legenda\u00a0<strong><a href=\"https:\/\/www.tanssiin.fi\/tag\/danny\/\" title=\"danny\" rel=\"nofollow noopener\" target=\"_blank\">Dannyn<\/a><\/strong>, 83, pitk\u00e4aikaisena taustalaulajana \u00a0D\u2019Voices -yhtyeess\u00e4. H\u00e4n on esiintynyt taustalaulajana my\u00f6s lukuisten muiden suomalaisten artistien levytyksill\u00e4.<\/p>\n<p><strong>Lue my\u00f6s: <\/strong><a href=\"https:\/\/www.tanssiin.fi\/dimitri-keiski-taytti-vuosia-pnpn-tanssikeikalla-katja-vaimo-yllatti-lavalla\/\" target=\"_blank\" rel=\"noopener nofollow\" title=\"Dimitri Keiski t\u00e4ytti vuosia PNP:n tanssikeikalla \u2013\u00a0Katja-vaimo yll\u00e4tti lavalla\">Dimitri Keiski t\u00e4ytti vuosia PNP:n tanssikeikalla \u2013\u00a0Katja-vaimo yll\u00e4tti lavalla<\/a><\/p>\n<p>Dimitri ja Katja ovat esiintyneet my\u00f6s kahdestaan \u2013\u00a0katso t\u00e4st\u00e4 hauska Sill\u00e4 lailla pallo pomppii (alunperin Joukon ja Kostin suomeksi esitt\u00e4m\u00e4) 2020:<\/p>\n<p>Ensitapaamisella kumpikaan ei puhunut mit\u00e4\u00e4n<\/p>\n<p>Dimitri ja Katja tapasivat ensimm\u00e4ist\u00e4 kertaa vuonna 2013 Tukholmassa, miss\u00e4 j\u00e4rjestettiin <strong>Kari Tapion <\/strong>muistokonsertti. Kohtalokas tapaaminen oli yll\u00e4tt\u00e4v\u00e4 \u2013\u00a0ja v\u00e4h\u00e4puheinen.<\/p>\n<p>Kumpikaan ei sanonut toiselleen sanaakaan, vaikka kemiat kohtasivat ja kipin\u00f6iv\u00e4t.<\/p>\n<p>Katja on muistellut nauraen, ettei uskaltanut puhua Dimitrille, koska luuli t\u00e4m\u00e4n puhuvan vain ruotsia.<\/p>\n<p>Syksyll\u00e4 2014 he olivat molemmat mukana Dannyn kiertueella Suomessa, ja silloin he jo puhuivatkin toisilleen. Yhteys jatkui Facebook-viestittelyll\u00e4, kunnes tammikuussa 2015 Dimitri pyysi Katjaa illallistreffeille Tukholmassa.<\/p>\n<p>Katja maistoi el\u00e4m\u00e4ns\u00e4 ensimm\u00e4ist\u00e4 kertaa sushia \u2013\u00a0ja rakastui ruuan lis\u00e4ksi palavasti mieheen.<\/p>\n<p><strong>Lue my\u00f6s: <\/strong><a href=\"https:\/\/www.tanssiin.fi\/huikea-rakkaustarina-dimitri-keiski-ja-katja-juhlivat-pian-tinahaitaan-dannylle-iso-kiitos\/\" title=\"Huikea rakkaustarina! Dimitri Keiski ja Katja juhlivat pian tinah\u00e4it\u00e4\u00e4n \u2013 Dannylle iso kiitos\" rel=\"nofollow noopener\" target=\"_blank\">Huikea rakkaustarina! Dimitri Keiski ja Katja juhlivat pian tinah\u00e4it\u00e4\u00e4n \u2013 Dannylle iso kiitos<\/a><\/p>\n<p>Pappi p\u00e4\u00e4sti Dimitrin ripille aatonaattona<\/p>\n<p>Katja on sanonut, ett\u00e4 h\u00e4n tiesi jo ensimm\u00e4isill\u00e4 treffeill\u00e4 haluavansa menn\u00e4 naimisiin Dimitrin kanssa.<\/p>\n<p>Jo seuraavalla viikolla Dimitri muutti Lahteen Katjan luo. Kosinta tapahtui New Yorkissa kes\u00e4kuussa, kun he olivat piknikill\u00e4 Keskuspuistossa. Dimitri oli suunnitellut etuk\u00e4teen puheen, mutta hermoili niin, ett\u00e4 unohti my\u00f6s polvistua.<\/p>\n<p>Katja vastasi kuitenkin oitis \u201dkyll\u00e4\u201d.<\/p>\n<p>Naimisiin he meniv\u00e4t Helsingin Tuomiokirkossa joulukuussa 2015.\u00a0<\/p>\n<p>Kirkkovihkiminen oli tosin tyss\u00e4t\u00e4 siihen, ett\u00e4 Dimitri ei ollut k\u00e4ynyt rippikoulua. Paniikki oli iske\u00e4 viikkoa ennen h\u00e4it\u00e4. Onneksi kirkkoherra ymm\u00e4rsi tilanteen ja Dimitri on kertonut, kuinka pappi p\u00e4\u00e4sti Dimitrin ripille jouluaaton aattona.<\/p>\n<p>Laulaja lausui Is\u00e4 meid\u00e4n -rukouksen, uskontunnustuksen ja 10 k\u00e4sky\u00e4. Samalla Dimitri lupasi, ett\u00e4 k\u00e4y konfirmaatiossa my\u00f6hemmin. N\u00e4in tuli lupa vihkimiselle.<\/p>\n<p><strong>Lue my\u00f6s: <\/strong><a href=\"https:\/\/www.tanssiin.fi\/dimitri-keiskin-harvinaiset-kuvat-julki-talta-naytti-tanssilavojen-kuningas-lapsena\/\" title=\"Dimitri Keiskin harvinaiset kuvat julki \u2013 t\u00e4lt\u00e4 n\u00e4ytti tanssilavojen kuningas lapsena\" rel=\"nofollow noopener\" target=\"_blank\">Dimitri Keiskin harvinaiset kuvat julki \u2013 t\u00e4lt\u00e4 n\u00e4ytti tanssilavojen kuningas lapsena<\/a><\/p>\n<p>Tyt\u00e4r kruunasi avio-onnen<\/p>\n<p>H\u00e4\u00e4juhlaa 27.12.2015 vietettiin l\u00e4hipiirin kesken.<\/p>\n<p>&#8221;Ne olivat aivan pienet ja yksinkertaiset h\u00e4\u00e4t&#8221;, vastavihitty aviopari fiilisteli kymmenen vuotta sitten Helsingin Tuomiokirkon portailla.<\/p>\n<p>Avioparilla on yksi lapsi, tyt\u00e4r\u00a0<strong>Nelmi<\/strong>\u00a0syntyi helmikuussa 2018 ja sai nimens\u00e4 Dimitrin is\u00e4n iso\u00e4idin mukaan. Dimitrill\u00e4 on aiemmasta avioliitostaan <a href=\"https:\/\/www.tanssiin.fi\/talta-nayttaa-dimitri-keiskin-poika-kuva-julki\/\" title=\"T\u00e4lt\u00e4 n\u00e4ytt\u00e4\u00e4 Dimitri Keiskin poika \u2013 kuva julki\" rel=\"nofollow noopener\" target=\"_blank\">poika\u00a0<strong>Elvis<\/strong><\/a>.<\/p>\n<p>Vaikka molempien taustat ovat erilaiset, se ei ole rakkautta rajoittanut. Katja on kuvaillut olevansa &#8221;maaseututytt\u00f6 Lapista ja Dimitri romani Tukholmasta&#8221;.<\/p>\n<p><strong>Lue my\u00f6s:<\/strong> <a href=\"https:\/\/www.tanssiin.fi\/dimitri-keiski-yllattava-jouluherkku-kuuntele-herkat-lauluvideot\/\" title=\"Dimitri Keiski: yll\u00e4tt\u00e4v\u00e4 jouluherkku \u2013 kuuntele herk\u00e4t lauluvideot\" rel=\"nofollow noopener\" target=\"_blank\">Dimitri Keiski: yll\u00e4tt\u00e4v\u00e4 jouluherkku \u2013 kuuntele herk\u00e4t lauluvideot<\/a><\/p>\n<p><strong>Katso <\/strong>Dimitri Keiski &amp; Katja Lukin-Keiski Unen telepatiaa 2025:<\/p>\n<p>Kirjoittanut:<br \/>\n<img loading=\"lazy\" data-lazyloaded=\"1\" width=\"512\" height=\"512\" decoding=\"async\" class=\"aioseo-author-image\" src=\"https:\/\/www.europesays.com\/fi\/wp-content\/uploads\/2025\/12\/cropped-tanssiin-logo.jpg.webp.webp\" alt=\"author avatar\"\/><\/p>\n<p>Tanssiin.fi<\/p>\n<p>\nTanssi- ja iskelm\u00e4musiikin uutiset asiantuntevasti.<\/p>\n<p><img loading=\"lazy\" decoding=\"async\" data-lazyloaded=\"1\" width=\"512\" height=\"512\" class=\"aioseo-author-bio-compact-image\" src=\"https:\/\/www.europesays.com\/fi\/wp-content\/uploads\/2025\/12\/cropped-tanssiin-logo.jpg.webp.webp\" alt=\"author avatar\"\/><br \/>\nTanssi- ja iskelm\u00e4musiikin uutiset asiantuntevasti.<\/p>\n<p>91%<br \/>\nIhana<\/p>\n<p>0%<br \/>\nHauska<\/p>\n<p>0%<br \/>\nVau<\/p>\n<p>0%<br \/>\nSurullinen<\/p>\n<p>9%<br \/>\nVihainen\n<\/p>\n<p>Post navigation<\/p>\n","protected":false},"excerpt":{"rendered":"Dimitri Keiski, 46, ja h\u00e4nen vaimonsa Katja Lukin-Keiski, 51, juhlivat t\u00e4n\u00e4\u00e4n lauantaina, 27. joulukuuta 2025 tinah\u00e4it\u00e4\u00e4n. Musikaalinen aviopari&hellip;\n","protected":false},"author":2,"featured_media":127401,"comment_status":"","ping_status":"","sticky":false,"template":"","format":"standard","meta":{"footnotes":""},"categories":[136],"tags":[1075,407,16806,137,33,31,30,408,22324,21273,99,6799,98,1311,32,4049,22578,16,109],"class_list":{"0":"post-127400","1":"post","2":"type-post","3":"status-publish","4":"format-standard","5":"has-post-thumbnail","7":"category-julkkikset","8":"tag-avioliitto","9":"tag-celebrities","10":"tag-dimitri-keiski","11":"tag-entertainment","12":"tag-fi","13":"tag-finland","14":"tag-finnish","15":"tag-julkkikset","16":"tag-katja-lukin","17":"tag-keiski-eno","18":"tag-lapset","19":"tag-orkesterit","20":"tag-perhe","21":"tag-rakkaus","22":"tag-suomi","23":"tag-tanssitahdet","24":"tag-tinahaat","25":"tag-uutiset","26":"tag-viihde"},"share_on_mastodon":{"url":"https:\/\/pubeurope.com\/@fi\/115793831433707154","error":""},"_links":{"self":[{"href":"https:\/\/www.europesays.com\/fi\/wp-json\/wp\/v2\/posts\/127400","targetHints":{"allow":["GET"]}}],"collection":[{"href":"https:\/\/www.europesays.com\/fi\/wp-json\/wp\/v2\/posts"}],"about":[{"href":"https:\/\/www.europesays.com\/fi\/wp-json\/wp\/v2\/types\/post"}],"author":[{"embeddable":true,"href":"https:\/\/www.europesays.com\/fi\/wp-json\/wp\/v2\/users\/2"}],"replies":[{"embeddable":true,"href":"https:\/\/www.europesays.com\/fi\/wp-json\/wp\/v2\/comments?post=127400"}],"version-history":[{"count":0,"href":"https:\/\/www.europesays.com\/fi\/wp-json\/wp\/v2\/posts\/127400\/revisions"}],"wp:featuredmedia":[{"embeddable":true,"href":"https:\/\/www.europesays.com\/fi\/wp-json\/wp\/v2\/media\/127401"}],"wp:attachment":[{"href":"https:\/\/www.europesays.com\/fi\/wp-json\/wp\/v2\/media?parent=127400"}],"wp:term":[{"taxonomy":"category","embeddable":true,"href":"https:\/\/www.europesays.com\/fi\/wp-json\/wp\/v2\/categories?post=127400"},{"taxonomy":"post_tag","embeddable":true,"href":"https:\/\/www.europesays.com\/fi\/wp-json\/wp\/v2\/tags?post=127400"}],"curies":[{"name":"wp","href":"https:\/\/api.w.org\/{rel}","templated":true}]}}