{"id":127408,"date":"2025-12-27T22:24:11","date_gmt":"2025-12-27T22:24:11","guid":{"rendered":"https:\/\/www.europesays.com\/fi\/127408\/"},"modified":"2025-12-27T22:24:11","modified_gmt":"2025-12-27T22:24:11","slug":"ukrainassa-kehkeytymassa-jalleen-korruptioskandaali-nelja-kansanedustajaa-epailtyna","status":"publish","type":"post","link":"https:\/\/www.europesays.com\/fi\/127408\/","title":{"rendered":"Ukrainassa kehkeytym\u00e4ss\u00e4 j\u00e4lleen korruptioskandaali, nelj\u00e4 kansanedustajaa ep\u00e4iltyn\u00e4"},"content":{"rendered":"<p>Ukraina|Korruptionvastainen virasto teki ratsian parlamenttiin lauantaina. Ainakin nelj\u00e4\u00e4 Zelenskyin puolueen kansanedustajaa ep\u00e4ill\u00e4\u00e4n korruptiosta.<\/p>\n<p>27.12. 22:53<\/p>\n<p>Lue tiivistelm\u00e4<\/p>\n<p class=\"article-body mb-nof-24 px-nof-16 sndp-summary-bullet-point-font\">Ukrainan korruptionvastainen virasto teki ratsian parlamenttiin lauantaina, ja ainakin nelj\u00e4\u00e4 presidentti Volodymyr Zelenskyin puolueen kansanedustajaa ep\u00e4ill\u00e4\u00e4n korruptiosta.<\/p>\n<p class=\"article-body mb-nof-24 px-nof-16 sndp-summary-bullet-point-font\">Kansanedustajien ep\u00e4ill\u00e4\u00e4n saaneen taloudellista hy\u00f6ty\u00e4 vastineeksi \u00e4\u00e4nest\u00e4misest\u00e4 tietyll\u00e4 tavalla parlamentissa.<\/p>\n<p class=\"article-body mb-nof-24 px-nof-16 sndp-summary-bullet-point-font\">Tutkinta tuli julkisuuteen samaan aikaan, kun Zelenskyi l\u00e4hti Yhdysvaltoihin keskustelemaan presidentti Donald Trumpin kanssa rauhansuunnitelmasta.<\/p>\n<p class=\"article-body mb-nof-24 px-nof-16 sndp-summary-bullet-point-font\">Ukrainaa ravisteli viimeksi marraskuussa suuri korruptioskandaali, jossa useiden korkeiden virkamiesten ep\u00e4iltiin kavaltaneen jopa 100 miljoonaa euroa valtion omistamalta ydinvoimayhti\u00f6lt\u00e4.<\/p>\n<p class=\"article-body mb-nof-24 px-nof-16\">Ukrainan korruptionvastainen virasto (Nabu) teki ratsian Ukrainan parlamenttiin lauantaina, uutistoimisto AFP kertoo. Nabun mukaan turvallisuuspalvelu yritti ensin est\u00e4\u00e4 ty\u00f6ntekij\u00f6iden p\u00e4\u00e4syn parlamentin tiloihin, mutta lopulta heid\u00e4t kuitenkin p\u00e4\u00e4stettiin sinne.<\/p>\n<p class=\"article-body mb-nof-24 px-nof-16\">Ratsian taustalla oli ainakin nelj\u00e4\u00e4n kansanedustajaan kohdistuva korruptioep\u00e4ily, ukrainalaislehti Ukrainska Pravda <a class=\"underline underline-offset-[0.12em] [text-decoration-thickness:var(--generic-link-underline-thickness)] [text-decoration-color:var(--generic-link-underline-color)] [text-decoration-skip-ink:var(--generic-link-underline-skip-ink)] break-words\" href=\"https:\/\/www.pravda.com.ua\/eng\/news\/2025\/12\/27\/8013640\/\" rel=\"nofollow noopener\" target=\"_blank\">kertoo <\/a>l\u00e4hteidens\u00e4 pohjalta.<\/p>\n<p class=\"article-body mb-nof-24 px-nof-16\">Tiedossa olevat ep\u00e4illyt kuuluvat presidentti <a class=\"article-personlink\" href=\"https:\/\/www.hs.fi\/haku\/?query=Volodymyr%20Zelenskyin\" rel=\"nofollow noopener\" target=\"_blank\">Volodymyr Zelenskyin<\/a> Kansan palvelija -puolueeseen.<\/p>\n<p class=\"article-body mb-nof-24 px-nof-16\">Nabun viranomaisten mukaan kansanedustajat saivat taloudellista hy\u00f6ty\u00e4 vastineeksi \u00e4\u00e4nest\u00e4misest\u00e4 tietyll\u00e4 tavalla Ukrainan parlamentissa.<\/p>\n<p class=\"article-body mb-nof-24 px-nof-16\">AFP:n mukaan Nabun ja korruptionvastaisen erityissyytt\u00e4j\u00e4nviraston (Sapo) peiteoperaatio oli paljastanut kansanedustajien kuulumisen rikollisryhm\u00e4\u00e4n.<\/p>\n<p class=\"article-body mb-nof-24 px-nof-16\">Kyiv Independent -lehden l\u00e4hteen <a class=\"underline underline-offset-[0.12em] [text-decoration-thickness:var(--generic-link-underline-thickness)] [text-decoration-color:var(--generic-link-underline-color)] [text-decoration-skip-ink:var(--generic-link-underline-skip-ink)] break-words\" href=\"https:\/\/kyivindependent.com\/ukrainian-lawmakers-exposed-taking-bribes-for-votes-anti-corruption-agency-says\/\" rel=\"nofollow noopener\" target=\"_blank\">mukaan<\/a> operaatioon mahdollisesti liittyy se, ett\u00e4 joitain kansanedustajia olisi salakuunneltu kahden vuoden ajan.<\/p>\n<p class=\"article-body mb-nof-24 px-nof-16\">Hallintokortteleiden lis\u00e4ksi ratsioita tehtiin my\u00f6s Parkovyin messukeskuksen tiloihin, joissa Kansan palvelija -puolueella on p\u00e4\u00e4majansa, Kyiv Independent kertoo.<\/p>\n<p class=\"article-body mb-nof-24 px-nof-16\">Tutkinta tuli julkisuuteen samaan aikaan, kun presidentti Zelenskyi l\u00e4hti Yhdysvaltoihin keskustelemaan presidentti <a class=\"article-personlink\" href=\"https:\/\/www.hs.fi\/haku\/?query=Donald%20Trumpin\" rel=\"nofollow noopener\" target=\"_blank\">Donald Trumpin<\/a> kanssa rauhansuunnitelmasta.<\/p>\n<p class=\"article-body mb-nof-24 px-nof-16\">Ukrainaa ravisteli viimeksi marraskuussa suuri korruptioskandaali.<\/p>\n<p class=\"article-body mb-nof-24 px-nof-16\">Useiden korkeiden virkamiesten ep\u00e4iltiin kavaltaneen jopa sata miljoonaa euroa valtion omistamalta ydinvoimayhti\u00f6 Enerhoatomilta. Ukrainan oikeus- ja energiaministerit joutuivat eroamaan.<\/p>\n<p class=\"article-body mb-nof-24 px-nof-16\">Zelenskyin l\u00e4heisen liittolaisen entisen kansliap\u00e4\u00e4llik\u00f6n <a class=\"article-personlink\" href=\"https:\/\/www.hs.fi\/haku\/?query=Andri%20Jermakin\" rel=\"nofollow noopener\" target=\"_blank\">Andri Jermakin<\/a> ep\u00e4ill\u00e4\u00e4n my\u00f6s liittyneen kyseiseen korruptioskandaaliin. H\u00e4n j\u00e4tti eronpyynt\u00f6ns\u00e4 sen j\u00e4lkeen, kun Nabun viranomaiset tekiv\u00e4t etsinn\u00e4n h\u00e4nen toimistoonsa.<\/p>\n<p class=\"article-body mb-nof-24 px-nof-16\">Zelenskyi yritti kes\u00e4ll\u00e4 kaventaa Nabun ja Sapon itsen\u00e4isyytt\u00e4. Virastojen ty\u00f6ntekij\u00f6it\u00e4 my\u00f6s pid\u00e4tettiin. Ukrainalaiset marssivat silloin joukoittain kaduille puolustamaan korruption vastaista ty\u00f6t\u00e4. EU:n ja mielenosoittajien painostuksen ansiosta virastot s\u00e4ilyttiv\u00e4t itsen\u00e4isen asemansa.<\/p>\n","protected":false},"excerpt":{"rendered":"Ukraina|Korruptionvastainen virasto teki ratsian parlamenttiin lauantaina. Ainakin nelj\u00e4\u00e4 Zelenskyin puolueen kansanedustajaa ep\u00e4ill\u00e4\u00e4n korruptiosta. 27.12. 22:53 Lue tiivistelm\u00e4 Ukrainan&hellip;\n","protected":false},"author":2,"featured_media":96697,"comment_status":"","ping_status":"","sticky":false,"template":"","format":"standard","meta":{"footnotes":""},"categories":[14],"tags":[22,23,26,27,33,31,30,17,46,24,25,28,29,15,18,21,32,19,20,56,16,59,60,61],"class_list":{"0":"post-127408","1":"post","2":"type-post","3":"status-publish","4":"format-standard","5":"has-post-thumbnail","7":"category-ulkomaat","8":"tag-breaking-news","9":"tag-breakingnews","10":"tag-featured-news","11":"tag-featurednews","12":"tag-fi","13":"tag-finland","14":"tag-finnish","15":"tag-headlines","16":"tag-helsingin-sanomat","17":"tag-latest-news","18":"tag-latestnews","19":"tag-main-news","20":"tag-mainnews","21":"tag-news","22":"tag-otsikot","23":"tag-paauutiset","24":"tag-suomi","25":"tag-top-stories","26":"tag-topstories","27":"tag-ulkomaat","28":"tag-uutiset","29":"tag-world","30":"tag-world-news","31":"tag-worldnews"},"share_on_mastodon":{"url":"https:\/\/pubeurope.com\/@fi\/115793878274910917","error":""},"_links":{"self":[{"href":"https:\/\/www.europesays.com\/fi\/wp-json\/wp\/v2\/posts\/127408","targetHints":{"allow":["GET"]}}],"collection":[{"href":"https:\/\/www.europesays.com\/fi\/wp-json\/wp\/v2\/posts"}],"about":[{"href":"https:\/\/www.europesays.com\/fi\/wp-json\/wp\/v2\/types\/post"}],"author":[{"embeddable":true,"href":"https:\/\/www.europesays.com\/fi\/wp-json\/wp\/v2\/users\/2"}],"replies":[{"embeddable":true,"href":"https:\/\/www.europesays.com\/fi\/wp-json\/wp\/v2\/comments?post=127408"}],"version-history":[{"count":0,"href":"https:\/\/www.europesays.com\/fi\/wp-json\/wp\/v2\/posts\/127408\/revisions"}],"wp:featuredmedia":[{"embeddable":true,"href":"https:\/\/www.europesays.com\/fi\/wp-json\/wp\/v2\/media\/96697"}],"wp:attachment":[{"href":"https:\/\/www.europesays.com\/fi\/wp-json\/wp\/v2\/media?parent=127408"}],"wp:term":[{"taxonomy":"category","embeddable":true,"href":"https:\/\/www.europesays.com\/fi\/wp-json\/wp\/v2\/categories?post=127408"},{"taxonomy":"post_tag","embeddable":true,"href":"https:\/\/www.europesays.com\/fi\/wp-json\/wp\/v2\/tags?post=127408"}],"curies":[{"name":"wp","href":"https:\/\/api.w.org\/{rel}","templated":true}]}}