{"id":127411,"date":"2025-12-27T22:26:11","date_gmt":"2025-12-27T22:26:11","guid":{"rendered":"https:\/\/www.europesays.com\/fi\/127411\/"},"modified":"2025-12-27T22:26:11","modified_gmt":"2025-12-27T22:26:11","slug":"juha-kariluoto-ei-ensin-uskonut-kun-kuuli-pate-mustajarven-kuolemasta","status":"publish","type":"post","link":"https:\/\/www.europesays.com\/fi\/127411\/","title":{"rendered":"Juha Kariluoto ei ensin uskonut, kun kuuli Pate Mustaj\u00e4rven kuolemasta"},"content":{"rendered":"<p>27.12. 20:37<\/p>\n<p>Lue tiivistelm\u00e4<\/p>\n<p class=\"article-body mb-nof-24 px-nof-16 sndp-summary-bullet-point-font\">Muusikko Pate Mustaj\u00e4rvi on kuollut, ja h\u00e4nen muistoaan kunnioitetaan ymp\u00e4ri Suomea.<\/p>\n<p class=\"article-body mb-nof-24 px-nof-16 sndp-summary-bullet-point-font\">Kallion B12-baarissa ja ravintola Mustassa h\u00e4r\u00e4ss\u00e4 ihmiset muistelevat Mustaj\u00e4rve\u00e4 muun muassa laulamalla Popedan kappaleita karaokessa.<\/p>\n<p class=\"article-body mb-nof-24 px-nof-16 sndp-summary-bullet-point-font\">Fanit kertovat, ett\u00e4 Mustaj\u00e4rvi vaikutti heid\u00e4n el\u00e4m\u00e4\u00e4ns\u00e4 musiikillaan ja kannanotoillaan tasa-arvon puolesta.<\/p>\n<p class=\"article-body mb-nof-24 px-nof-16\">\u201dPate on kuin Jeesus. Ruumis voi kuolla, mutta henki ei kuole koskaan.\u201d<\/p>\n<p class=\"article-body mb-nof-24 px-nof-16\"><a class=\"article-personlink\" href=\"https:\/\/www.hs.fi\/haku\/?query=Juha%20Kariluodon\" rel=\"nofollow noopener\" target=\"_blank\">Juha Kariluodon<\/a> tunnelma Kallion B12 -baarissa on kuin ruumiinvalvojaisissa.<\/p>\n<p class=\"article-body mb-nof-24 px-nof-16\">Kun kaverit baarissa kertoivat Kariluodolle <a class=\"article-personlink\" href=\"https:\/\/www.hs.fi\/haku\/?query=Pate%20Mustaj%C3%A4rven\" rel=\"nofollow noopener\" target=\"_blank\">Pate Mustaj\u00e4rven<\/a> kuolemasta, h\u00e4n ei pariin tuntiin uskonut kuulemaansa. Kaverit n\u00e4yttiv\u00e4t puhelimelta uutista, ja uskottava se oli. Nyt vuorokauden surtuaan Kariluoto on valmis vertaamaan Mustaj\u00e4rve\u00e4 Jeesukseen.<\/p>\n<p class=\"article-body mb-nof-24 px-nof-16\">Popedan kappaleet ovat soineet Kariluodon el\u00e4m\u00e4n taustalla nuoruudesta l\u00e4htien. Musiikki merkitsee hyvin paljon.<\/p>\n<p class=\"article-body mb-nof-24 px-nof-16\">\u201dMulla on lyhyt pinna, v\u00e4h\u00e4n kuin vihanhallintaongelma. Hakkaan s\u00e4kki\u00e4 Popedan tahtiin, se auttaa\u201d, h\u00e4n kuvailee.<\/p>\n<p class=\"article-body mb-nof-24 px-nof-16\">Kariluoto kertoo p\u00e4\u00e4sseens\u00e4 tutun kautta my\u00f6s tapaamaan Mustaj\u00e4rve\u00e4. Oli kosteaa ja hienoa, h\u00e4n muistelee.<\/p>\n<p class=\"article-body mb-nof-24 px-nof-16\">\u201dSeuraavaksi menen kotiin, poltan savut maustetupakasta ja panen Popedan keikan py\u00f6rim\u00e4\u00e4n.\u201d<\/p>\n<p class=\"article-body mb-nof-24 px-nof-16\">Samassa baarip\u00f6yd\u00e4ss\u00e4 istuu <a class=\"article-personlink\" href=\"https:\/\/www.hs.fi\/haku\/?query=Petri%20Tiitta\" rel=\"nofollow noopener\" target=\"_blank\">Petri Tiitta<\/a>, muusikkonimelt\u00e4\u00e4n Esko Penis.<\/p>\n<p class=\"article-body mb-nof-24 px-nof-16\">\u201dTunnelma on kyll\u00e4 synkk\u00e4, Suomi-rockin historiasta poistui valtava palanen\u201d, h\u00e4n sanoo.<\/p>\n<p class=\"article-body mb-nof-24 px-nof-16\">Tiitta kertoo viett\u00e4neens\u00e4 p\u00e4iv\u00e4n Popedan kappaleita kuunnellen.<\/p>\n<p class=\"article-body mb-nof-24 px-nof-16\">\u201dHuomenna soitan niit\u00e4 kitaralla akustisesti ja \u00e4\u00e4nit\u00e4n\u201d, h\u00e4n suunnittelee.<\/p>\n<p class=\"article-body mb-nof-24 px-nof-16\">Tiitta kertoo, ett\u00e4 kunnioituksesta Mustaj\u00e4rve\u00e4 ja t\u00e4m\u00e4n omaisia kohtaan h\u00e4n ei laula karaokessa Popedan kappaleita.<\/p>\n<p class=\"article-body mb-nof-24 px-nof-16\">Ravintola Mustassa h\u00e4r\u00e4ss\u00e4 Mustaj\u00e4rve\u00e4 sen sijaan kunnioitetaan laululla. Nimimerkki Berghollm laulaa Ukkometson. H\u00e4n kertoo laulavansa Popedaa usein ja n\u00e4hneens\u00e4 yhtyeen my\u00f6s keikalla.<\/p>\n<p class=\"article-body mb-nof-24 px-nof-16\">\u201dKunnioitan sit\u00e4, ett\u00e4 Pate oli yht\u00e4 aikaa maskuliininen ja herkk\u00e4. H\u00e4n uskoi omaan juttuunsa v\u00e4litt\u00e4m\u00e4tt\u00e4 siit\u00e4, mit\u00e4 muut ajattelevat. H\u00e4n oli \u00e4ij\u00e4, mutta ei tuominnut ket\u00e4\u00e4n.\u201d<\/p>\n<p class=\"article-body mb-nof-24 px-nof-16\">Uutinen Mustaj\u00e4rven kuolemasta teki surulliseksi.<\/p>\n<p class=\"article-body mb-nof-24 px-nof-16\">\u201dAika tulee kullekin\u201d, h\u00e4n sanoo.<\/p>\n<p class=\"article-body mb-nof-24 px-nof-16\">Mustaj\u00e4rvi vaikutti siihen, ett\u00e4 Berghollm alkoi itse soittaa rockia ja punkkia. H\u00e4n opetteli soittamaan kitaraa Popedan kappaleilla.<\/p>\n<p class=\"article-body mb-nof-24 px-nof-16\">Suurimman j\u00e4ljen kuitenkin j\u00e4tti Popedan kannanotto tasa-arvon puolesta. Vuonna 2018 keikkojen taustalla roikkui valtava sateenkaarella koristeltu My Little Popeda -kangas. Se viittasi My Little Pony -leluihin, ja yhtyeen j\u00e4senet oli piirretty poneiksi.<\/p>\n<p class=\"article-body mb-nof-24 px-nof-16\">Mustaj\u00e4rvi totesi, ett\u00e4 sateenkaari oli kannanotto seksuaaliv\u00e4hemmist\u00f6jen oikeuksien puolesta. H\u00e4n my\u00f6s totesi muusikoiden olevan niin \u00e4iji\u00e4, etteiv\u00e4t sateenkaaret tai ponit uhkaa heid\u00e4n machouttaan.<\/p>\n<p class=\"article-body mb-nof-24 px-nof-16\">\u201dQueerina arvostin kannanottoa eritt\u00e4in paljon\u201d, Berghollm sanoo.<\/p>\n<p><img decoding=\"async\" src=\"https:\/\/www.europesays.com\/fi\/wp-content\/uploads\/2025\/12\/1766874371_256_468.jpg\" alt=\"Berghollm-nimimerkill\u00e4 esiintynyt asiakas valitsee karaokelistalta Pate Mustaj\u00e4rven Ukkometson. H\u00e4nen nimens\u00e4 on HS:n toimituksen tiedossa.\" class=\"_Img_1rerz_1\" style=\"aspect-ratio:0.6666666666666666\" loading=\"eager\"\/><\/p>\n<p class=\"article-picture-caption\">Berghollm-nimimerkill\u00e4 esiintynyt asiakas valitsee karaokelistalta Pate Mustaj\u00e4rven Ukkometson. H\u00e4nen nimens\u00e4 on HS:n toimituksen tiedossa. Kuva:\u00a0Matti Pietola \/ HS<\/p>\n<p class=\"article-body mb-nof-24 px-nof-16\">HS kysyi lukijoilta suosikkikappaleita Popedalta tai Mustaj\u00e4rven soolouralta sek\u00e4 niihin liittyvi\u00e4 muistoja. Niit\u00e4 l\u00e4hetettiin l\u00e4hes 300.<\/p>\n<p class=\"article-body mb-nof-24 px-nof-16\">\u201dKersantti Karoliinaa laulettiin iltavapaalla Hallin Jannessa karaokessa yhdess\u00e4 palvelustovereiden kanssa, Suomen ensimm\u00e4iset naiset armeijassa kun olimme. Hesarin Nyt-liitekin oli paikalla ja teki jutun meist\u00e4, lentoteknisen aliupseerikurssin III\/95 naispuolisista oppilaista. Er\u00e4\u00e4nlainen voimalaulu muistuttaa omien valintojen ja t\u00e4ysill\u00e4 el\u00e4misen t\u00e4rkeydest\u00e4, tuli mit\u00e4 tuli\u201d, kertoo <a class=\"article-personlink\" href=\"https:\/\/www.hs.fi\/haku\/?query=P%C3%A4ivi%20Willman\" rel=\"nofollow noopener\" target=\"_blank\">P\u00e4ivi Willman<\/a>.<\/p>\n<p class=\"article-body mb-nof-24 px-nof-16\">\u201dTahdotko mut tosiaan kolahti 1990-luvulla kovaa nuoreen aikuiseen, joka etsi viel\u00e4 paikkaansa el\u00e4m\u00e4ss\u00e4. Korkeakoulusta valmistuminen ja ty\u00f6paikka olivat jo plakkarissa, mutta rakkaus puuttui. Kun H\u00e4n viimein k\u00e4veli vastaan er\u00e4\u00e4n\u00e4 syyskuisena iltana, kysyin heti: \u2019Tahdotko mut tosiaan, suhteeseen vakavaan?\u2019 Nyt on yhteist\u00e4 polkua poloista tarvottu jo 28 vuotta\u201d, kertoo <a class=\"article-personlink\" href=\"https:\/\/www.hs.fi\/haku\/?query=Marika%20Sinikari\" rel=\"nofollow noopener\" target=\"_blank\">Marika Sinikari<\/a>.<\/p>\n<p class=\"article-body mb-nof-24 px-nof-16\">\u201dJuuri ennen koronasulkua Pate ja kitaristi <a class=\"article-personlink\" href=\"https:\/\/www.hs.fi\/haku\/?query=Ari%20Kankaanp%C3%A4%C3%A4\" rel=\"nofollow noopener\" target=\"_blank\">Ari Kankaanp\u00e4\u00e4 <\/a>olivat kiertueella. Olen hoitoalalla, ja keikan j\u00e4lkeen pyysin Patelta nimikirjoituksen er\u00e4\u00e4lle vakavasti sairaalle potilaalle, joka oli my\u00f6s kova Popeda-fani. Potilas piristyi nimmarista niin kovasti, ett\u00e4 p\u00e4\u00e4si viel\u00e4 pariksi viikoksi kotiin ennen kuin tuli h\u00e4nen vuoronsa l\u00e4hte\u00e4. Nyt t\u00e4m\u00e4 potilas ja Pate ovat Jukeboxin luona\u201d, kertoo <a class=\"article-personlink\" href=\"https:\/\/www.hs.fi\/haku\/?query=Mikko%20Velin\" rel=\"nofollow noopener\" target=\"_blank\">Mikko Velin<\/a>.<\/p>\n<p class=\"article-body mb-nof-24 px-nof-16\">\u201dMuistan el\u00e4v\u00e4sti Popedan keikat Helsingiss\u00e4 Pressan y\u00f6kerhossa. Kuulijakunta oli aina liev\u00e4sti sanoen miesvoittoista. Pate laulatti jonkin kappaleen kertos\u00e4ett\u00e4 kilpalaulantana vuorotellen: \u201dNyt \u00e4ij\u00e4t, nyt gimmat!\u201d. Tarkoitus oli selvitt\u00e4\u00e4, kummatko laulavat lujempaa, ja oli ratkiriemukasta mylvi\u00e4 siell\u00e4 &#8221;naisten vuorolla&#8221;. H\u00e4visimme reippaasti, mutta Pate kannusti hienosti. Monta kertaa k\u00e4vimme Popedan keikoilla naisporukassa ja aina oli Patella hyv\u00e4 meininki yleis\u00f6n edess\u00e4\u201d, kertoo <a class=\"article-personlink\" href=\"https:\/\/www.hs.fi\/haku\/?query=Kaija%20Nevalainen\" rel=\"nofollow noopener\" target=\"_blank\">Kaija Nevalainen<\/a>.<\/p>\n<p class=\"article-body mb-nof-24 px-nof-16\">\u201dOli kes\u00e4 1992, ja olin t\u00f6iss\u00e4 risteilylaiva Kristina Reginan baarissa. Katselimme kavereiden kanssa, kun uudet matkustajat nousivat laivaan. Taustalla soi Pitk\u00e4 kuuma kes\u00e4, kun laivaan astui tumma kaunotar. Olin myyty. Meist\u00e4 tuli pari, ja olimme 25 vuotta yhdess\u00e4 ravintolayritt\u00e4ji\u00e4 ja Popeda-faneja. Olemme edelleen hyvi\u00e4 yst\u00e4vi\u00e4 ja suremme yhdess\u00e4 Paten poismenoa. Samalla sulkeutuu my\u00f6s meid\u00e4n el\u00e4m\u00e4mme paras aika\u201d, kertoo <a class=\"article-personlink\" href=\"https:\/\/www.hs.fi\/haku\/?query=Kari%20Ylikyl%C3%A4\" rel=\"nofollow noopener\" target=\"_blank\">Kari Ylikyl\u00e4<\/a>.<\/p>\n<p class=\"article-body mb-nof-24 px-nof-16\">&#8221;M\u00e4 el\u00e4n itselleni julkaistiin juuri kun olin alkanut toipua raskaasta, epilepsian laukaisseesta avioerosta. Se soi muun muassa autossa varsin kovalla noiden raskaiden kuukausien aikana. Toinen sai pit\u00e4\u00e4 ex\u00e4ni ja itse kohtasin el\u00e4m\u00e4ni rakkauden. Olemme olleet pariskunta jo kaksi vuosikymment\u00e4. En siis el\u00e4 vain itselleni\u201d, kertoo <a class=\"article-personlink\" href=\"https:\/\/www.hs.fi\/haku\/?query=Kimmo%20Salomaa\" rel=\"nofollow noopener\" target=\"_blank\">Kimmo Salomaa<\/a>.<\/p>\n","protected":false},"excerpt":{"rendered":"27.12. 20:37 Lue tiivistelm\u00e4 Muusikko Pate Mustaj\u00e4rvi on kuollut, ja h\u00e4nen muistoaan kunnioitetaan ymp\u00e4ri Suomea. Kallion B12-baarissa ja&hellip;\n","protected":false},"author":2,"featured_media":127412,"comment_status":"","ping_status":"","sticky":false,"template":"","format":"standard","meta":{"footnotes":""},"categories":[5],"tags":[22,23,26,27,33,31,30,17,46,24,25,28,29,15,18,21,32,19,20,16],"class_list":{"0":"post-127411","1":"post","2":"type-post","3":"status-publish","4":"format-standard","5":"has-post-thumbnail","7":"category-otsikot","8":"tag-breaking-news","9":"tag-breakingnews","10":"tag-featured-news","11":"tag-featurednews","12":"tag-fi","13":"tag-finland","14":"tag-finnish","15":"tag-headlines","16":"tag-helsingin-sanomat","17":"tag-latest-news","18":"tag-latestnews","19":"tag-main-news","20":"tag-mainnews","21":"tag-news","22":"tag-otsikot","23":"tag-paauutiset","24":"tag-suomi","25":"tag-top-stories","26":"tag-topstories","27":"tag-uutiset"},"share_on_mastodon":{"url":"https:\/\/pubeurope.com\/@fi\/115793886305855086","error":""},"_links":{"self":[{"href":"https:\/\/www.europesays.com\/fi\/wp-json\/wp\/v2\/posts\/127411","targetHints":{"allow":["GET"]}}],"collection":[{"href":"https:\/\/www.europesays.com\/fi\/wp-json\/wp\/v2\/posts"}],"about":[{"href":"https:\/\/www.europesays.com\/fi\/wp-json\/wp\/v2\/types\/post"}],"author":[{"embeddable":true,"href":"https:\/\/www.europesays.com\/fi\/wp-json\/wp\/v2\/users\/2"}],"replies":[{"embeddable":true,"href":"https:\/\/www.europesays.com\/fi\/wp-json\/wp\/v2\/comments?post=127411"}],"version-history":[{"count":0,"href":"https:\/\/www.europesays.com\/fi\/wp-json\/wp\/v2\/posts\/127411\/revisions"}],"wp:featuredmedia":[{"embeddable":true,"href":"https:\/\/www.europesays.com\/fi\/wp-json\/wp\/v2\/media\/127412"}],"wp:attachment":[{"href":"https:\/\/www.europesays.com\/fi\/wp-json\/wp\/v2\/media?parent=127411"}],"wp:term":[{"taxonomy":"category","embeddable":true,"href":"https:\/\/www.europesays.com\/fi\/wp-json\/wp\/v2\/categories?post=127411"},{"taxonomy":"post_tag","embeddable":true,"href":"https:\/\/www.europesays.com\/fi\/wp-json\/wp\/v2\/tags?post=127411"}],"curies":[{"name":"wp","href":"https:\/\/api.w.org\/{rel}","templated":true}]}}