{"id":127413,"date":"2025-12-27T22:38:08","date_gmt":"2025-12-27T22:38:08","guid":{"rendered":"https:\/\/www.europesays.com\/fi\/127413\/"},"modified":"2025-12-27T22:38:08","modified_gmt":"2025-12-27T22:38:08","slug":"marita-taavitsainen-osti-itselleen-joululahjan-paluu-menneeseen","status":"publish","type":"post","link":"https:\/\/www.europesays.com\/fi\/127413\/","title":{"rendered":"Marita Taavitsainen osti itselleen joululahjan &#8211; paluu menneeseen"},"content":{"rendered":"<p>Laulaja Marita Taavitsainen on hemmotellut itse\u00e4\u00e4n t\u00e4n\u00e4 jouluna itse ostamallaan joululahjalla, ja h\u00e4n esittelee pakettia <strong><a href=\"https:\/\/www.instagram.com\/p\/DSxjOAAjTBR\/\" rel=\"nofollow noopener\" target=\"_blank\">Insta-postauksessaan.<\/a><\/strong><\/p>\n<p>Moni voi yll\u00e4tty\u00e4 mik\u00e4 se on lahjojaan.<\/p>\n<p>Se on DVD-soitin!<\/p>\n<p>Marita pit\u00e4\u00e4 musikaali-iltoja kotona<\/p>\n<p>Mutta eik\u00f6s t\u00e4m\u00e4 nyt ole mennytt\u00e4 aikaa jos mik\u00e4!<\/p>\n<p>Onhan se. Mutta Marita kertoo h\u00e4nell\u00e4 olevan hurja m\u00e4\u00e4r\u00e4 DVD:t\u00e4, jotka sis\u00e4lt\u00e4v\u00e4t esimerkiksi musikaaleja. Nyt niit\u00e4 p\u00e4\u00e4see kuuntelemaan ja katselemaan.<\/p>\n<p>Ne ovat kuulemma ty\u00f6ll\u00e4 ja vaivalla hankittuja, ja niit\u00e4 riitt\u00e4\u00e4.<\/p>\n<p>Nykyaikakin on kuvioissa vahvasti mukana! T\u00e4n\u00e4 p\u00e4iv\u00e4n\u00e4 Maritalla on merkkikaiuttimet, joista \u00e4\u00e4ni tulee \u2013 toisin kuin ennen vanhaan.<\/p>\n<p>N\u00e4in vanhoista DVD-levyist\u00e4 saa paljon enemm\u00e4n irti.<\/p>\n<p>Lue my\u00f6s: <a href=\"https:\/\/www.como.fi\/tilaa-comon-uutiskirje\/\" title=\"Tilaa Comon uutiskirje ja tied\u00e4t mist\u00e4 kahvitauolla puhutaan! Nappaa kotimaan tv-vinkit ja puheenaiheet suoraan s\u00e4hk\u00f6postiin t\u00e4st\u00e4.\" class=\"underline-custom !font-montserrat !font-bold !underline-offset-4 !decoration-4 !decoration-red-600 !text-md\" rel=\"nofollow noopener\" target=\"_blank\">Tilaa Comon uutiskirje ja tied\u00e4t mist\u00e4 kahvitauolla puhutaan! Nappaa kotimaan tv-vinkit ja puheenaiheet suoraan s\u00e4hk\u00f6postiin t\u00e4st\u00e4.<\/a><\/p>\n<p>\t\t\t<script async src=\"\/\/www.instagram.com\/embed.js\"><\/script><\/p>\n","protected":false},"excerpt":{"rendered":"Laulaja Marita Taavitsainen on hemmotellut itse\u00e4\u00e4n t\u00e4n\u00e4 jouluna itse ostamallaan joululahjalla, ja h\u00e4n esittelee pakettia Insta-postauksessaan. Moni voi&hellip;\n","protected":false},"author":2,"featured_media":127414,"comment_status":"","ping_status":"","sticky":false,"template":"","format":"standard","meta":{"footnotes":""},"categories":[136],"tags":[407,137,33,31,30,408,7813,32,109],"class_list":{"0":"post-127413","1":"post","2":"type-post","3":"status-publish","4":"format-standard","5":"has-post-thumbnail","7":"category-julkkikset","8":"tag-celebrities","9":"tag-entertainment","10":"tag-fi","11":"tag-finland","12":"tag-finnish","13":"tag-julkkikset","14":"tag-marita-taavitsainen","15":"tag-suomi","16":"tag-viihde"},"share_on_mastodon":{"url":"https:\/\/pubeurope.com\/@fi\/115793933315816090","error":""},"_links":{"self":[{"href":"https:\/\/www.europesays.com\/fi\/wp-json\/wp\/v2\/posts\/127413","targetHints":{"allow":["GET"]}}],"collection":[{"href":"https:\/\/www.europesays.com\/fi\/wp-json\/wp\/v2\/posts"}],"about":[{"href":"https:\/\/www.europesays.com\/fi\/wp-json\/wp\/v2\/types\/post"}],"author":[{"embeddable":true,"href":"https:\/\/www.europesays.com\/fi\/wp-json\/wp\/v2\/users\/2"}],"replies":[{"embeddable":true,"href":"https:\/\/www.europesays.com\/fi\/wp-json\/wp\/v2\/comments?post=127413"}],"version-history":[{"count":0,"href":"https:\/\/www.europesays.com\/fi\/wp-json\/wp\/v2\/posts\/127413\/revisions"}],"wp:featuredmedia":[{"embeddable":true,"href":"https:\/\/www.europesays.com\/fi\/wp-json\/wp\/v2\/media\/127414"}],"wp:attachment":[{"href":"https:\/\/www.europesays.com\/fi\/wp-json\/wp\/v2\/media?parent=127413"}],"wp:term":[{"taxonomy":"category","embeddable":true,"href":"https:\/\/www.europesays.com\/fi\/wp-json\/wp\/v2\/categories?post=127413"},{"taxonomy":"post_tag","embeddable":true,"href":"https:\/\/www.europesays.com\/fi\/wp-json\/wp\/v2\/tags?post=127413"}],"curies":[{"name":"wp","href":"https:\/\/api.w.org\/{rel}","templated":true}]}}