{"id":127415,"date":"2025-12-27T22:41:07","date_gmt":"2025-12-27T22:41:07","guid":{"rendered":"https:\/\/www.europesays.com\/fi\/127415\/"},"modified":"2025-12-27T22:41:07","modified_gmt":"2025-12-27T22:41:07","slug":"tanaan-tvssa-vuoden-1967-lannenelokuva-on-kestanyt-hienosti-aikaa-paul-newman-tekee-vahvan-roolisuorituksen","status":"publish","type":"post","link":"https:\/\/www.europesays.com\/fi\/127415\/","title":{"rendered":"T\u00e4n\u00e4\u00e4n tv:ss\u00e4: Vuoden 1967 l\u00e4nnenelokuva on kest\u00e4nyt hienosti aikaa \u2013 Paul Newman tekee vahvan roolisuorituksen"},"content":{"rendered":"<p>T\u00e4n\u00e4\u00e4n n\u00e4hd\u00e4\u00e4n televisiossa vuonna 1967 valmistunut Hombre. <\/p>\n<p><strong>Paul Newman <\/strong>loistaa v\u00e4h\u00e4puheisena mutta karismaattisena antisankarina 1960-luvun modernissa l\u00e4nnenelokuvassa, joka aikanaan haastoi genren perinteisi\u00e4 asetelmia. Hombren ohjasi<strong> Martin Ritt,<\/strong> joka teki useita elokuvia Newmanin kanssa. Elokuva perustuu <strong>Elmore Leonardin<\/strong> romaaniin.<\/p>\n<p>Tarina seuraa John Russellia, valkoista miest\u00e4, joka on kasvanut apassien keskuudessa. Russell joutuu kohtaamaan ennakkoluuloja, kun h\u00e4n l\u00e4htee matkalle sekalaisen seurueen kanssa. Matka muuttuu selvi\u00e4mistaisteluksi, kun joukko rosvoja vaanii heit\u00e4 syrj\u00e4isess\u00e4 maastossa. Russell joutuu valitsemaan, seuraako omaa oikeudentajuaan vai muiden odotuksia.<\/p>\n<p>Elokuva k\u00e4sittelee aikakaudelleen poikkeuksellisen kriittisesti alkuper\u00e4iskansojen kohtelua ja yhteiskunnan kaksinaismoralismia. Hombre kuuluu niin sanottujen revisionististen westernien aaltoon. Siin\u00e4 ei ihannoida villi\u00e4 l\u00e4ntt\u00e4, vaan pureudutaan moraalisiin ristiriitoihin ja ihmisten ennakkoluuloihin.<\/p>\n<p>Lue my\u00f6s: <a href=\"https:\/\/www.episodi.fi\/uutiset\/tilastot-paljastavat-han-on-elokuvahistorian-suurin-nayttelija\/\" title=\"Tilastot paljastavat: H\u00e4n on elokuvahistorian suurin n\u00e4yttelij\u00e4\" class=\"underline-custom !font-montserrat !font-bold !underline-offset-4 !decoration-4 !decoration-episodi-blue !text-md\" rel=\"nofollow noopener\" target=\"_blank\">Tilastot paljastavat: H\u00e4n on elokuvahistorian suurin n\u00e4yttelij\u00e4<\/a><\/p>\n<p>Vaikka Newmanin repliikit ovat v\u00e4h\u00e4iset, h\u00e4nen roolisuorituksensa on voimakas ja monitasoinen. Elokuva on yh\u00e4 ajankohtainen kommentti ulkopuolisuudesta, oikeudenmukaisuudesta ja inhimillisyydest\u00e4 tilanteissa, joissa totutut roolit eiv\u00e4t en\u00e4\u00e4 p\u00e4de.<\/p>\n<p>Hombre on westernien yst\u00e4v\u00e4lle pakkokatsottavaa. Se on \u00e4lyk\u00e4s, tyylik\u00e4s ja ajatuksia her\u00e4tt\u00e4v\u00e4 teos, joka kest\u00e4\u00e4 aikaa. Se ei ehk\u00e4 en\u00e4\u00e4 iske yht\u00e4 kovaa toimintansa tai temponsa puolesta kuin modernit westernit, mutta sen \u00e4lyk\u00e4s k\u00e4sikirjoitus, Newmanin hiljaisen vaikuttava rooli ja moraaliset tasot tekev\u00e4t siit\u00e4 klassikon, joka todella kest\u00e4\u00e4 katselun.<\/p>\n<p>Hombre ei tarjoa suurta spektaakkelia, mutta se hoitaa asiansa tyylill\u00e4 ja ajatuksella. Elokuva k\u00e4sittelee vallan, syrjinn\u00e4n ja oikeudenmukaisuuden teemoja tavalla, joka tuntuu ajankohtaiselta edelleen.<\/p>\n<p>Hombre esitet\u00e4\u00e4n TV1-kanavalla sunnuntaina 28.12.2025 klo 21.00. Areenassa 27.3.2026 saakka. Katso traileri alta.<\/p>\n<p><img loading=\"lazy\" decoding=\"async\" alt=\"YouTube video\" width=\"480\" height=\"360\" data-pin-nopin=\"true\" nopin=\"nopin\" class=\"perfmatters-lazy\" src=\"https:\/\/www.europesays.com\/fi\/wp-content\/uploads\/2025\/12\/1766875267_81_hqdefault.jpg\"\/><\/p>\n<p>Lue my\u00f6s: <a href=\"https:\/\/www.episodi.fi\/uutiskirje\/?uutiskirjemainos=tekstilinkkimainos\" title=\"Tilaa Episodin uutiskirje ja voit voittaa leffalippuja! Nappaa tv-vinkit suoraan s\u00e4hk\u00f6postiin t\u00e4st\u00e4.\" class=\"underline-custom !font-montserrat !font-bold !underline-offset-4 !decoration-4 !decoration-episodi-blue !text-md\" rel=\"nofollow noopener\" target=\"_blank\">Tilaa Episodin uutiskirje ja voit voittaa leffalippuja! Nappaa katseluvinkit suoraan s\u00e4hk\u00f6postiin t\u00e4st\u00e4.<\/a><\/p>\n","protected":false},"excerpt":{"rendered":"T\u00e4n\u00e4\u00e4n n\u00e4hd\u00e4\u00e4n televisiossa vuonna 1967 valmistunut Hombre. Paul Newman loistaa v\u00e4h\u00e4puheisena mutta karismaattisena antisankarina 1960-luvun modernissa l\u00e4nnenelokuvassa, joka&hellip;\n","protected":false},"author":2,"featured_media":127416,"comment_status":"","ping_status":"","sticky":false,"template":"","format":"standard","meta":{"footnotes":""},"categories":[133],"tags":[137,33,31,30,32,206,139,156,109,913],"class_list":{"0":"post-127415","1":"post","2":"type-post","3":"status-publish","4":"format-standard","5":"has-post-thumbnail","7":"category-televisiot","8":"tag-entertainment","9":"tag-fi","10":"tag-finland","11":"tag-finnish","12":"tag-suomi","13":"tag-televisiot","14":"tag-tv-ohjelmat","15":"tag-tv","16":"tag-viihde","17":"tag-yle-areena"},"share_on_mastodon":{"url":"https:\/\/pubeurope.com\/@fi\/115793945307008167","error":""},"_links":{"self":[{"href":"https:\/\/www.europesays.com\/fi\/wp-json\/wp\/v2\/posts\/127415","targetHints":{"allow":["GET"]}}],"collection":[{"href":"https:\/\/www.europesays.com\/fi\/wp-json\/wp\/v2\/posts"}],"about":[{"href":"https:\/\/www.europesays.com\/fi\/wp-json\/wp\/v2\/types\/post"}],"author":[{"embeddable":true,"href":"https:\/\/www.europesays.com\/fi\/wp-json\/wp\/v2\/users\/2"}],"replies":[{"embeddable":true,"href":"https:\/\/www.europesays.com\/fi\/wp-json\/wp\/v2\/comments?post=127415"}],"version-history":[{"count":0,"href":"https:\/\/www.europesays.com\/fi\/wp-json\/wp\/v2\/posts\/127415\/revisions"}],"wp:featuredmedia":[{"embeddable":true,"href":"https:\/\/www.europesays.com\/fi\/wp-json\/wp\/v2\/media\/127416"}],"wp:attachment":[{"href":"https:\/\/www.europesays.com\/fi\/wp-json\/wp\/v2\/media?parent=127415"}],"wp:term":[{"taxonomy":"category","embeddable":true,"href":"https:\/\/www.europesays.com\/fi\/wp-json\/wp\/v2\/categories?post=127415"},{"taxonomy":"post_tag","embeddable":true,"href":"https:\/\/www.europesays.com\/fi\/wp-json\/wp\/v2\/tags?post=127415"}],"curies":[{"name":"wp","href":"https:\/\/api.w.org\/{rel}","templated":true}]}}