{"id":127421,"date":"2025-12-27T22:49:33","date_gmt":"2025-12-27T22:49:33","guid":{"rendered":"https:\/\/www.europesays.com\/fi\/127421\/"},"modified":"2025-12-27T22:49:33","modified_gmt":"2025-12-27T22:49:33","slug":"hyrynsalmen-kuntalaiskysely-sai-ennatysmaaran-vastauksia","status":"publish","type":"post","link":"https:\/\/www.europesays.com\/fi\/127421\/","title":{"rendered":"Hyrynsalmen kuntalaiskysely sai enn\u00e4tysm\u00e4\u00e4r\u00e4n vastauksia"},"content":{"rendered":"<p>                                  Paikallisuutiset<\/p>\n<p>                <img loading=\"lazy\" decoding=\"async\" itemprop=\"contentUrl\" class=\"figure-img img-fluid\"  src=\"https:\/\/www.europesays.com\/fi\/wp-content\/uploads\/2025\/12\/1766875773_940_imengine.public.prod.hil.infomaker.io\" width=\"1472\" height=\"927\"  alt=\"\"\/><\/p>\n<p>                                    Hyrynsalmen kunnan mukaan kuntalaiskysely ja kuntalaisilta saatu palaute osoittavat, ett\u00e4 Hyrynsalmella on laaja kiinnostus kunnan kehitt\u00e4miseen ja hyvinvointia lis\u00e4\u00e4vien palveluiden parantamiseen.<\/p>\n<p class=\"ew-preamble\" itemprop=\"description\">Hyrynsalmelaisia kiinnostaa kunnan asiat. Siit\u00e4 osoituksena on syksyn aikana toteutettu suosittu kysely.<\/p>\n<p>      MAINOS &#8211; juttu jatkuu mainoksen j\u00e4lkeen<\/p>\n<p>      MAINOS &#8211; mainos p\u00e4\u00e4ttyy<\/p>\n<p class=\"ew-body\">Hyrynsalmella toteutettiin kuluvan syksyn aikana kuntalaiskysely.<\/p>\n<p class=\"ew-body\">Vastausten m\u00e4\u00e4r\u00e4 oli merkitt\u00e4v\u00e4sti suurempi kuin aiemmin vastaavissa kyselyiss\u00e4. Kunnanjohtaja <strong id=\"strong-e76ce5bf2bb00e2bcbd88c7ceaa9e15e\">Jouni Ponnikas<\/strong> on erityisen ilahtunut siit\u00e4, ett\u00e4 my\u00f6s nuoret olivat hyvin edustettuina.<\/p>\n<p class=\"ew-body\">Kyselyn tulokset tarjoavat arvokkaan lis\u00e4n kuntalais<\/p>\n<p>  <a class=\"btn btn-secondary btn-icon-left\" href=\"#coral_thread\"><br \/>\n    <img decoding=\"async\" src=\"https:\/\/www.ylakainuu.fi\/wp-content\/themes\/hilla-theme\/assets\/img\/icon_comments.svg\" alt=\"\"\/><br \/>\n    Kommentoi<br \/>\n    \u00a0(0)<br \/>\n  <\/a><\/p>\n<p>  <a class=\"btn btn-secondary btn-icon-left mailto_web\" href=\"mailto:?subject=Ilmoita%20asiavirheest%C3%A4&amp;body=Otsikko%3A%20Hyrynsalmen%20kuntalaiskysely%20sai%20enn%C3%A4tysm%C3%A4%C3%A4r%C3%A4n%20vastauksia%0AUuid%3A%202f013452-cc9c-47b1-826b-e00c960ca1a0%0AUrl%3A%20https%3A%2F%2Fwww.ylakainuu.fi%2Fartikkeli%2Fhyrynsalmen-kuntalaiskysely-sai-ennatysmaaran-vastauksia\"><br \/>\n    <img decoding=\"async\" src=\"https:\/\/www.ylakainuu.fi\/wp-content\/themes\/hilla-theme\/assets\/img\/icon_feedback.svg\" alt=\"\"\/><br \/>\n    Ilmoita asiavirheest\u00e4<br \/>\n  <\/a><\/p>\n","protected":false},"excerpt":{"rendered":"Paikallisuutiset Hyrynsalmen kunnan mukaan kuntalaiskysely ja kuntalaisilta saatu palaute osoittavat, ett\u00e4 Hyrynsalmella on laaja kiinnostus kunnan kehitt\u00e4miseen ja&hellip;\n","protected":false},"author":2,"featured_media":127422,"comment_status":"","ping_status":"","sticky":false,"template":"","format":"standard","meta":{"footnotes":""},"categories":[76],"tags":[79,77,33,31,30,32,78],"class_list":{"0":"post-127421","1":"post","2":"type-post","3":"status-publish","4":"format-standard","5":"has-post-thumbnail","7":"category-talous","8":"tag-business","9":"tag-economy","10":"tag-fi","11":"tag-finland","12":"tag-finnish","13":"tag-suomi","14":"tag-talous"},"share_on_mastodon":{"url":"https:\/\/pubeurope.com\/@fi\/115793977080925867","error":""},"_links":{"self":[{"href":"https:\/\/www.europesays.com\/fi\/wp-json\/wp\/v2\/posts\/127421","targetHints":{"allow":["GET"]}}],"collection":[{"href":"https:\/\/www.europesays.com\/fi\/wp-json\/wp\/v2\/posts"}],"about":[{"href":"https:\/\/www.europesays.com\/fi\/wp-json\/wp\/v2\/types\/post"}],"author":[{"embeddable":true,"href":"https:\/\/www.europesays.com\/fi\/wp-json\/wp\/v2\/users\/2"}],"replies":[{"embeddable":true,"href":"https:\/\/www.europesays.com\/fi\/wp-json\/wp\/v2\/comments?post=127421"}],"version-history":[{"count":0,"href":"https:\/\/www.europesays.com\/fi\/wp-json\/wp\/v2\/posts\/127421\/revisions"}],"wp:featuredmedia":[{"embeddable":true,"href":"https:\/\/www.europesays.com\/fi\/wp-json\/wp\/v2\/media\/127422"}],"wp:attachment":[{"href":"https:\/\/www.europesays.com\/fi\/wp-json\/wp\/v2\/media?parent=127421"}],"wp:term":[{"taxonomy":"category","embeddable":true,"href":"https:\/\/www.europesays.com\/fi\/wp-json\/wp\/v2\/categories?post=127421"},{"taxonomy":"post_tag","embeddable":true,"href":"https:\/\/www.europesays.com\/fi\/wp-json\/wp\/v2\/tags?post=127421"}],"curies":[{"name":"wp","href":"https:\/\/api.w.org\/{rel}","templated":true}]}}