{"id":127423,"date":"2025-12-27T22:50:13","date_gmt":"2025-12-27T22:50:13","guid":{"rendered":"https:\/\/www.europesays.com\/fi\/127423\/"},"modified":"2025-12-27T22:50:13","modified_gmt":"2025-12-27T22:50:13","slug":"ukrainan-puolella-taistellut-kiistanalainen-venalainen-kuoli-uutisia-lyhyesti","status":"publish","type":"post","link":"https:\/\/www.europesays.com\/fi\/127423\/","title":{"rendered":"Ukrainan puolella taistellut kiistanalainen ven\u00e4l\u00e4inen kuoli | Uutisia lyhyesti"},"content":{"rendered":"<p class=\"aw-1gybjub aw-5vja16 kEtdKx kmuxyA yle__article__paragraph\">Saksan viranomaiset luokittelivat Denis Kapustinin uusnatsiksi.<\/p>\n<p><img decoding=\"async\" alt=\"Ven\u00e4j\u00e4n vapaaehtoisjoukkojen komentaja Denis Kapustin sotilaiden ymp\u00e4r\u00f6im\u00e4n\u00e4.\" src=\"https:\/\/www.europesays.com\/fi\/wp-content\/uploads\/2025\/12\/39-1119205646e4eb36d383.jpeg\" class=\"aw-1l9m598 hKVVvP\"\/><\/p>\n<p>Avaa kuvien katselu<\/p>\n<p>Kapustin kuvattiin Harkovan alueella toukokuussa 2023. Kuva: Sergey Kozlov \/ EPA<\/p>\n<p class=\"aw-1gybjub aw-1p7kakr kEtdKx cEmitX yle__article__paragraph\">Ukrainan armeijan riveiss\u00e4 taistellut ven\u00e4l\u00e4inen <strong class=\"aw-ak79eh KyCXm yle__article__strong\">Denis Kapustin<\/strong> on kuollut. Asiasta uutisoi muun muassa <a class=\"aw-iao6s4 iHOxEa yle__article__link\" href=\"https:\/\/www.kyivpost.com\/post\/67022\" role=\"link\" rel=\"nofollow noopener\" target=\"_blank\">Kyiv Post -lehti<\/a>.<\/p>\n<p class=\"aw-1gybjub aw-1p7kakr kEtdKx cEmitX yle__article__paragraph\">Kapustin, 41, johti ven\u00e4l\u00e4isist\u00e4 vapaaehtoisista koostuvaa, presidentti <strong class=\"aw-ak79eh KyCXm yle__article__strong\">Vladimir Putinia<\/strong> vastustavaa RDK-ryhm\u00e4\u00e4 (Russkiy dobrovolcheskiy korpus).<\/p>\n<p class=\"aw-1gybjub aw-1p7kakr kEtdKx cEmitX yle__article__paragraph\">Kyiv Postin mukaan Kapustin sai surmansa Ven\u00e4j\u00e4n drooni-iskussa Zapori\u017e\u017ejan alueella lauantaina. RDK <a class=\"aw-iao6s4 iHOxEa yle__article__link\" href=\"https:\/\/x.com\/rvc_army_eng\/status\/2004838710668657073?s=20\" role=\"link\" rel=\"nofollow\">kirjoittaa viestipalvelu X:ss\u00e4<\/a>, ett\u00e4 yksityiskohdat julkistetaan my\u00f6hemmin.<\/p>\n<p class=\"aw-1gybjub aw-1p7kakr kEtdKx cEmitX yle__article__paragraph\">RDK teki yhden ensimm\u00e4isist\u00e4 iskuistaan Ven\u00e4j\u00e4n alueelle vuonna 2023. Sen j\u00e4lkeen Kapustin puhui ajatuksistaan lehdist\u00f6tilaisuudessa.<\/p>\n<p class=\"aw-1gybjub aw-1p7kakr kEtdKx cEmitX yle__article__paragraph\">\u2013 Haluan todistaa, ett\u00e4 tyrannia vastaan on mahdollista taistella. Ett\u00e4 Putinin valta ei ole rajatonta, h\u00e4n sanoi tuolloin Kyiv Postin mukaan.<\/p>\n<p>Kiisti olevansa uusnatsi<\/p>\n<p class=\"aw-1gybjub aw-1p7kakr kEtdKx cEmitX yle__article__paragraph\">Kapustin tunnettiin ristiriitaisena hahmona.<\/p>\n<p class=\"aw-1gybjub aw-1p7kakr kEtdKx cEmitX yle__article__paragraph\">Moskovassa syntynyt Kapustin muutti vanhempiensa mukana 2000-luvun alussa Saksaan. Siell\u00e4 h\u00e4n liikkui \u00e4\u00e4rioikeistolaisissa piireiss\u00e4 ja riehui v\u00e4kivaltaisten jalkapallohuligaanien kanssa.<\/p>\n<p class=\"aw-1gybjub aw-1p7kakr kEtdKx cEmitX yle__article__paragraph\">Saksan viranomaiset pitiv\u00e4t Kapustinia uusnatsina. H\u00e4n itse kiisti leiman, vaikka my\u00f6nsikin <a class=\"aw-iao6s4 iHOxEa yle__article__link\" href=\"https:\/\/www.politico.eu\/article\/the-good-the-bad-and-the-ugly-of-the-ukraine-war\/\" role=\"link\" rel=\"nofollow noopener\" target=\"_blank\">Politico-lehdelle tasapainoilevansa veitsenter\u00e4ll\u00e4<\/a>.<\/p>\n<p class=\"aw-1gybjub aw-1p7kakr kEtdKx cEmitX yle__article__paragraph\">My\u00f6hemmin Kapustin palasi Ven\u00e4j\u00e4lle. Ukrainassa h\u00e4nen kerrotaan asuneen vuodesta 2018.<\/p>\n<p class=\"aw-1gybjub aw-1p7kakr kEtdKx cEmitX yle__article__paragraph\">Kapustinin kytk\u00f6kset \u00e4\u00e4rioikeistoon ovat olleet hunajaa Ven\u00e4j\u00e4n propagandakoneistolle ja erityisesti Putinille, joka on osin perustellut hy\u00f6kk\u00e4yst\u00e4\u00e4n Ukrainaan sill\u00e4, ett\u00e4 maa pit\u00e4\u00e4 puhdistaa natseista.<\/p>\n","protected":false},"excerpt":{"rendered":"Saksan viranomaiset luokittelivat Denis Kapustinin uusnatsiksi. Avaa kuvien katselu Kapustin kuvattiin Harkovan alueella toukokuussa 2023. Kuva: Sergey Kozlov&hellip;\n","protected":false},"author":2,"featured_media":127424,"comment_status":"","ping_status":"","sticky":false,"template":"","format":"standard","meta":{"footnotes":""},"categories":[14],"tags":[22,23,26,27,33,31,30,17,24,25,28,29,15,18,21,32,19,20,549,56,16,547,987,59,60,61,14092],"class_list":{"0":"post-127423","1":"post","2":"type-post","3":"status-publish","4":"format-standard","5":"has-post-thumbnail","7":"category-ulkomaat","8":"tag-breaking-news","9":"tag-breakingnews","10":"tag-featured-news","11":"tag-featurednews","12":"tag-fi","13":"tag-finland","14":"tag-finnish","15":"tag-headlines","16":"tag-latest-news","17":"tag-latestnews","18":"tag-main-news","19":"tag-mainnews","20":"tag-news","21":"tag-otsikot","22":"tag-paauutiset","23":"tag-suomi","24":"tag-top-stories","25":"tag-topstories","26":"tag-ukrainan-sota","27":"tag-ulkomaat","28":"tag-uutiset","29":"tag-venaja","30":"tag-venajan-hyokkays","31":"tag-world","32":"tag-world-news","33":"tag-worldnews","34":"tag-zaporizzjan-alue"},"share_on_mastodon":{"url":"https:\/\/pubeurope.com\/@fi\/115793980649057836","error":""},"_links":{"self":[{"href":"https:\/\/www.europesays.com\/fi\/wp-json\/wp\/v2\/posts\/127423","targetHints":{"allow":["GET"]}}],"collection":[{"href":"https:\/\/www.europesays.com\/fi\/wp-json\/wp\/v2\/posts"}],"about":[{"href":"https:\/\/www.europesays.com\/fi\/wp-json\/wp\/v2\/types\/post"}],"author":[{"embeddable":true,"href":"https:\/\/www.europesays.com\/fi\/wp-json\/wp\/v2\/users\/2"}],"replies":[{"embeddable":true,"href":"https:\/\/www.europesays.com\/fi\/wp-json\/wp\/v2\/comments?post=127423"}],"version-history":[{"count":0,"href":"https:\/\/www.europesays.com\/fi\/wp-json\/wp\/v2\/posts\/127423\/revisions"}],"wp:featuredmedia":[{"embeddable":true,"href":"https:\/\/www.europesays.com\/fi\/wp-json\/wp\/v2\/media\/127424"}],"wp:attachment":[{"href":"https:\/\/www.europesays.com\/fi\/wp-json\/wp\/v2\/media?parent=127423"}],"wp:term":[{"taxonomy":"category","embeddable":true,"href":"https:\/\/www.europesays.com\/fi\/wp-json\/wp\/v2\/categories?post=127423"},{"taxonomy":"post_tag","embeddable":true,"href":"https:\/\/www.europesays.com\/fi\/wp-json\/wp\/v2\/tags?post=127423"}],"curies":[{"name":"wp","href":"https:\/\/api.w.org\/{rel}","templated":true}]}}