{"id":127429,"date":"2025-12-27T23:04:18","date_gmt":"2025-12-27T23:04:18","guid":{"rendered":"https:\/\/www.europesays.com\/fi\/127429\/"},"modified":"2025-12-27T23:04:18","modified_gmt":"2025-12-27T23:04:18","slug":"elamani-biisi-tommy-frantin-koskettava-tarina-lapsuudestaan","status":"publish","type":"post","link":"https:\/\/www.europesays.com\/fi\/127429\/","title":{"rendered":"El\u00e4m\u00e4ni biisi: Tommy Fr\u00e4ntin koskettava tarina lapsuudestaan"},"content":{"rendered":"<p>\n            20250918 HELSINKI. RYMY-EETU. Tommy Fr\u00e4nti. KUVA: ATTE KAJOVA<br \/>\n            Atte Kajova\n        <\/p>\n<p class=\"subtitle \">El\u00e4m\u00e4ni biisin klassisen musiikin erikoisjaksossa Tommy Fr\u00e4nti tekee my\u00f6s treffipaljastuksen.<\/p>\n<p class=\"article-content article-content-width !bg-background\">El\u00e4m\u00e4ni biisi -ohjelmasta lauantaina 27.12. n\u00e4ht\u00e4v\u00e4ss\u00e4 klassisen musiikin erikoisjaksossa kuullaan vieraana olevan uutistenlukijan  romanttinen paljastus.<\/p>\n<p class=\"font-weight-bold m-font-weight-bold article-content article-content-width !bg-background\">Video: Diandra kertoo El\u00e4m\u00e4ni biisin tekemisest\u00e4.<\/p>\n<p class=\"article-content article-content-width !bg-background\">Juontaja  kysyess\u00e4, mik\u00e4 on Tommyn suhde klassiseen musiikkiin, tulee vastaus nopeasti.<\/p>\n<p class=\"article-content article-content-width !bg-background\">\u2013\u00a0L\u00e4heinen ja l\u00e4mmin. Ehk\u00e4 siit\u00e4 jotakin kertoo se, ett\u00e4 aika pian sen j\u00e4lkeen kun olin tavannut rakkaan vaimoni , kysyin tykk\u00e4\u00e4k\u00f6 h\u00e4n klassisesta musiikista. H\u00e4n sanoi, ett\u00e4 h\u00e4n rakastaa klassista musiikkia. Niinp\u00e4 uskalsin pyyt\u00e4\u00e4 h\u00e4net treffeille t\u00e4nne Musiikkitaloon RSO:n konserttiin.\u00a0<\/p>\n<p>        <a itemprop=\"url\" href=\"https:\/\/www.seiska.fi\/kotimaa\/huoli-herasi-diandrasta-1\/2022983\" rel=\"nofollow noopener\" target=\"_blank\"><\/p>\n<p>\nDiandra\n<\/p>\n<p class=\"section-date\">\n        <strong class=\"article-section\" data-section=\"kotimaa\"><br \/>\n            kotimaa<br \/>\n        <\/strong><br \/>\n        16.12. 09:31\n    <\/p>\n<p>Huoli her\u00e4si Diandrasta\n    <\/p>\n<p itemprop=\"description\" class=\"subtitle \">\n    Diandran keikkatahti on p\u00e4\u00e4t\u00e4huimaava.\n<\/p>\n<p>        <\/a><\/p>\n<p>                <img decoding=\"async\" src=\"https:\/\/www.europesays.com\/fi\/wp-content\/uploads\/2025\/12\/2029177.webp\" width=\"576\" height=\"274\" title=\"Tommi Fra\u0308nti (vas.), Raakel Lignell, Sampo Marjomaa, Anna-Mari Ka\u0308ha\u0308ra\u0308 ja Lenni-Kalle Taipale ovat mukana El\u00e4m\u00e4ni biisin erikoisjaksossa.\" alt=\"Tommi Fra\u0308nti, Raakel Lignell, Sampo Marjomaa, Anna-Mari Ka\u0308ha\u0308ra\u0308 ja Lenni-Kalle Taipale poseeraavat kameralle.\" loading=\"lazy\" \/>            <\/p>\n<p>\n            Tommi Fra\u0308nti (vas.), Raakel Lignell, Sampo Marjomaa, Anna-Mari Ka\u0308ha\u0308ra\u0308 ja Lenni-Kalle Taipale ovat mukana El\u00e4m\u00e4ni biisin erikoisjaksossa.<br \/>\n            Atte Malaska\/Yle\n        <\/p>\n<p class=\"article-content article-content-width !bg-background\"> \u2013 Ja tuolla katsomossa h\u00e4n istuu t\u00e4n\u00e4kin iltana, Tommy viittaa kohti jakson kuvauspaikkana toimivan Helsingin Musiikkitalon katsomoa.<\/p>\n<p class=\"article-content article-content-width !bg-background\">My\u00f6hemmin samassa ohjelmassa siirryt\u00e4\u00e4n vakavampiin tunnelmiin, kun Tommy kertoo lapsuudestaan.<\/p>\n<p class=\"article-content article-content-width !bg-background\">\u2013 Olin aika ujo poika. Monesta syyst\u00e4. Viulusta tuli minulle semmoinen turvasatama, viulunsoiton 8-vuotiaana aloittanut Tommy kertoo.<\/p>\n<p class=\"article-content article-content-width !bg-background\">\u2013\u00a0Viulusta tuli minulle ihan oma maailma. Kotini oli vanhempieni ongelmien takia aika turvaton paikka. Kun soitin viulua, p\u00e4\u00e4sin johonkin paikkaan, jota kukaan ei voinut rikkoa.<\/p>\n<p>        <a itemprop=\"url\" href=\"https:\/\/www.seiska.fi\/katso\/elamani-biisi-saa-jatkoa-katsojilta-selkea-vaatimus\/1994764\" rel=\"nofollow noopener\" target=\"_blank\"><\/p>\n<p>\nEl\u00e4m\u00e4ni biisi jatkuu\n<\/p>\n<p class=\"section-date\">\n        <strong class=\"article-section\" data-section=\"katso\"><br \/>\n            katso<br \/>\n        <\/strong><br \/>\n        17.11. 12:15\n    <\/p>\n<p>El\u00e4m\u00e4ni biisi saa jatkoa \u2013 katsojilta selke\u00e4 vaatimus\n    <\/p>\n<p itemprop=\"description\" class=\"subtitle \">\n    El\u00e4m\u00e4ni biisi -ohjelma sai p\u00e4\u00e4t\u00f6ksens\u00e4 suorien l\u00e4hetysten osalta, mutta luvassa on viel\u00e4 kolme erikoisl\u00e4hetyst\u00e4. 16. marraskuuta tiedotettiin, ett\u00e4 ohjelma saa jatkoa my\u00f6s ensi vuonna. Uutisen my\u00f6t\u00e4 somessa alkoi kuhista.\n<\/p>\n<p>        <\/a><\/p>\n<p>L\u00e4mpimi\u00e4 sanoja viuluopettajasta<\/p>\n<p class=\"article-content article-content-width !bg-background\">Tommy sanoo viulunsoitonopettajansa olleen h\u00e4nelle sellainen turvallinen aikuinen, jota h\u00e4n kaipasi.<\/p>\n<p class=\"article-content article-content-width !bg-background\">\u2013\u00a0Jos viulu oli mulle turvasatama, niin toinen turvasatama oli\u00a0 viulunsoitonopettaja . Iloinen, mahtava mies Karjalasta. H\u00e4n oli semmoinen pelimannityyppi, ett\u00e4 h\u00e4n soitti melkein mit\u00e4 tahansa.<\/p>\n<p>                <img loading=\"lazy\" decoding=\"async\" src=\"https:\/\/www.europesays.com\/fi\/wp-content\/uploads\/2025\/12\/2029686.webp\" width=\"576\" height=\"274\" title=\"Tommy Fr\u00e4nti opiskeli 8-vuotiaasta alkaen viulunsoittoa. Kuvassa my\u00f6s 14-vuotias viulunsoittaja Lilja Haatainen.\" alt=\"Tommy Fr\u00e4nti istuu sohvalla. Keskell\u00e4 kuvaa viulunsoittaja Lilja Haatainen.\" \/>            <\/p>\n<p>\n            Tommy Fr\u00e4nti opiskeli 8-vuotiaasta alkaen viulunsoittoa. Kuvassa my\u00f6s 14-vuotias viulunsoittaja Lilja Haatainen.<br \/>\n            Atte Malaska\/Yle\n        <\/p>\n<p>        <a itemprop=\"url\" href=\"https:\/\/www.seiska.fi\/kotimaa\/tommy-frantin-muutos-huolestuttaa-nain-han-vastaa\/2008867\" rel=\"nofollow noopener\" target=\"_blank\"><\/p>\n<p>\nHuoli her\u00e4si Tommy Fr\u00e4ntist\u00e4\n<\/p>\n<p class=\"section-date\">\n        <strong class=\"article-section\" data-section=\"kotimaa\"><br \/>\n            kotimaa<br \/>\n        <\/strong><br \/>\n        2.12. 08:56\n    <\/p>\n<p>Tommy Fr\u00e4ntin muutos huolestuttaa \u2013 n\u00e4in h\u00e4n vastaa\n    <\/p>\n<p itemprop=\"description\" class=\"subtitle \">\n    Tommylla on p\u00e4tev\u00e4t perustelut p\u00e4\u00e4t\u00f6kselleen.\n<\/p>\n<p>        <\/a><\/p>\n<p class=\"article-content article-content-width !bg-background\">Viulutunneilla l\u00e4hes puolet ajasta saattoi Tommyn mukaan kulua siihen, ett\u00e4 he juttelivat kaikesta. Niin musiikista kuin el\u00e4m\u00e4st\u00e4kin.<\/p>\n<p class=\"article-content article-content-width !bg-background\">\u2013\u00a0Karista tuli minulle todella t\u00e4rke\u00e4 aikuinen. Sellainen is\u00e4hahmo kriittisin\u00e4 teinivuosina.<\/p>\n<p class=\"article-content article-content-width !bg-background\">Tommy p\u00e4\u00e4si Sibelius-lukioon ja my\u00f6hemmin Sibelius-Akatemiaan opiskelemaan musiikinopettajaksi. Pedagogiset opinnot eiv\u00e4t kuitenkaan maistuneet ja motivation viulunsoittoon katosi. H\u00e4n ei vuoteen harjoitellut viululla, kunnes lopulta p\u00e4\u00e4tti tehd\u00e4 loppututkinnon viulunsoitossa.<\/p>\n<p class=\"article-content article-content-width !bg-background\">H\u00e4n soitti El\u00e4m\u00e4ni biisiss\u00e4 kuultavan kappaleen \u201ckauniimmin kuin koskaan\u201d. Se riitti h\u00e4nelle.<\/p>\n<p class=\"article-content article-content-width !bg-background\">\u2013\u00a0Siihen loppui minun viulunsoittoni. Siit\u00e4 on nyt 30 vuotta.<\/p>\n<p class=\"article-content article-content-width !bg-background\">\u2013\u00a0Ehk\u00e4 t\u00e4m\u00e4 tarina kertoo siit\u00e4, ett\u00e4 kaikkien matkojen ei tarvitse kest\u00e4\u00e4 l\u00e4pi el\u00e4m\u00e4n. Ne voi silti olla tosi arvokkaita. Ehk\u00e4 se oppi jonka viulu minulle antoi on se, ett\u00e4 kaiken, my\u00f6s pahan keskell\u00e4, on aina jotakin kauneutta.<\/p>\n<p class=\"article-content article-content-width !bg-background\">Tommyn kanssa El\u00e4m\u00e4ni biisi -ohjelman klassisen musiikin erikoisjaksossa n\u00e4hd\u00e4\u00e4n , ,  ja . Jakson kapellimestarina on  ja juontajana tuttuun tapaan .<\/p>\n<p class=\"italic m-italic article-content article-content-width !bg-background\">El\u00e4m\u00e4ni biisin klassisen musiikin erikoisjakso Yle TV1:ss\u00e4 ja Yle Areenassa lauantaina 27.12. kello 21.00.<\/p>\n<p>        <a itemprop=\"url\" href=\"https:\/\/www.seiska.fi\/katso\/onko-han-elamani-biisin-suosikkilaulaja-fanit-alahtavat\/1991902\" rel=\"nofollow noopener\" target=\"_blank\"><\/p>\n<p>\nEl\u00e4m\u00e4ni biisi\n<\/p>\n<p class=\"section-date\">\n        <strong class=\"article-section\" data-section=\"katso\"><br \/>\n            katso<br \/>\n        <\/strong><br \/>\n        14.11. 15:15\n    <\/p>\n<p>Onko h\u00e4n El\u00e4m\u00e4ni biisin suosikkilaulaja? Fanit \u00e4l\u00e4ht\u00e4v\u00e4t\n    <\/p>\n<p itemprop=\"description\" class=\"subtitle \">\n    El\u00e4m\u00e4ni biisiss\u00e4 on toinen toistaan upeimpia laulajia. Silti yksi on edelleen ylitse muiden.\n<\/p>\n<p>        <\/a><\/p>\n","protected":false},"excerpt":{"rendered":"20250918 HELSINKI. RYMY-EETU. Tommy Fr\u00e4nti. KUVA: ATTE KAJOVA Atte Kajova El\u00e4m\u00e4ni biisin klassisen musiikin erikoisjaksossa Tommy Fr\u00e4nti tekee&hellip;\n","protected":false},"author":2,"featured_media":127430,"comment_status":"","ping_status":"","sticky":false,"template":"","format":"standard","meta":{"footnotes":""},"categories":[136],"tags":[407,2632,137,33,31,30,408,2629,3147,32,8037,109,22581,1149,913,2588],"class_list":{"0":"post-127429","1":"post","2":"type-post","3":"status-publish","4":"format-standard","5":"has-post-thumbnail","7":"category-julkkikset","8":"tag-celebrities","9":"tag-elamani-biisi","10":"tag-entertainment","11":"tag-fi","12":"tag-finland","13":"tag-finnish","14":"tag-julkkikset","15":"tag-katja-stahl","16":"tag-klassinen-musiikki","17":"tag-suomi","18":"tag-tommy-franti","19":"tag-viihde","20":"tag-viulu","21":"tag-yle","22":"tag-yle-areena","23":"tag-yle-tv1"},"share_on_mastodon":{"url":"https:\/\/pubeurope.com\/@fi\/115794035820277565","error":""},"_links":{"self":[{"href":"https:\/\/www.europesays.com\/fi\/wp-json\/wp\/v2\/posts\/127429","targetHints":{"allow":["GET"]}}],"collection":[{"href":"https:\/\/www.europesays.com\/fi\/wp-json\/wp\/v2\/posts"}],"about":[{"href":"https:\/\/www.europesays.com\/fi\/wp-json\/wp\/v2\/types\/post"}],"author":[{"embeddable":true,"href":"https:\/\/www.europesays.com\/fi\/wp-json\/wp\/v2\/users\/2"}],"replies":[{"embeddable":true,"href":"https:\/\/www.europesays.com\/fi\/wp-json\/wp\/v2\/comments?post=127429"}],"version-history":[{"count":0,"href":"https:\/\/www.europesays.com\/fi\/wp-json\/wp\/v2\/posts\/127429\/revisions"}],"wp:featuredmedia":[{"embeddable":true,"href":"https:\/\/www.europesays.com\/fi\/wp-json\/wp\/v2\/media\/127430"}],"wp:attachment":[{"href":"https:\/\/www.europesays.com\/fi\/wp-json\/wp\/v2\/media?parent=127429"}],"wp:term":[{"taxonomy":"category","embeddable":true,"href":"https:\/\/www.europesays.com\/fi\/wp-json\/wp\/v2\/categories?post=127429"},{"taxonomy":"post_tag","embeddable":true,"href":"https:\/\/www.europesays.com\/fi\/wp-json\/wp\/v2\/tags?post=127429"}],"curies":[{"name":"wp","href":"https:\/\/api.w.org\/{rel}","templated":true}]}}