{"id":127431,"date":"2025-12-27T23:11:09","date_gmt":"2025-12-27T23:11:09","guid":{"rendered":"https:\/\/www.europesays.com\/fi\/127431\/"},"modified":"2025-12-27T23:11:09","modified_gmt":"2025-12-27T23:11:09","slug":"erikoista-torttoilya-nuorten-mm-jaakiekossa-kanadan-joukkueella-monta-syyta-anteeksipyyntoihinsa-urheilua-lyhyesti","status":"publish","type":"post","link":"https:\/\/www.europesays.com\/fi\/127431\/","title":{"rendered":"Erikoista t\u00f6rtt\u00f6ily\u00e4 nuorten MM-j\u00e4\u00e4kiekossa \u2013 Kanadan joukkueella monta syyt\u00e4 anteeksi\u00adpyynt\u00f6ihins\u00e4 | Urheilua lyhyesti"},"content":{"rendered":"<p class=\"aw-1gybjub aw-5vja16 kEtdKx kmuxyA yle__article__paragraph\">Kanadan joukkue syyllistyi ep\u00e4\u00adurheilija\u00admaiseen toimintaan niin alku\u00adverryttelyss\u00e4 kuin ottelun jo ratkettua.<\/p>\n<p><img decoding=\"async\" alt=\"Kanadan kapteeni Porter Martone.\" src=\"https:\/\/www.europesays.com\/fi\/wp-content\/uploads\/2025\/12\/39-157480669504de916454.jpeg\" class=\"aw-1l9m598 hKVVvP\"\/><\/p>\n<p>Avaa kuvien katselu<\/p>\n<p>Kanadan kapteeni Porter Martone h\u00f6lm\u00f6ili j\u00e4\u00e4hyn. Kuva: Icon Sportswire \/ Getty Images<\/p>\n<p class=\"aw-1gybjub aw-1p7kakr kEtdKx cEmitX yle__article__paragraph\">J\u00e4\u00e4kiekon nuorten MM-kisat j\u00e4rjestet\u00e4\u00e4n Yhdysvaltain St. Paulissa ja Minneapolisissa 26.12.2025 \u2013 5.1.2026. Yle seuraa tapahtumia Yle-sovelluksessa, Urheiluruudussa ja Urheiluradiossa.<\/p>\n<p class=\"aw-1gybjub aw-1p7kakr kEtdKx cEmitX yle__article__paragraph\">Kanadan ja T\u0161ekin kohtaamisesta j\u00e4\u00e4kiekon nuorten MM-kisoissa ei tapahtumia ja tunnetta puuttunut.<\/p>\n<p class=\"aw-1gybjub aw-1p7kakr kEtdKx cEmitX yle__article__paragraph\">Kanada on 20-kertainen nuorten maailmanmestari, mutta kahtena edellisvuotena juuri T\u0161ekki pudotti sen puoliv\u00e4lieriss\u00e4. Nyt Kanada onnistui vaivoin kaatamaan sitke\u00e4n T\u0161ekin maali-ilottelussa 7\u20135.<\/p>\n<p class=\"aw-1gybjub aw-1p7kakr kEtdKx cEmitX yle__article__paragraph\">Ottelun j\u00e4lkeen on pesty j\u00e4lkipyykki\u00e4, sill\u00e4 ensinn\u00e4kin Kanadan joukkue poistui voittonsa ja kansallislaulun j\u00e4lkeen k\u00e4ttelem\u00e4tt\u00e4 vastustajaansa.<\/p>\n<p class=\"aw-1gybjub aw-1p7kakr kEtdKx cEmitX yle__article__paragraph\">Kanadan j\u00e4\u00e4kiekkoliitto otti vastuun ja esitti anteeksipyynn\u00f6n. Tiedotteensa mukaan liitto on pyyt\u00e4nyt anteeksi joukkueeltaan, T\u0161ekin j\u00e4\u00e4kiekkoliitolta ja Kansainv\u00e4liselt\u00e4 j\u00e4\u00e4kiekkoliitolta.<\/p>\n<p class=\"aw-1gybjub aw-1p7kakr kEtdKx cEmitX yle__article__paragraph\">Pohjois-Amerikan sarjoissa ei yleens\u00e4 k\u00e4tell\u00e4 jokaisen ottelun j\u00e4lkeen. Esimerkiksi NHL:ss\u00e4 k\u00e4tell\u00e4\u00e4n vain pudotuspelisarjojen ratkettua.<\/p>\n<p class=\"aw-1gybjub aw-1p7kakr kEtdKx cEmitX yle__article__paragraph\">Kanadan p\u00e4\u00e4valmentaja <strong class=\"aw-ak79eh KyCXm yle__article__strong\">Dale Hunter<\/strong> <a class=\"aw-iao6s4 iHOxEa yle__article__link\" href=\"https:\/\/www.tsn.ca\/world-juniors\/article\/martone-apologizes-for-tapping-czechia-player-after-empty-net-goal-in-world-junior-opener\/\" role=\"link\" rel=\"nofollow noopener\" target=\"_blank\">sanoi TSN:lle<\/a>, ettei tiennyt, ett\u00e4 kansainv\u00e4lisiss\u00e4 otteluissa k\u00e4tell\u00e4\u00e4n jokaisen ottelun j\u00e4lkeen.<\/p>\n<p class=\"aw-1gybjub aw-1p7kakr kEtdKx cEmitX yle__article__paragraph\">\u2013 Tied\u00e4t jotakin, mit\u00e4 min\u00e4 en tiennyt. Mutta nyt tied\u00e4n, joten Latviaa vastaan k\u00e4ttelemme, ja pyyd\u00e4n anteeksi t\u0161ekeilt\u00e4, Hunter kommentoi.<\/p>\n<p class=\"aw-1gybjub aw-1p7kakr kEtdKx cEmitX yle__article__paragraph\">Kanada kohtaa toisessa MM-ottelussaan Latvian. Ottelu alkaa lauantaina Suomen aikaa kello 23.30.<\/p>\n<p class=\"aw-1gybjub aw-1p7kakr kEtdKx cEmitX yle__article__paragraph\">Jo ennen ottelua kanadalaiset yrittiv\u00e4t p\u00e4\u00e4st\u00e4 vastustajiensa p\u00e4\u00e4n sis\u00e4\u00e4n. Useampi pelaaja k\u00e4vi t\u00f6rkkim\u00e4ss\u00e4 t\u0161ekkil\u00e4isi\u00e4 alkuverryttelyn aikana keskiviivan v\u00e4\u00e4r\u00e4ll\u00e4 puolella.<\/p>\n<p class=\"aw-1gybjub aw-1p7kakr kEtdKx cEmitX yle__article__paragraph\">T\u00e4llaiseen syyllistyi esimerkiksi <strong class=\"aw-ak79eh KyCXm yle__article__strong\">Zayne Parekh<\/strong>, joka on pelannut jo Calgaryn riveiss\u00e4 NHL:ss\u00e4.<\/p>\n<p class=\"aw-1gybjub aw-1p7kakr kEtdKx cEmitX yle__article__paragraph\">Ottelussa Parekh teki kaksi maalia. H\u00e4nest\u00e4 tuli sitten vuoden 2010 ja <strong class=\"aw-ak79eh KyCXm yle__article__strong\">Erik Gudbransonin<\/strong> ensimm\u00e4inen kanadalaispakki, joka viimeisteli enemm\u00e4n kuin yhden maalin U20-MM-ottelussa.<\/p>\n<p class=\"aw-1gybjub aw-1p7kakr kEtdKx cEmitX yle__article__paragraph\">Kanadan kapteeni <strong class=\"aw-ak79eh KyCXm yle__article__strong\">Porter Martone<\/strong> viimeisteli Kanadan voiton tyhj\u00e4\u00e4n maaliin. Sen j\u00e4lkeen h\u00e4n jostain syyst\u00e4 l\u00e4ps\u00e4isi <strong class=\"aw-ak79eh KyCXm yle__article__strong\">Adam Novotnya<\/strong> takapuoleen luistellessaan vaihtopenkille.<\/p>\n<p class=\"aw-1gybjub aw-1p7kakr kEtdKx cEmitX yle__article__paragraph\">Martone sai j\u00e4\u00e4hyn ep\u00e4urheilijamaisesta k\u00e4yt\u00f6ksest\u00e4.<\/p>\n<p class=\"aw-1gybjub aw-1p7kakr kEtdKx cEmitX yle__article__paragraph\">My\u00f6s Martone esitti anteeksipyynt\u00f6ns\u00e4. H\u00e4n kertoi sortuneensa ottelun lopussa toimintaan, jollaista on mahdotonta hyv\u00e4ksy\u00e4.<\/p>\n<p class=\"aw-1gybjub aw-1p7kakr kEtdKx cEmitX yle__article__paragraph\">Philadelphia Flyersin lupaus kertoi olevansa pelaaja, joka tykk\u00e4\u00e4 menn\u00e4 harmaalle alueelle, mutta nyt h\u00e4n ylitti rajan.<\/p>\n<p class=\"aw-1gybjub aw-1p7kakr kEtdKx cEmitX yle__article__paragraph\">\u2013 Joukkueen kapteenina, t\u00e4m\u00e4n joukkueen johtajana, t\u00e4m\u00e4 oli vain huono esimerkki muille. Se oli oppimiskokemus. Nyt se on menneisyytt\u00e4, mutta kyll\u00e4, otan t\u00e4yden vastuun.<\/p>\n<p class=\"aw-1gybjub aw-1p7kakr kEtdKx cEmitX yle__article__paragraph\">\u2013 Heid\u00e4n on vain pidett\u00e4v\u00e4 tunteensa kurissa, p\u00e4\u00e4valmentaja Hunter opasti.<\/p>\n<p class=\"aw-1gybjub aw-1p7kakr kEtdKx cEmitX yle__article__paragraph\">L\u00e4hteet: <a class=\"aw-iao6s4 iHOxEa yle__article__link\" href=\"https:\/\/www.tsn.ca\/world-juniors\/article\/martone-apologizes-for-tapping-czechia-player-after-empty-net-goal-in-world-junior-opener\/\" role=\"link\" rel=\"nofollow noopener\" target=\"_blank\">TSN<\/a>, <a class=\"aw-iao6s4 iHOxEa yle__article__link\" href=\"https:\/\/www.sportsnet.ca\/world-juniors\/article\/canada-apologizes-for-not-shaking-hands-with-czechia\/\" role=\"link\" rel=\"nofollow noopener\" target=\"_blank\">Sportsnet<\/a><\/p>\n","protected":false},"excerpt":{"rendered":"Kanadan joukkue syyllistyi ep\u00e4\u00adurheilija\u00admaiseen toimintaan niin alku\u00adverryttelyss\u00e4 kuin ottelun jo ratkettua. Avaa kuvien katselu Kanadan kapteeni Porter Martone&hellip;\n","protected":false},"author":2,"featured_media":127432,"comment_status":"","ping_status":"","sticky":false,"template":"","format":"standard","meta":{"footnotes":""},"categories":[158],"tags":[33,31,30,1143,22107,22582,2127,159,32,22583,160],"class_list":{"0":"post-127431","1":"post","2":"type-post","3":"status-publish","4":"format-standard","5":"has-post-thumbnail","7":"category-urheilu","8":"tag-fi","9":"tag-finland","10":"tag-finnish","11":"tag-jaakiekko","12":"tag-jaakiekon-nuorten-mm-kisat","13":"tag-kanadan-alle-20-vuotiaiden-jaakiekkomaajoukkue","14":"tag-pohjois-amerikan-jaakiekko","15":"tag-sports","16":"tag-suomi","17":"tag-tsekin-alle-20-vuotiaiden-jaakiekkomaajoukkue","18":"tag-urheilu"},"share_on_mastodon":{"url":"https:\/\/pubeurope.com\/@fi\/115794063541453084","error":""},"_links":{"self":[{"href":"https:\/\/www.europesays.com\/fi\/wp-json\/wp\/v2\/posts\/127431","targetHints":{"allow":["GET"]}}],"collection":[{"href":"https:\/\/www.europesays.com\/fi\/wp-json\/wp\/v2\/posts"}],"about":[{"href":"https:\/\/www.europesays.com\/fi\/wp-json\/wp\/v2\/types\/post"}],"author":[{"embeddable":true,"href":"https:\/\/www.europesays.com\/fi\/wp-json\/wp\/v2\/users\/2"}],"replies":[{"embeddable":true,"href":"https:\/\/www.europesays.com\/fi\/wp-json\/wp\/v2\/comments?post=127431"}],"version-history":[{"count":0,"href":"https:\/\/www.europesays.com\/fi\/wp-json\/wp\/v2\/posts\/127431\/revisions"}],"wp:featuredmedia":[{"embeddable":true,"href":"https:\/\/www.europesays.com\/fi\/wp-json\/wp\/v2\/media\/127432"}],"wp:attachment":[{"href":"https:\/\/www.europesays.com\/fi\/wp-json\/wp\/v2\/media?parent=127431"}],"wp:term":[{"taxonomy":"category","embeddable":true,"href":"https:\/\/www.europesays.com\/fi\/wp-json\/wp\/v2\/categories?post=127431"},{"taxonomy":"post_tag","embeddable":true,"href":"https:\/\/www.europesays.com\/fi\/wp-json\/wp\/v2\/tags?post=127431"}],"curies":[{"name":"wp","href":"https:\/\/api.w.org\/{rel}","templated":true}]}}