{"id":127433,"date":"2025-12-27T23:12:19","date_gmt":"2025-12-27T23:12:19","guid":{"rendered":"https:\/\/www.europesays.com\/fi\/127433\/"},"modified":"2025-12-27T23:12:19","modified_gmt":"2025-12-27T23:12:19","slug":"illalla-tvssa-lutuinen-ja-lamminhenkinen-komediaklassikko-leffan-nettisivut-elivat-verkossa-yli-20-vuotta","status":"publish","type":"post","link":"https:\/\/www.europesays.com\/fi\/127433\/","title":{"rendered":"Illalla tv:ss\u00e4: Lutuinen ja l\u00e4mminhenkinen komediaklassikko \u2013 leffan nettisivut eliv\u00e4t verkossa yli 20 vuotta"},"content":{"rendered":"<p>Illan tv-tarjonnassa hemmotellaan romanttisen komedian yst\u00e4vi\u00e4, kun esitysvuorossa on elokuva Sinulle on postia (1998).<\/p>\n<p>Elokuvan ilmestymisen aikaan s\u00e4hk\u00f6posti oli viel\u00e4 monille uusi ja kiehtova ilmi\u00f6, ja juuri t\u00e4m\u00e4 tuore tapa pit\u00e4\u00e4 yhteytt\u00e4 on tarinan ytimess\u00e4. Kaksi toisilleen tuntematonta ihmist\u00e4 k\u00e4y vilkasta ja henkil\u00f6kohtaista viestinvaihtoa verkossa, ilman aavistustakaan siit\u00e4, keit\u00e4 he oikeasti ovat.<\/p>\n<p>V\u00e4hitellen todelliset henkil\u00f6llisyydet alkavat paljastua, ja edess\u00e4 on romanttisia v\u00e4\u00e4rink\u00e4sityksi\u00e4, kevytt\u00e4 huumoria ja l\u00e4mminhenkist\u00e4 tunnelmaa. Elokuva leikittelee ajatuksella siit\u00e4, miten yhteys voi synty\u00e4 jo ennen kuin kasvot tulevat tutuiksi.<\/p>\n<p>N\u00e4yttelij\u00f6in\u00e4 <strong>Tom Hanks<\/strong>, <strong>Meg Ryan<\/strong>, <strong>Greg Kinnear<\/strong>, <strong>Parker Posey<\/strong>, <strong>Heather Burns<\/strong>, <strong>Steve Zahn<\/strong> sek\u00e4 <strong>Dave Chappelle<\/strong>. Ohjauksesta vastaa <strong>Nora Ephron<\/strong>.<\/p>\n<p><img loading=\"lazy\" height=\"675\" width=\"1200\" class=\"wp-image-192962 sp-no-webp perfmatters-lazy\" alt=\"\" decoding=\"async\" src=\"https:\/\/www.europesays.com\/fi\/wp-content\/uploads\/2025\/08\/youvegotmail1.jpg\"  data-\/> <\/p>\n<p>Lue my\u00f6s: <a href=\"https:\/\/www.episodi.fi\/uutiset\/wes-andersonin-uusin-leffa-tuli-suoratoistoon-tempaa-katsojan-varikkaiden-hahmojen-maailmaan\/\" title=\"Wes Andersonin uusin leffa tuli suoratoistoon \u2013 del Toro teki p\u00e4\u00e4t\u00f6ksen luettuaan ensimm\u00e4isen kohtauksen\" class=\"underline-custom !font-montserrat !font-bold !underline-offset-4 !decoration-4 !decoration-episodi-blue !text-md\" rel=\"nofollow noopener\" target=\"_blank\">Wes Andersonin uusin leffa tuli suoratoistoon \u2013 del Toro teki p\u00e4\u00e4t\u00f6ksen luettuaan ensimm\u00e4isen kohtauksen<\/a><\/p>\n<p>Kaikki Joen ja Kathleenin s\u00e4hk\u00f6postit tallennettiin elokuvan viralliselle verkkosivustolle, jonka Warner Bros piti toiminnassa 10. toukokuuta 2018 saakka.<\/p>\n<p>Mainittakoon viel\u00e4, ett\u00e4 rooliin valmistautuessaan Meg Ryan ja Heather Burns ty\u00f6skenteliv\u00e4t viikon newyorkilaisessa kirjakaupassa. Se sijaitsi Manhattanilla ja oli nimelt\u00e4\u00e4n Books of Wonder. Alla traileri.<\/p>\n<p>Tulevat l\u00e4hetykset:<\/p>\n<ul class=\"wp-block-list\">\n<li>La 27.12.2025 klo 18.50 \u00b7 Frii<\/li>\n<\/ul>\n<p>Lue my\u00f6s: <a href=\"https:\/\/www.episodi.fi\/uutiset\/tiesitko-tata-koomikkolegenda-kieltaytyi-roolista-tom-hanksin-rinnalla-uran-suurin-virhe\/\" title=\"Tiesitk\u00f6 t\u00e4t\u00e4? Koomikkolegenda kielt\u00e4ytyi roolista Tom Hanksin rinnalla \u2013 uran suurin virhe\" class=\"underline-custom !font-montserrat !font-bold !underline-offset-4 !decoration-4 !decoration-episodi-blue !text-md\" rel=\"nofollow noopener\" target=\"_blank\">Tiesitk\u00f6 t\u00e4t\u00e4? Koomikkolegenda kielt\u00e4ytyi roolista Tom Hanksin rinnalla \u2013 uran suurin virhe<\/a><\/p>\n<p>Lue my\u00f6s: <a href=\"https:\/\/www.episodi.fi\/uutiset\/nyt-netflixissa-taydellinen-viihdeplajays-ohjaaja-tosin-pohti-tom-hanksin-sopivuutta-rooliin\/\" title=\"Nyt Netflixiss\u00e4: T\u00e4ydellinen viihdepl\u00e4j\u00e4ys \u2013 ohjaaja tosin pohti Tom Hanksin sopivuutta rooliin\" class=\"underline-custom !font-montserrat !font-bold !underline-offset-4 !decoration-4 !decoration-episodi-blue !text-md\" rel=\"nofollow noopener\" target=\"_blank\">Nyt Netflixiss\u00e4: T\u00e4ydellinen viihdepl\u00e4j\u00e4ys \u2013 ohjaaja tosin pohti Tom Hanksin sopivuutta rooliin<\/a><\/p>\n<p>Lue my\u00f6s: <a href=\"https:\/\/www.episodi.fi\/uutiset\/nyt-hbo-maxissa-paras-stephen-king-leffa-nappasi-nelja-oscar-ehdokkuutta-2\/\" title=\"Nyt HBO Maxissa: Paras Stephen King -leffa? Nappasi nelj\u00e4 Oscar-ehdokkuutta\" class=\"underline-custom !font-montserrat !font-bold !underline-offset-4 !decoration-4 !decoration-episodi-blue !text-md\" rel=\"nofollow noopener\" target=\"_blank\">Nyt HBO Maxissa: Paras Stephen King -leffa? Nappasi nelj\u00e4 Oscar-ehdokkuutta<\/a><\/p>\n<p><img loading=\"lazy\" decoding=\"async\" alt=\"YouTube video\" width=\"480\" height=\"360\" data-pin-nopin=\"true\" nopin=\"nopin\" class=\"perfmatters-lazy\" src=\"https:\/\/www.europesays.com\/fi\/wp-content\/uploads\/2025\/08\/1756010768_759_hqdefault.jpg\"\/><\/p>\n<p>L\u00e4hde: <a href=\"https:\/\/www.imdb.com\/title\/tt0128853\/trivia\/?ref_=tt_ql_pop_4\" target=\"_blank\" rel=\"noreferrer noopener nofollow\">IMDb<\/a><\/p>\n<p>Lue my\u00f6s: <a href=\"https:\/\/www.episodi.fi\/uutiskirje\/?uutiskirjemainos=tekstilinkkimainos\" title=\"Tilaa Episodin uutiskirje ja voit voittaa leffalippuja! Nappaa tv-vinkit suoraan s\u00e4hk\u00f6postiin t\u00e4st\u00e4.\" class=\"underline-custom !font-montserrat !font-bold !underline-offset-4 !decoration-4 !decoration-episodi-blue !text-md\" rel=\"nofollow noopener\" target=\"_blank\">Tilaa Episodin uutiskirje ja voit voittaa leffalippuja! Nappaa katseluvinkit suoraan s\u00e4hk\u00f6postiin t\u00e4st\u00e4.<\/a><\/p>\n","protected":false},"excerpt":{"rendered":"Illan tv-tarjonnassa hemmotellaan romanttisen komedian yst\u00e4vi\u00e4, kun esitysvuorossa on elokuva Sinulle on postia (1998). Elokuvan ilmestymisen aikaan s\u00e4hk\u00f6posti&hellip;\n","protected":false},"author":2,"featured_media":127434,"comment_status":"","ping_status":"","sticky":false,"template":"","format":"standard","meta":{"footnotes":""},"categories":[130],"tags":[137,33,31,30,32,139,109],"class_list":{"0":"post-127433","1":"post","2":"type-post","3":"status-publish","4":"format-standard","5":"has-post-thumbnail","7":"category-viihde","8":"tag-entertainment","9":"tag-fi","10":"tag-finland","11":"tag-finnish","12":"tag-suomi","13":"tag-tv-ohjelmat","14":"tag-viihde"},"share_on_mastodon":{"url":"https:\/\/pubeurope.com\/@fi\/115794067189957537","error":""},"_links":{"self":[{"href":"https:\/\/www.europesays.com\/fi\/wp-json\/wp\/v2\/posts\/127433","targetHints":{"allow":["GET"]}}],"collection":[{"href":"https:\/\/www.europesays.com\/fi\/wp-json\/wp\/v2\/posts"}],"about":[{"href":"https:\/\/www.europesays.com\/fi\/wp-json\/wp\/v2\/types\/post"}],"author":[{"embeddable":true,"href":"https:\/\/www.europesays.com\/fi\/wp-json\/wp\/v2\/users\/2"}],"replies":[{"embeddable":true,"href":"https:\/\/www.europesays.com\/fi\/wp-json\/wp\/v2\/comments?post=127433"}],"version-history":[{"count":0,"href":"https:\/\/www.europesays.com\/fi\/wp-json\/wp\/v2\/posts\/127433\/revisions"}],"wp:featuredmedia":[{"embeddable":true,"href":"https:\/\/www.europesays.com\/fi\/wp-json\/wp\/v2\/media\/127434"}],"wp:attachment":[{"href":"https:\/\/www.europesays.com\/fi\/wp-json\/wp\/v2\/media?parent=127433"}],"wp:term":[{"taxonomy":"category","embeddable":true,"href":"https:\/\/www.europesays.com\/fi\/wp-json\/wp\/v2\/categories?post=127433"},{"taxonomy":"post_tag","embeddable":true,"href":"https:\/\/www.europesays.com\/fi\/wp-json\/wp\/v2\/tags?post=127433"}],"curies":[{"name":"wp","href":"https:\/\/api.w.org\/{rel}","templated":true}]}}