{"id":127439,"date":"2025-12-27T23:18:15","date_gmt":"2025-12-27T23:18:15","guid":{"rendered":"https:\/\/www.europesays.com\/fi\/127439\/"},"modified":"2025-12-27T23:18:15","modified_gmt":"2025-12-27T23:18:15","slug":"onnibus-ajautui-tielta-siikajoella-ilta-sanomat","status":"publish","type":"post","link":"https:\/\/www.europesays.com\/fi\/127439\/","title":{"rendered":"Onnibus ajautui tielt\u00e4 Siikajoella &#8211; Ilta-Sanomat"},"content":{"rendered":"<p>Bussin kyydiss\u00e4 oli l\u00e4hes 40 matkustajaa.<\/p>\n<p>27.12. 19:11 | P\u00e4ivitetty 27.12. 21:20<\/p>\n<p class=\"article-body mb-nof-24 px-nof-16\">Onnibus-yhti\u00f6n linja-auto ajautui kesken matkan pientareelle lauantai-iltana Pohjois-Pohjanmaan Siikajoella.<\/p>\n<p class=\"article-body mb-nof-24 px-nof-16\">\u2013 Bussi ajautunut kovan tuulenpuuskan seurauksena tienpientareelle ja osittain kaiteen p\u00e4\u00e4lle. Auto rattaillaan, Pohjois-Pohjanmaan pelastuslaitos tiedotti kello 20.30 aikaan.<\/p>\n<p class=\"article-body mb-nof-24 px-nof-16\">Bussissa oli kuljettajan lis\u00e4ksi 38 matkustajaa. Kenellek\u00e4\u00e4n ei aiheutunut vammoja.<\/p>\n<p class=\"article-body mb-nof-24 px-nof-16\">Paikalle p\u00e4\u00e4sty\u00e4\u00e4n pelastajat tukivat bussin, jottei se kaatunut kovassa tuulessa.<\/p>\n<p><img decoding=\"async\" src=\"https:\/\/www.europesays.com\/fi\/wp-content\/uploads\/2025\/12\/1766877494_768_468.jpg\" alt=\"Ojaan ajautunut Onnibus oli matkalla Ouluun.\" class=\"_Img_1rerz_1\" style=\"aspect-ratio:1.5\" loading=\"eager\"\/><\/p>\n<p class=\"article-picture-caption\">Ojaan ajautunut Onnibus oli matkalla Ouluun. Kuva:\u00a0VILLE HONKONEN<\/p>\n<p><img decoding=\"async\" src=\"https:\/\/www.europesays.com\/fi\/wp-content\/uploads\/2025\/12\/1766877494_173_468.jpg\" alt=\"\" class=\"_Img_1rerz_1\" style=\"aspect-ratio:1.3333333333333333\" loading=\"eager\"\/><\/p>\n<p class=\"article-body mb-nof-24 px-nof-16\">Pelastuslaitos sai paikalle h\u00e4lytyksen suuresta tieliikenneonnettomuudesta kello 19 aikaan. Paikalle h\u00e4lytettiin yhteens\u00e4 14 pelastuslaitoksen ajoneuvoa.<\/p>\n<p class=\"article-body mb-nof-24 px-nof-16\">Matkustajat evakuoitiin l\u00e4heiselle huoltoasemalle l\u00e4mpim\u00e4\u00e4n odottamaan korvaavaa kyyti\u00e4 perille.<\/p>\n<p class=\"article-body mb-nof-24 px-nof-16\">Linja-auton nostaminen alkaa noin kello 21.30. Ennen t\u00f6iden p\u00e4\u00e4ttymist\u00e4 siit\u00e4 aiheutuu haittaa Oulun suuntaan kulkevalle liikenteelle, sill\u00e4 yksi 8-tien kaista on pois k\u00e4yt\u00f6st\u00e4.<\/p>\n<p class=\"article-body mb-nof-24 px-nof-16\">Onnettomuuspaikalta ohi ajaneen Ilta-Sanomien lukijan mukaan tarkempi paikka on Siikajokeen kuuluva Ruukin Revonlahti.<\/p>\n<p class=\"article-body mb-nof-24 px-nof-16\">\u2013 Se bussi oli siin\u00e4 pys\u00e4kill\u00e4 ojan puolella, mutta pystyss\u00e4, h\u00e4n kuvailee.<\/p>\n<p><img decoding=\"async\" src=\"https:\/\/www.europesays.com\/fi\/wp-content\/uploads\/2025\/12\/1766877495_392_468.jpg\" alt=\"Linja-auto oli kallistunut l\u00e4hes 45 asteen kulmaan.\" class=\"_Img_1rerz_1\" style=\"aspect-ratio:0.75\" loading=\"eager\"\/><\/p>\n<p class=\"article-picture-caption\">Linja-auto oli kallistunut l\u00e4hes 45 asteen kulmaan. Kuva:\u00a0Lukijan kuva<\/p>\n<p class=\"article-body mb-nof-24 px-nof-16\">Heid\u00e4n ajaessa ohi paikalle oli pys\u00e4htynyt jo useampi ohikulkija katsomaan, onko kaikki kunnossa.<\/p>\n<p class=\"article-body mb-nof-24 px-nof-16\">\u2013 N\u00e4ki, ett\u00e4 bussissa ihmiset istuivat paikallaan. Tilanne n\u00e4ytti niin sanotusti normaalilta, ettei siell\u00e4 ollut mit\u00e4\u00e4n h\u00e4t\u00e4\u00e4, h\u00e4n kuvailee n\u00e4kem\u00e4\u00e4ns\u00e4.<\/p>\n<p class=\"article-body mb-nof-24 px-nof-16\">Ajokeli on Pohjois-Pohjanmaallakin kamala, h\u00e4n sanoo.<\/p>\n<p class=\"article-body mb-nof-24 px-nof-16\">\u2013 T\u00e4\u00e4ll\u00e4 on ihan kauhea tuuli.<\/p>\n<p class=\"article-body nof-ui-body-medium mb-nof-24 px-nof-16\">Juttua p\u00e4ivitetty 27.12. klo 21.15: Lis\u00e4tty pelastuslaitoksen uudet tiedot.<\/p>\n","protected":false},"excerpt":{"rendered":"Bussin kyydiss\u00e4 oli l\u00e4hes 40 matkustajaa. 27.12. 19:11 | P\u00e4ivitetty 27.12. 21:20 Onnibus-yhti\u00f6n linja-auto ajautui kesken matkan pientareelle&hellip;\n","protected":false},"author":2,"featured_media":127440,"comment_status":"","ping_status":"","sticky":false,"template":"","format":"standard","meta":{"footnotes":""},"categories":[5],"tags":[22,23,26,27,33,31,30,17,34,24,25,28,29,15,18,21,32,19,20,16],"class_list":{"0":"post-127439","1":"post","2":"type-post","3":"status-publish","4":"format-standard","5":"has-post-thumbnail","7":"category-otsikot","8":"tag-breaking-news","9":"tag-breakingnews","10":"tag-featured-news","11":"tag-featurednews","12":"tag-fi","13":"tag-finland","14":"tag-finnish","15":"tag-headlines","16":"tag-ilta-sanomat","17":"tag-latest-news","18":"tag-latestnews","19":"tag-main-news","20":"tag-mainnews","21":"tag-news","22":"tag-otsikot","23":"tag-paauutiset","24":"tag-suomi","25":"tag-top-stories","26":"tag-topstories","27":"tag-uutiset"},"share_on_mastodon":{"url":"https:\/\/pubeurope.com\/@fi\/115794090797418919","error":""},"_links":{"self":[{"href":"https:\/\/www.europesays.com\/fi\/wp-json\/wp\/v2\/posts\/127439","targetHints":{"allow":["GET"]}}],"collection":[{"href":"https:\/\/www.europesays.com\/fi\/wp-json\/wp\/v2\/posts"}],"about":[{"href":"https:\/\/www.europesays.com\/fi\/wp-json\/wp\/v2\/types\/post"}],"author":[{"embeddable":true,"href":"https:\/\/www.europesays.com\/fi\/wp-json\/wp\/v2\/users\/2"}],"replies":[{"embeddable":true,"href":"https:\/\/www.europesays.com\/fi\/wp-json\/wp\/v2\/comments?post=127439"}],"version-history":[{"count":0,"href":"https:\/\/www.europesays.com\/fi\/wp-json\/wp\/v2\/posts\/127439\/revisions"}],"wp:featuredmedia":[{"embeddable":true,"href":"https:\/\/www.europesays.com\/fi\/wp-json\/wp\/v2\/media\/127440"}],"wp:attachment":[{"href":"https:\/\/www.europesays.com\/fi\/wp-json\/wp\/v2\/media?parent=127439"}],"wp:term":[{"taxonomy":"category","embeddable":true,"href":"https:\/\/www.europesays.com\/fi\/wp-json\/wp\/v2\/categories?post=127439"},{"taxonomy":"post_tag","embeddable":true,"href":"https:\/\/www.europesays.com\/fi\/wp-json\/wp\/v2\/tags?post=127439"}],"curies":[{"name":"wp","href":"https:\/\/api.w.org\/{rel}","templated":true}]}}