{"id":127450,"date":"2025-12-28T00:03:07","date_gmt":"2025-12-28T00:03:07","guid":{"rendered":"https:\/\/www.europesays.com\/fi\/127450\/"},"modified":"2025-12-28T00:03:07","modified_gmt":"2025-12-28T00:03:07","slug":"tappara-jai-kouvolassa-tyhjin-kasin-kun-kotijoukkue-kuittasi-nopeasti-kavennukset-klassisia-maalin-jalkeisia-vaihtoja","status":"publish","type":"post","link":"https:\/\/www.europesays.com\/fi\/127450\/","title":{"rendered":"Tappara j\u00e4i Kouvolassa tyhjin k\u00e4sin, kun kotijoukkue kuittasi nopeasti kavennukset: \u201dKlassisia maalin j\u00e4lkeisi\u00e4 vaihtoja\u201d"},"content":{"rendered":"<p>Aapeli R\u00e4s\u00e4sen johtama ketju meni uusiksi, kun Benjamin Rautiainen ei pelannut Kouvolassa.<\/p>\n<p>27.12. 20:47<\/p>\n<p class=\"article-body mb-nof-24 px-nof-16\">Aamulehti<\/p>\n<p class=\"article-body mb-nof-24 px-nof-16\">Vuoden viimeinen ei tuonut lis\u00e4yst\u00e4 Tapparan pistesarakkeeseen miesten j\u00e4\u00e4kiekkoliigassa. KooKoo oli vahvempi maalein 6\u20133 Kouvolassa pelatussa kamppailussa.<\/p>\n<p class=\"article-body mb-nof-24 px-nof-16\">KooKoo p\u00e4\u00e4si 2\u20130-johtoon ennen kuin Tappara onnistui ensimm\u00e4isen kerran maalinteossa. Kotijoukkue oli etenkin ensimm\u00e4isess\u00e4 er\u00e4ss\u00e4 potkun edell\u00e4 vieraitaan.<\/p>\n","protected":false},"excerpt":{"rendered":"Aapeli R\u00e4s\u00e4sen johtama ketju meni uusiksi, kun Benjamin Rautiainen ei pelannut Kouvolassa. 27.12. 20:47 Aamulehti Vuoden viimeinen ei&hellip;\n","protected":false},"author":2,"featured_media":127451,"comment_status":"","ping_status":"","sticky":false,"template":"","format":"standard","meta":{"footnotes":""},"categories":[158],"tags":[157,33,31,30,159,32,160],"class_list":{"0":"post-127450","1":"post","2":"type-post","3":"status-publish","4":"format-standard","5":"has-post-thumbnail","7":"category-urheilu","8":"tag-aamulehti","9":"tag-fi","10":"tag-finland","11":"tag-finnish","12":"tag-sports","13":"tag-suomi","14":"tag-urheilu"},"share_on_mastodon":{"url":"https:\/\/pubeurope.com\/@fi\/115794267540928787","error":""},"_links":{"self":[{"href":"https:\/\/www.europesays.com\/fi\/wp-json\/wp\/v2\/posts\/127450","targetHints":{"allow":["GET"]}}],"collection":[{"href":"https:\/\/www.europesays.com\/fi\/wp-json\/wp\/v2\/posts"}],"about":[{"href":"https:\/\/www.europesays.com\/fi\/wp-json\/wp\/v2\/types\/post"}],"author":[{"embeddable":true,"href":"https:\/\/www.europesays.com\/fi\/wp-json\/wp\/v2\/users\/2"}],"replies":[{"embeddable":true,"href":"https:\/\/www.europesays.com\/fi\/wp-json\/wp\/v2\/comments?post=127450"}],"version-history":[{"count":0,"href":"https:\/\/www.europesays.com\/fi\/wp-json\/wp\/v2\/posts\/127450\/revisions"}],"wp:featuredmedia":[{"embeddable":true,"href":"https:\/\/www.europesays.com\/fi\/wp-json\/wp\/v2\/media\/127451"}],"wp:attachment":[{"href":"https:\/\/www.europesays.com\/fi\/wp-json\/wp\/v2\/media?parent=127450"}],"wp:term":[{"taxonomy":"category","embeddable":true,"href":"https:\/\/www.europesays.com\/fi\/wp-json\/wp\/v2\/categories?post=127450"},{"taxonomy":"post_tag","embeddable":true,"href":"https:\/\/www.europesays.com\/fi\/wp-json\/wp\/v2\/tags?post=127450"}],"curies":[{"name":"wp","href":"https:\/\/api.w.org\/{rel}","templated":true}]}}