{"id":127455,"date":"2025-12-28T00:09:07","date_gmt":"2025-12-28T00:09:07","guid":{"rendered":"https:\/\/www.europesays.com\/fi\/127455\/"},"modified":"2025-12-28T00:09:07","modified_gmt":"2025-12-28T00:09:07","slug":"tuulenpuuska-suisti-linja-auton-tielta-kasitiella-siikajoella-ei-henkilovahinkoja","status":"publish","type":"post","link":"https:\/\/www.europesays.com\/fi\/127455\/","title":{"rendered":"Tuulenpuuska suisti linja-auton tielt\u00e4 Kasitiell\u00e4 Siikajoella \u2013 ei henkil\u00f6vahinkoja"},"content":{"rendered":"<p class=\"article__paragraph\">\n      Kaksikerroksinen linja-auto suistui tielt\u00e4 Siikajoella tiell\u00e4 8. Onnettomuus sattui Revonlahden ja Lahtirannan v\u00e4lill\u00e4 kello 19 j\u00e4lkeen lauantaina.\n    <\/p>\n<p class=\"article__paragraph\">\n      Linja-auto ajautui osittain kaiteen p\u00e4\u00e4lle, kertoo Pohjois-Pohjanmaan pelastuslaitoksen p\u00e4ivyst\u00e4v\u00e4 palomestari Antti-Juhani Ervasti.\n    <\/p>\n<p class=\"article__paragraph\">\n      Onnibus-yhti\u00f6n linja-autossa oli 38 matkustajaa ja kuljettaja. Onnettomuus ei aiheuttanut henkil\u00f6vahinkoja.\n    <\/p>\n<p class=\"article__paragraph\">\n      Pelastuslaitos evakuoi matkustajat l\u00e4hell\u00e4 olleelle huoltoasemalle.\n    <\/p>\n<p class=\"article__paragraph\">\n      Pohjoiseen suuntaan menev\u00e4 ajokaista on suljettu liikenteelt\u00e4. Pelastuslaitos tiedotti kello 21 pelastust\u00f6iden tulleen p\u00e4\u00e4t\u00f6kseen, mutta nostoty\u00f6t jatkuvat.\n    <\/p>\n<p class=\"article__paragraph\">\n      Bussi ajautui kaiteeseen keula edell\u00e4 ja j\u00e4i osittain vinoon. Ajoneuvon nostoty\u00f6t alkavat pelastuslaitoksen arvion mukaan noin 21.30 aikaan. Pohjoiseen kulkevaa liikennett\u00e4 ohjataan nostot\u00f6iden ajan.\n    <\/p>\n<p class=\"article__paragraph\">\n      Onnettomuuteen joutunut linja-auto oli matkalla Helsingist\u00e4 Vaasan kautta Ouluun. Matkustajille j\u00e4rjestet\u00e4\u00e4n korvaava kuljetus Ouluun.\n    <\/p>\n<p class=\"article__paragraph\">\n      Pohjois-Pohjanmaan pelastuslaitos sai kello 19 j\u00e4lkeen h\u00e4lytyksen suuresta liikenneonnettomuudesta Siikajoella.\n    <\/p>\n<p class=\"article__paragraph\">\n      P\u00e4ivitetty 27.12. klo 20.18. T\u00e4ydennetty kauttaaltaan.\n    <\/p>\n","protected":false},"excerpt":{"rendered":"Kaksikerroksinen linja-auto suistui tielt\u00e4 Siikajoella tiell\u00e4 8. Onnettomuus sattui Revonlahden ja Lahtirannan v\u00e4lill\u00e4 kello 19 j\u00e4lkeen lauantaina. Linja-auto&hellip;\n","protected":false},"author":2,"featured_media":126302,"comment_status":"","ping_status":"","sticky":false,"template":"","format":"standard","meta":{"footnotes":""},"categories":[12],"tags":[22,23,26,27,33,31,30,17,24,25,28,29,15,18,21,32,19,20,16],"class_list":{"0":"post-127455","1":"post","2":"type-post","3":"status-publish","4":"format-standard","5":"has-post-thumbnail","7":"category-suomi","8":"tag-breaking-news","9":"tag-breakingnews","10":"tag-featured-news","11":"tag-featurednews","12":"tag-fi","13":"tag-finland","14":"tag-finnish","15":"tag-headlines","16":"tag-latest-news","17":"tag-latestnews","18":"tag-main-news","19":"tag-mainnews","20":"tag-news","21":"tag-otsikot","22":"tag-paauutiset","23":"tag-suomi","24":"tag-top-stories","25":"tag-topstories","26":"tag-uutiset"},"share_on_mastodon":{"url":"https:\/\/pubeurope.com\/@fi\/115794291201708814","error":""},"_links":{"self":[{"href":"https:\/\/www.europesays.com\/fi\/wp-json\/wp\/v2\/posts\/127455","targetHints":{"allow":["GET"]}}],"collection":[{"href":"https:\/\/www.europesays.com\/fi\/wp-json\/wp\/v2\/posts"}],"about":[{"href":"https:\/\/www.europesays.com\/fi\/wp-json\/wp\/v2\/types\/post"}],"author":[{"embeddable":true,"href":"https:\/\/www.europesays.com\/fi\/wp-json\/wp\/v2\/users\/2"}],"replies":[{"embeddable":true,"href":"https:\/\/www.europesays.com\/fi\/wp-json\/wp\/v2\/comments?post=127455"}],"version-history":[{"count":0,"href":"https:\/\/www.europesays.com\/fi\/wp-json\/wp\/v2\/posts\/127455\/revisions"}],"wp:featuredmedia":[{"embeddable":true,"href":"https:\/\/www.europesays.com\/fi\/wp-json\/wp\/v2\/media\/126302"}],"wp:attachment":[{"href":"https:\/\/www.europesays.com\/fi\/wp-json\/wp\/v2\/media?parent=127455"}],"wp:term":[{"taxonomy":"category","embeddable":true,"href":"https:\/\/www.europesays.com\/fi\/wp-json\/wp\/v2\/categories?post=127455"},{"taxonomy":"post_tag","embeddable":true,"href":"https:\/\/www.europesays.com\/fi\/wp-json\/wp\/v2\/tags?post=127455"}],"curies":[{"name":"wp","href":"https:\/\/api.w.org\/{rel}","templated":true}]}}