{"id":127456,"date":"2025-12-28T00:10:15","date_gmt":"2025-12-28T00:10:15","guid":{"rendered":"https:\/\/www.europesays.com\/fi\/127456\/"},"modified":"2025-12-28T00:10:15","modified_gmt":"2025-12-28T00:10:15","slug":"olli-rahnasto-teki-suomalaista-tennishistoriaa-jo-16-vuotiaana","status":"publish","type":"post","link":"https:\/\/www.europesays.com\/fi\/127456\/","title":{"rendered":"Olli Rahnasto teki suomalaista tennishistoriaa jo 16-vuotiaana"},"content":{"rendered":"<p>60-vuotias|Olli Rahnastolla oli pikaluistelun maailmanenn\u00e4tys, mutta huipulle h\u00e4n nousi tenniksess\u00e4 \u2013 ja jo teinin\u00e4.<\/p>\n<p>27.12. 18:30<\/p>\n<p class=\"article-body mb-nof-24 px-nof-16\">Huippupelaajien valmentaminen olisi hyvin voinut olla <a class=\"article-personlink\" href=\"https:\/\/www.hs.fi\/haku\/?query=Olli%20Rahnaston\" rel=\"nofollow noopener\" target=\"_blank\">Olli Rahnaston <\/a>seuraava askel, mutta oman peliuran j\u00e4lkeen se ei innostanut.<\/p>\n<p class=\"article-body mb-nof-24 px-nof-16\">\u201dKun lopetin, minulla oli puolitoistavuotias lapsi. En halunnut en\u00e4\u00e4 kiert\u00e4\u00e4 200 p\u00e4iv\u00e4\u00e4 vuodessa ATP-turnauksissa\u201d, h\u00e4n kertoo. Samat 200 p\u00e4iv\u00e4\u00e4 kun reissaa maailmalla paitsi pelaaja my\u00f6s valmentaja.<\/p>\n","protected":false},"excerpt":{"rendered":"60-vuotias|Olli Rahnastolla oli pikaluistelun maailmanenn\u00e4tys, mutta huipulle h\u00e4n nousi tenniksess\u00e4 \u2013 ja jo teinin\u00e4. 27.12. 18:30 Huippupelaajien valmentaminen&hellip;\n","protected":false},"author":2,"featured_media":127457,"comment_status":"","ping_status":"","sticky":false,"template":"","format":"standard","meta":{"footnotes":""},"categories":[5],"tags":[22,23,26,27,33,31,30,17,46,24,25,28,29,15,18,21,32,19,20,16],"class_list":{"0":"post-127456","1":"post","2":"type-post","3":"status-publish","4":"format-standard","5":"has-post-thumbnail","7":"category-otsikot","8":"tag-breaking-news","9":"tag-breakingnews","10":"tag-featured-news","11":"tag-featurednews","12":"tag-fi","13":"tag-finland","14":"tag-finnish","15":"tag-headlines","16":"tag-helsingin-sanomat","17":"tag-latest-news","18":"tag-latestnews","19":"tag-main-news","20":"tag-mainnews","21":"tag-news","22":"tag-otsikot","23":"tag-paauutiset","24":"tag-suomi","25":"tag-top-stories","26":"tag-topstories","27":"tag-uutiset"},"share_on_mastodon":{"url":"https:\/\/pubeurope.com\/@fi\/115794295018757098","error":""},"_links":{"self":[{"href":"https:\/\/www.europesays.com\/fi\/wp-json\/wp\/v2\/posts\/127456","targetHints":{"allow":["GET"]}}],"collection":[{"href":"https:\/\/www.europesays.com\/fi\/wp-json\/wp\/v2\/posts"}],"about":[{"href":"https:\/\/www.europesays.com\/fi\/wp-json\/wp\/v2\/types\/post"}],"author":[{"embeddable":true,"href":"https:\/\/www.europesays.com\/fi\/wp-json\/wp\/v2\/users\/2"}],"replies":[{"embeddable":true,"href":"https:\/\/www.europesays.com\/fi\/wp-json\/wp\/v2\/comments?post=127456"}],"version-history":[{"count":0,"href":"https:\/\/www.europesays.com\/fi\/wp-json\/wp\/v2\/posts\/127456\/revisions"}],"wp:featuredmedia":[{"embeddable":true,"href":"https:\/\/www.europesays.com\/fi\/wp-json\/wp\/v2\/media\/127457"}],"wp:attachment":[{"href":"https:\/\/www.europesays.com\/fi\/wp-json\/wp\/v2\/media?parent=127456"}],"wp:term":[{"taxonomy":"category","embeddable":true,"href":"https:\/\/www.europesays.com\/fi\/wp-json\/wp\/v2\/categories?post=127456"},{"taxonomy":"post_tag","embeddable":true,"href":"https:\/\/www.europesays.com\/fi\/wp-json\/wp\/v2\/tags?post=127456"}],"curies":[{"name":"wp","href":"https:\/\/api.w.org\/{rel}","templated":true}]}}