{"id":127458,"date":"2025-12-28T00:29:08","date_gmt":"2025-12-28T00:29:08","guid":{"rendered":"https:\/\/www.europesays.com\/fi\/127458\/"},"modified":"2025-12-28T00:29:08","modified_gmt":"2025-12-28T00:29:08","slug":"nuorten-mm-kisoista-ulos-jaanyt-soini-iski-sport-upposi-urheilu","status":"publish","type":"post","link":"https:\/\/www.europesays.com\/fi\/127458\/","title":{"rendered":"Nuorten MM-kisoista ulos j\u00e4\u00e4nyt Soini iski, Sport upposi | Urheilu"},"content":{"rendered":"<p>Ilves haki toistamiseen t\u00e4ll\u00e4 kaudella kolme pistett\u00e4 Vaasasta. Edellisell\u00e4 kerralla lokakuussa Ilveksen maalivahti Dominik Pavlat piti Kuparisaaressa maalinsa puhtaana.<\/p>\n<p>T\u00e4ll\u00e4 kertaa Ilvekselle voiton torjui sittemmin joukkueeseen pestattu liettualainen Mantas Armalis, joka oli sairastellut tovin, mutta palasi lauantaina ty\u00f6paikalleen. H\u00e4n torjui 25 kertaa ja yritti lopussa tehd\u00e4 my\u00f6s maalin, mutta kiekko lipui pari metri\u00e4 Sportin maalin ohi. Loppulukemat kirjattiin vieraille 4\u20131.<\/p>\n<p>\u2013\u2009Hieno suoritus h\u00e4nelt\u00e4 t\u00e4n\u00e4\u00e4n. H\u00e4n oli tuossa pitk\u00e4n p\u00e4tk\u00e4n kipe\u00e4n\u00e4, joten oli iso asia, ett\u00e4 saimme h\u00e4net mukaan taas, Ilveksen p\u00e4\u00e4valmentaja Tommi Niemel\u00e4 sanoi.<\/p>\n<p>Ilveksen voittomaali syntyi toisessa er\u00e4ss\u00e4, kun eilen alkaneiden nuorten MM-kisojen kokoonpanosta ulos j\u00e4\u00e4nyt 19-vuotias puolustaja Sebastian Soini tulitti kauden ensimm\u00e4isen osumansa. H\u00e4nen tshekkil\u00e4inen puolustajaparinsa Radek Kucerik kirjautti tehot 1+1.<\/p>\n<p>Voitto oli tamperelaisryhm\u00e4lle jo kahdeksas per\u00e4kk\u00e4inen j\u00e4\u00e4kiekkoliigassa. Ilves ei ole h\u00e4vinnyt joulukuun aikana viel\u00e4 otteluakaan, ja t\u00e4ydellinen kuukausi on mahdollista viimeistell\u00e4 tiistaina, kun K\u00e4rp\u00e4t saapuu vieraaksi Tampereelle.<\/p>\n<p>Ilveksen puolustaja Jarkko Parikka pelasi lauantaina uransa 500. j\u00e4\u00e4kiekkoliigan ottelun. H\u00e4n urakoi tamperelaisten takalinjoilla reilut 21 minuuttia, mutta ei p\u00e4\u00e4ssyt tehopisteille.<\/p>\n","protected":false},"excerpt":{"rendered":"Ilves haki toistamiseen t\u00e4ll\u00e4 kaudella kolme pistett\u00e4 Vaasasta. Edellisell\u00e4 kerralla lokakuussa Ilveksen maalivahti Dominik Pavlat piti Kuparisaaressa maalinsa&hellip;\n","protected":false},"author":2,"featured_media":127459,"comment_status":"","ping_status":"","sticky":false,"template":"","format":"standard","meta":{"footnotes":""},"categories":[158],"tags":[1144,33,31,30,1143,41,159,32,1145,551,3731,712,160],"class_list":{"0":"post-127458","1":"post","2":"type-post","3":"status-publish","4":"format-standard","5":"has-post-thumbnail","7":"category-urheilu","8":"tag-ammattilaisjaakiekko","9":"tag-fi","10":"tag-finland","11":"tag-finnish","12":"tag-jaakiekko","13":"tag-liikunta-ja-urheilu","14":"tag-sports","15":"tag-suomi","16":"tag-talviurheilu","17":"tag-tampere","18":"tag-tampereen-ilves","19":"tag-tampereen-seutukunta","20":"tag-urheilu"},"share_on_mastodon":{"url":"https:\/\/pubeurope.com\/@fi\/115794369780040149","error":""},"_links":{"self":[{"href":"https:\/\/www.europesays.com\/fi\/wp-json\/wp\/v2\/posts\/127458","targetHints":{"allow":["GET"]}}],"collection":[{"href":"https:\/\/www.europesays.com\/fi\/wp-json\/wp\/v2\/posts"}],"about":[{"href":"https:\/\/www.europesays.com\/fi\/wp-json\/wp\/v2\/types\/post"}],"author":[{"embeddable":true,"href":"https:\/\/www.europesays.com\/fi\/wp-json\/wp\/v2\/users\/2"}],"replies":[{"embeddable":true,"href":"https:\/\/www.europesays.com\/fi\/wp-json\/wp\/v2\/comments?post=127458"}],"version-history":[{"count":0,"href":"https:\/\/www.europesays.com\/fi\/wp-json\/wp\/v2\/posts\/127458\/revisions"}],"wp:featuredmedia":[{"embeddable":true,"href":"https:\/\/www.europesays.com\/fi\/wp-json\/wp\/v2\/media\/127459"}],"wp:attachment":[{"href":"https:\/\/www.europesays.com\/fi\/wp-json\/wp\/v2\/media?parent=127458"}],"wp:term":[{"taxonomy":"category","embeddable":true,"href":"https:\/\/www.europesays.com\/fi\/wp-json\/wp\/v2\/categories?post=127458"},{"taxonomy":"post_tag","embeddable":true,"href":"https:\/\/www.europesays.com\/fi\/wp-json\/wp\/v2\/tags?post=127458"}],"curies":[{"name":"wp","href":"https:\/\/api.w.org\/{rel}","templated":true}]}}